{"id":51404,"date":"2021-10-18T23:24:55","date_gmt":"2021-10-18T19:24:55","guid":{"rendered":"https:\/\/fedai.az\/?p=51404"},"modified":"2021-10-18T23:25:00","modified_gmt":"2021-10-18T19:25:00","slug":"%c9%99rdogan-az%c9%99rbaycani-t%c9%99brik-etdi","status":"publish","type":"post","link":"https:\/\/fedai.az\/?p=51404","title":{"rendered":"\u018frdo\u011fan Az\u0259rbaycan\u0131 t\u0259brik etdi"},"content":{"rendered":"\n<p><strong>T\u00fcrkiy\u0259 Prezidenti R\u0259c\u0259b Tayyib \u018frdo\u011fan Az\u0259rbaycan\u0131 18 Oktyabr M\u00fcst\u0259qilliyin B\u0259rpas\u0131n\u0131n 30-cu ild\u00f6n\u00fcm\u00fc m\u00fcnasib\u0259til\u0259 t\u0259brik edib.<\/strong><\/p>\n\n\n\n<p>D\u00f6vl\u0259t ba\u015f\u00e7\u0131s\u0131 bu bar\u0259d\u0259 \u00f6z\u00fcn\u00fcn tviter s\u0259hif\u0259sind\u0259 yaz\u0131b.<\/p>\n\n\n\n<p>&#171;Ayd\u0131nl\u0131\u011f\u0131 ayd\u0131nl\u0131\u011f\u0131m\u0131z, sevinci sevincimiz, azadl\u0131\u011f\u0131 azadl\u0131\u011f\u0131m\u0131z, k\u0259d\u0259ri k\u0259d\u0259rimiz can Az\u0259rbaycan\u0131n 18 Oktyabr M\u00fcst\u0259qilliyinin B\u0259rpas\u0131 G\u00fcn\u00fcn\u00fc s\u0259mimi q\u0259lbd\u0259n t\u0259brik edir\u0259m&#187;, &#8212; dey\u0259 T\u00fcrkiy\u0259 lideri qeyd edib.<\/p>\n\n\n\n<p>T\u00fcrkiy\u0259nin d\u00f6vl\u0259t ba\u015f\u00e7\u0131s\u0131 payla\u015f\u0131m\u0131na Az\u0259rbaycan Respublikas\u0131n\u0131n Prezidenti \u0130lham \u018fliyevl\u0259 birg\u0259 fotosunu da \u0259lav\u0259 edib.<\/p>\n","protected":false},"excerpt":{"rendered":"<p>T\u00fcrkiy\u0259 Prezidenti R\u0259c\u0259b Tayyib \u018frdo\u011fan Az\u0259rbaycan\u0131 18 Oktyabr M\u00fcst\u0259qilliyin B\u0259rpas\u0131n\u0131n 30-cu ild\u00f6n\u00fcm\u00fc m\u00fcnasib\u0259til\u0259 t\u0259brik edib. D\u00f6vl\u0259t ba\u015f\u00e7\u0131s\u0131 bu bar\u0259d\u0259 \u00f6z\u00fcn\u00fcn tviter s\u0259hif\u0259sind\u0259 yaz\u0131b. &#171;Ayd\u0131nl\u0131\u011f\u0131<\/p>\n","protected":false},"author":2,"featured_media":51406,"comment_status":"closed","ping_status":"closed","sticky":false,"template":"","format":"standard","meta":{"footnotes":""},"categories":[11],"tags":[],"class_list":["post-51404","post","type-post","status-publish","format-standard","has-post-thumbnail","hentry","category-tbrik"],"aioseo_notices":[],"_links":{"self":[{"href":"https:\/\/fedai.az\/index.php?rest_route=\/wp\/v2\/posts\/51404","targetHints":{"allow":["GET"]}}],"collection":[{"href":"https:\/\/fedai.az\/index.php?rest_route=\/wp\/v2\/posts"}],"about":[{"href":"https:\/\/fedai.az\/index.php?rest_route=\/wp\/v2\/types\/post"}],"author":[{"embeddable":true,"href":"https:\/\/fedai.az\/index.php?rest_route=\/wp\/v2\/users\/2"}],"replies":[{"embeddable":true,"href":"https:\/\/fedai.az\/index.php?rest_route=%2Fwp%2Fv2%2Fcomments&post=51404"}],"version-history":[{"count":1,"href":"https:\/\/fedai.az\/index.php?rest_route=\/wp\/v2\/posts\/51404\/revisions"}],"predecessor-version":[{"id":51407,"href":"https:\/\/fedai.az\/index.php?rest_route=\/wp\/v2\/posts\/51404\/revisions\/51407"}],"wp:featuredmedia":[{"embeddable":true,"href":"https:\/\/fedai.az\/index.php?rest_route=\/wp\/v2\/media\/51406"}],"wp:attachment":[{"href":"https:\/\/fedai.az\/index.php?rest_route=%2Fwp%2Fv2%2Fmedia&parent=51404"}],"wp:term":[{"taxonomy":"category","embeddable":true,"href":"https:\/\/fedai.az\/index.php?rest_route=%2Fwp%2Fv2%2Fcategories&post=51404"},{"taxonomy":"post_tag","embeddable":true,"href":"https:\/\/fedai.az\/index.php?rest_route=%2Fwp%2Fv2%2Ftags&post=51404"}],"curies":[{"name":"wp","href":"https:\/\/api.w.org\/{rel}","templated":true}]}}