{"id":51412,"date":"2021-10-19T00:28:28","date_gmt":"2021-10-18T20:28:28","guid":{"rendered":"https:\/\/fedai.az\/?p=51412"},"modified":"2021-10-19T00:28:31","modified_gmt":"2021-10-18T20:28:31","slug":"z%c9%99f%c9%99r-gunu-il%c9%99-bagli-az%c9%99rbaycanda-amnistiya-gozl%c9%99nilir","status":"publish","type":"post","link":"https:\/\/fedai.az\/?p=51412","title":{"rendered":"Z\u0259f\u0259r G\u00fcn\u00fc il\u0259 ba\u011fl\u0131 Az\u0259rbaycanda Amnistiya g\u00f6zl\u0259nilir"},"content":{"rendered":"\n<p><strong>\u201c8 Noyabr\u201d Z\u0259f\u0259r G\u00fcn\u00fc \u0259r\u0259f\u0259sind\u0259 Az\u0259rbaycanda n\u00f6vb\u0259ti Amnistiya akt\u0131 q\u0259bul edil\u0259c\u0259k. <\/strong><\/p>\n\n\n\n<p>Haz\u0131rda Amnistiya layih\u0259si \u00fcz\u0259rind\u0259 h\u00f6kum\u0259td\u0259 i\u015f gedir.<\/p>\n\n\n\n<p>Layih\u0259 i\u015fl\u0259nilib bitdikd\u0259n sonra Milli M\u0259clisin m\u00fcvafiq komit\u0259sin\u0259 g\u00f6nd\u0259ril\u0259c\u0259k.Xat\u0131rladaq ki, \u00f6lk\u0259d\u0259 sonuncu d\u0259f\u0259 amnistiya akt\u0131 2016-c\u0131 ild\u0259 Az\u0259rbaycan\u0131n birinci xan\u0131m\u0131, Heyd\u0259r \u018fliyev Fondunun prezidenti Mehriban \u018fliyevan\u0131n t\u0259\u015f\u0259bb\u00fcs\u00fc il\u0259 28 May \u2013 Respublika g\u00fcn\u00fc m\u00fcnasib\u0259til\u0259 verilib. H\u0259min Amnistiya akt\u0131 10 min \u015f\u0259xsi \u0259hat\u0259 edib.<\/p>\n","protected":false},"excerpt":{"rendered":"<p>\u201c8 Noyabr\u201d Z\u0259f\u0259r G\u00fcn\u00fc \u0259r\u0259f\u0259sind\u0259 Az\u0259rbaycanda n\u00f6vb\u0259ti Amnistiya akt\u0131 q\u0259bul edil\u0259c\u0259k. Haz\u0131rda Amnistiya layih\u0259si \u00fcz\u0259rind\u0259 h\u00f6kum\u0259td\u0259 i\u015f gedir. Layih\u0259 i\u015fl\u0259nilib bitdikd\u0259n sonra Milli M\u0259clisin<\/p>\n","protected":false},"author":2,"featured_media":51413,"comment_status":"closed","ping_status":"closed","sticky":false,"template":"","format":"standard","meta":{"footnotes":""},"categories":[3],"tags":[],"class_list":["post-51412","post","type-post","status-publish","format-standard","has-post-thumbnail","hentry","category-gundm"],"aioseo_notices":[],"_links":{"self":[{"href":"https:\/\/fedai.az\/index.php?rest_route=\/wp\/v2\/posts\/51412","targetHints":{"allow":["GET"]}}],"collection":[{"href":"https:\/\/fedai.az\/index.php?rest_route=\/wp\/v2\/posts"}],"about":[{"href":"https:\/\/fedai.az\/index.php?rest_route=\/wp\/v2\/types\/post"}],"author":[{"embeddable":true,"href":"https:\/\/fedai.az\/index.php?rest_route=\/wp\/v2\/users\/2"}],"replies":[{"embeddable":true,"href":"https:\/\/fedai.az\/index.php?rest_route=%2Fwp%2Fv2%2Fcomments&post=51412"}],"version-history":[{"count":1,"href":"https:\/\/fedai.az\/index.php?rest_route=\/wp\/v2\/posts\/51412\/revisions"}],"predecessor-version":[{"id":51414,"href":"https:\/\/fedai.az\/index.php?rest_route=\/wp\/v2\/posts\/51412\/revisions\/51414"}],"wp:featuredmedia":[{"embeddable":true,"href":"https:\/\/fedai.az\/index.php?rest_route=\/wp\/v2\/media\/51413"}],"wp:attachment":[{"href":"https:\/\/fedai.az\/index.php?rest_route=%2Fwp%2Fv2%2Fmedia&parent=51412"}],"wp:term":[{"taxonomy":"category","embeddable":true,"href":"https:\/\/fedai.az\/index.php?rest_route=%2Fwp%2Fv2%2Fcategories&post=51412"},{"taxonomy":"post_tag","embeddable":true,"href":"https:\/\/fedai.az\/index.php?rest_route=%2Fwp%2Fv2%2Ftags&post=51412"}],"curies":[{"name":"wp","href":"https:\/\/api.w.org\/{rel}","templated":true}]}}