{"id":51415,"date":"2021-10-19T00:34:30","date_gmt":"2021-10-18T20:34:30","guid":{"rendered":"https:\/\/fedai.az\/?p=51415"},"modified":"2021-10-19T01:29:48","modified_gmt":"2021-10-18T21:29:48","slug":"az%c9%99rbaycanin-yol-polisi-gorusda-erm%c9%99ni-surucunu-c%c9%99rim%c9%99l%c9%99di","status":"publish","type":"post","link":"https:\/\/fedai.az\/?p=51415","title":{"rendered":"Az\u0259rbaycan\u0131n yol polisi Gorusda erm\u0259ni s\u00fcr\u00fcc\u00fcn\u00fc c\u0259rim\u0259l\u0259di"},"content":{"rendered":"\n<p><strong>Erm\u0259ni medias\u0131 Gorus-Qafan magistral\u0131nda insidentin ba\u015f verdiyi bar\u0259d\u0259 x\u0259b\u0259r yay\u0131b. Bildirilir ki, Az\u0259rbaycan\u0131n yol polisi erm\u0259ni s\u00fcr\u00fcc\u00fcd\u0259n inzibati x\u0259taya \u0259saslanaraq, c\u0259rim\u0259 yaz\u0131b.<\/strong><\/p>\n\n\n\n<p>\u201cErm\u0259nistan v\u0259t\u0259nda\u015flar\u0131 c\u0259rim\u0259l\u0259ri Az\u0259rbaycan Ba\u015f D\u00f6vl\u0259t Yol Polisi \u0130dar\u0259sinin sayt\u0131nda onlayn olaraq \u00f6d\u0259y\u0259 bil\u0259rl\u0259r\u201d, x\u0259b\u0259rd\u0259 deyilir. \u018flav\u0259 olunur ki, Erm\u0259nistan v\u0259t\u0259nda\u015flar\u0131 c\u0259rim\u0259ni \u00f6d\u0259m\u0259diyi halda, avtomobili magistralda saxlan\u0131lacaq v\u0259 c\u0259rim\u0259 meydan\u00e7as\u0131na apar\u0131lacaq.<\/p>\n\n\n\n<p>Maraql\u0131d\u0131r ki, erm\u0259ni t\u0259r\u0259f s\u00fcr\u00fcc\u00fcy\u0259 c\u0259rim\u0259nin hans\u0131 qayda pozuntusuna g\u00f6r\u0259 yaz\u0131ld\u0131\u011f\u0131n\u0131 a\u00e7\u0131qlamay\u0131b. Az\u0259rbaycan\u0131n r\u0259smi qurumlar\u0131 is\u0259 h\u0259l\u0259lik bu m\u0259lumatla \u0259laq\u0259dar h\u0259r hans\u0131 a\u00e7\u0131qlama verm\u0259yib.<\/p>\n","protected":false},"excerpt":{"rendered":"<p>Erm\u0259ni medias\u0131 Gorus-Qafan magistral\u0131nda insidentin ba\u015f verdiyi bar\u0259d\u0259 x\u0259b\u0259r yay\u0131b. Bildirilir ki, Az\u0259rbaycan\u0131n yol polisi erm\u0259ni s\u00fcr\u00fcc\u00fcd\u0259n inzibati x\u0259taya \u0259saslanaraq, c\u0259rim\u0259 yaz\u0131b. \u201cErm\u0259nistan v\u0259t\u0259nda\u015flar\u0131<\/p>\n","protected":false},"author":2,"featured_media":51444,"comment_status":"closed","ping_status":"closed","sticky":false,"template":"","format":"standard","meta":{"footnotes":""},"categories":[4],"tags":[],"class_list":["post-51415","post","type-post","status-publish","format-standard","has-post-thumbnail","hentry","category-qarabag"],"aioseo_notices":[],"_links":{"self":[{"href":"https:\/\/fedai.az\/index.php?rest_route=\/wp\/v2\/posts\/51415","targetHints":{"allow":["GET"]}}],"collection":[{"href":"https:\/\/fedai.az\/index.php?rest_route=\/wp\/v2\/posts"}],"about":[{"href":"https:\/\/fedai.az\/index.php?rest_route=\/wp\/v2\/types\/post"}],"author":[{"embeddable":true,"href":"https:\/\/fedai.az\/index.php?rest_route=\/wp\/v2\/users\/2"}],"replies":[{"embeddable":true,"href":"https:\/\/fedai.az\/index.php?rest_route=%2Fwp%2Fv2%2Fcomments&post=51415"}],"version-history":[{"count":1,"href":"https:\/\/fedai.az\/index.php?rest_route=\/wp\/v2\/posts\/51415\/revisions"}],"predecessor-version":[{"id":51417,"href":"https:\/\/fedai.az\/index.php?rest_route=\/wp\/v2\/posts\/51415\/revisions\/51417"}],"wp:featuredmedia":[{"embeddable":true,"href":"https:\/\/fedai.az\/index.php?rest_route=\/wp\/v2\/media\/51444"}],"wp:attachment":[{"href":"https:\/\/fedai.az\/index.php?rest_route=%2Fwp%2Fv2%2Fmedia&parent=51415"}],"wp:term":[{"taxonomy":"category","embeddable":true,"href":"https:\/\/fedai.az\/index.php?rest_route=%2Fwp%2Fv2%2Fcategories&post=51415"},{"taxonomy":"post_tag","embeddable":true,"href":"https:\/\/fedai.az\/index.php?rest_route=%2Fwp%2Fv2%2Ftags&post=51415"}],"curies":[{"name":"wp","href":"https:\/\/api.w.org\/{rel}","templated":true}]}}