{"id":51418,"date":"2021-10-19T00:36:50","date_gmt":"2021-10-18T20:36:50","guid":{"rendered":"https:\/\/fedai.az\/?p=51418"},"modified":"2021-10-19T00:36:53","modified_gmt":"2021-10-18T20:36:53","slug":"erm%c9%99nistan-dovl%c9%99ti-yoxdur-cunki-mill%c9%99t-deyilik","status":"publish","type":"post","link":"https:\/\/fedai.az\/?p=51418","title":{"rendered":"&#171;Erm\u0259nistan d\u00f6vl\u0259ti yoxdur, \u00e7\u00fcnki mill\u0259t deyilik&#187;"},"content":{"rendered":"\n<p><strong>&#171;M\u00fcbahis\u0259 olunmaz faktd\u0131r ki, art\u0131q bizim d\u00f6vl\u0259timiz yoxdur\u201d.<\/strong><\/p>\n\n\n\n<p><br>&#171;Qafqazinfo\u201d erm\u0259ni medias\u0131na istinad\u0259n x\u0259b\u0259r verir ki, bunu Erm\u0259nistan\u0131n Respublika\u00e7\u0131lar Partiyas\u0131n\u0131n s\u0259dr m\u00fcavini Armen A\u015fotyan deyib.<\/p>\n\n\n\n<p>&#171;Erm\u0259nistan sad\u0259c\u0259 BMT-y\u0259 \u00fczv olan \u00f6lk\u0259l\u0259r siyah\u0131s\u0131nda Argentina v\u0259 Avstraliya aras\u0131nda yerl\u0259\u015f\u0259n \u0259lifba s\u0131ras\u0131nda g\u00f6st\u0259ricidir, ritual detald\u0131r, siyasi anla\u015f\u0131lmazl\u0131qd\u0131r. D\u00f6vl\u0259timiz kapitulyant\u0131n g\u00fcnah\u0131 ucbat\u0131ndan yox olmay\u0131b, s\u0259b\u0259b daha d\u0259rindir. D\u00f6vl\u0259ti mill\u0259t yarad\u0131r. Art\u0131q Erm\u0259nistan Respublikas\u0131 yoxdur, \u00e7\u00fcnki erm\u0259ni mill\u0259ti yoxdur. Bu g\u00fcn bir mill\u0259t yerin\u0259 29.000 kvadrat kilometrd\u0259 bioloji populyasiya ya\u015fay\u0131r. Populyasiyan\u0131n is\u0259 d\u00f6vl\u0259ti ola bilm\u0259z. \u018fn yax\u015f\u0131 halda areal\u0131 ola bil\u0259r. Ba\u015fqa s\u00f6zl\u0259, erm\u0259nil\u0259r art\u0131q siyasi varl\u0131q deyil, tezlikl\u0259 Q\u0131rm\u0131z\u0131 kitaba d\u00fc\u015f\u0259c\u0259k etnoqrafik alt n\u00f6vd\u00fcr\u201d, &#8212; dey\u0259 A\u015fotyan bildirib.<\/p>\n","protected":false},"excerpt":{"rendered":"<p>&#171;M\u00fcbahis\u0259 olunmaz faktd\u0131r ki, art\u0131q bizim d\u00f6vl\u0259timiz yoxdur\u201d. &#171;Qafqazinfo\u201d erm\u0259ni medias\u0131na istinad\u0259n x\u0259b\u0259r verir ki, bunu Erm\u0259nistan\u0131n Respublika\u00e7\u0131lar Partiyas\u0131n\u0131n s\u0259dr m\u00fcavini Armen A\u015fotyan deyib.<\/p>\n","protected":false},"author":2,"featured_media":51419,"comment_status":"closed","ping_status":"closed","sticky":false,"template":"","format":"standard","meta":{"footnotes":""},"categories":[15],"tags":[],"class_list":["post-51418","post","type-post","status-publish","format-standard","has-post-thumbnail","hentry","category-atmaca"],"aioseo_notices":[],"_links":{"self":[{"href":"https:\/\/fedai.az\/index.php?rest_route=\/wp\/v2\/posts\/51418","targetHints":{"allow":["GET"]}}],"collection":[{"href":"https:\/\/fedai.az\/index.php?rest_route=\/wp\/v2\/posts"}],"about":[{"href":"https:\/\/fedai.az\/index.php?rest_route=\/wp\/v2\/types\/post"}],"author":[{"embeddable":true,"href":"https:\/\/fedai.az\/index.php?rest_route=\/wp\/v2\/users\/2"}],"replies":[{"embeddable":true,"href":"https:\/\/fedai.az\/index.php?rest_route=%2Fwp%2Fv2%2Fcomments&post=51418"}],"version-history":[{"count":1,"href":"https:\/\/fedai.az\/index.php?rest_route=\/wp\/v2\/posts\/51418\/revisions"}],"predecessor-version":[{"id":51420,"href":"https:\/\/fedai.az\/index.php?rest_route=\/wp\/v2\/posts\/51418\/revisions\/51420"}],"wp:featuredmedia":[{"embeddable":true,"href":"https:\/\/fedai.az\/index.php?rest_route=\/wp\/v2\/media\/51419"}],"wp:attachment":[{"href":"https:\/\/fedai.az\/index.php?rest_route=%2Fwp%2Fv2%2Fmedia&parent=51418"}],"wp:term":[{"taxonomy":"category","embeddable":true,"href":"https:\/\/fedai.az\/index.php?rest_route=%2Fwp%2Fv2%2Fcategories&post=51418"},{"taxonomy":"post_tag","embeddable":true,"href":"https:\/\/fedai.az\/index.php?rest_route=%2Fwp%2Fv2%2Ftags&post=51418"}],"curies":[{"name":"wp","href":"https:\/\/api.w.org\/{rel}","templated":true}]}}