{"id":51452,"date":"2021-10-19T01:50:25","date_gmt":"2021-10-18T21:50:25","guid":{"rendered":"https:\/\/fedai.az\/?p=51452"},"modified":"2021-10-19T01:50:30","modified_gmt":"2021-10-18T21:50:30","slug":"erm%c9%99nil%c9%99r-bu-d%c9%99f%c9%99-putinin-agziyla-dezinformasiya-yayirlar","status":"publish","type":"post","link":"https:\/\/fedai.az\/?p=51452","title":{"rendered":"Erm\u0259nil\u0259r bu d\u0259f\u0259 Putinin a\u011fz\u0131yla dezinformasiya yay\u0131rlar"},"content":{"rendered":"\n<p><strong>Erm\u0259ni h\u0259yas\u0131zl\u0131\u011f\u0131 s\u0259rh\u0259d tan\u0131m\u0131r. Bu g\u00fcnl\u0259rd\u0259 b\u00fct\u00fcn erm\u0259ni saytlar\u0131nda yay\u0131lan bir informasiya diqq\u0259timi c\u0259lb etdi. \u018fsas\u0259n bu informasiya: &#171;\u018fslind\u0259 Putin \u018frdo\u011fanla g\u00f6r\u00fc\u015f\u00fcnd\u0259 &#171;Artsax Erm\u0259nistand\u0131r&#187; s\u00f6yl\u0259di&#187; ba\u015fl\u0131\u011f\u0131 alt\u0131nda yay\u0131nlanmaqdad\u0131r.<\/strong><\/p>\n\n\n\n<p><br>Erm\u0259ni saytlar\u0131n\u0131n yazd\u0131\u011f\u0131na g\u00f6r\u0259 guya Rusiya Prezidenti Vladimir Putin, 29 sentyabrda, So\u00e7id\u0259ki Bo\u00e7arov Ru\u00e7eyd\u0259 T\u00fcrkiy\u0259 Respublikas\u0131n\u0131n Prezidenti R\u0259c\u0259b Tayyib \u018frdo\u011fanla g\u00f6r\u00fc\u015f\u00fcnd\u0259 bel\u0259 deyib:<\/p>\n\n\n\n<p><br><strong>&#171;Az\u0259rbaycan-Erm\u0259nistan s\u0259rh\u0259dind\u0259 at\u0259\u015fk\u0259s\u0259 n\u0259zar\u0259t ed\u0259n Rusiya-T\u00fcrkiy\u0259 m\u0259rk\u0259zi f\u0259al \u015f\u0259kild\u0259 f\u0259aliyy\u0259t g\u00f6st\u0259rir&#187;.<\/strong><\/p>\n\n\n\n<p><br>Sonra russia-armenia info yaz\u0131r: &#171;Xat\u0131rladaq ki, Qaraba\u011f M\u00fcnaqi\u015f\u0259 B\u00f6lg\u0259sind\u0259ki At\u0259\u015fk\u0259s\u0259 v\u0259 B\u00fct\u00fcn H\u0259rbi \u018fm\u0259liyyatlara N\u0259zar\u0259t Rus-T\u00fcrkiy\u0259 Birg\u0259 M\u0259rk\u0259zi, &#171;i\u015f\u011fal alt\u0131nda olan Akna&#187; (A\u011fdam) b\u00f6lg\u0259sind\u0259 praktiki olaraq &#171;Artsax-Az\u0259rbaycan&#187; t\u0259mas x\u0259ttind\u0259 yerl\u0259\u015fir &#8230;<br>\u018fslind\u0259 Putin &#171;Artsax Erm\u0259nistand\u0131r&#187; deyib&#187;.<\/p>\n\n\n\n<p><strong>Bizim \u015f\u0259rh:<\/strong> Birincisi Putin h\u0259r halda Erm\u0259nistan v\u0259 Az\u0259rbaycan s\u0259rh\u0259ddinin n\u0259 oldu\u011funu bu ba\u015fdan xarab erm\u0259ni t\u0259xribat\u00e7\u0131lar\u0131ndan yax\u015f\u0131 bilir v\u0259 \u0259slind\u0259 T\u00fcrkiy\u0259nin b\u00f6lg\u0259d\u0259ki missiyas\u0131n\u0131n geni\u015fl\u0259nm\u0259sini b\u0259yan edib. T\u00fcrkiy\u0259nin missiyas\u0131, dem\u0259k t\u0259kc\u0259 Qaraba\u011fla m\u0259hdudla\u015fm\u0131r, Qaraba\u011f M\u00fcnaqi\u015f\u0259 B\u00f6lg\u0259sind\u0259ki At\u0259\u015fk\u0259s\u0259 v\u0259 B\u00fct\u00fcn H\u0259rbi \u018fm\u0259liyyatlara N\u0259zar\u0259t Rus-T\u00fcrkiy\u0259 Birg\u0259 M\u0259rk\u0259zi olaraq, h\u0259m d\u0259 s\u0259rh\u0259dl\u0259rin demelitasiyas\u0131na da n\u0259zar\u0259t ed\u0259c\u0259yini Putin \u00f6z dili il\u0259 a\u00e7\u0131qlay\u0131r. Rusiyan\u0131n ideoloqlar\u0131ndan olan Duqin bildirib ki, T\u00fcrkiy\u0259 il\u0259 Rusiya aras\u0131nda raz\u0131la\u015fd\u0131r\u0131lmam\u0131\u015f t\u0259k m\u0259s\u0259l\u0259 Kr\u0131m m\u0259s\u0259l\u0259si olub. Y\u0259ni erm\u0259ni \u00f6z \u00e7irkin dezinformasiyalar\u0131n\u0131 h\u0259r v\u0259chl\u0259 yaymaqda davam etm\u0259kd\u0259dir.<\/p>\n\n\n\n<p><br>\u0130kincisi is\u0259, Putin he\u00e7 bir &#171;Artsax&#187; s\u00f6z\u00fc i\u015fl\u0259tm\u0259yib.<\/p>\n\n\n\n<figure class=\"wp-block-embed is-type-video is-provider-youtube wp-block-embed-youtube wp-embed-aspect-16-9 wp-has-aspect-ratio\"><div class=\"wp-block-embed__wrapper\">\n<iframe loading=\"lazy\" title=\"\u0424\u0430\u043a\u0442\u0438\u0447\u0435\u0441\u043a\u0438, \u041f\u0443\u0442\u0438\u043d \u043d\u0430 \u0432\u0441\u0442\u0440\u0435\u0447\u0435 \u0441 \u042d\u0440\u0434\u043e\u0433\u0430\u043d\u043e\u043c \u0437\u0430\u044f\u0432\u0438\u043b, \u0447\u0442\u043e \u0410\u0440\u0446\u0430\u0445 \u2013 \u044d\u0442\u043e \u0410\u0440\u043c\u0435\u043d\u0438\u044f\" width=\"715\" height=\"402\" src=\"https:\/\/www.youtube.com\/embed\/zJFZvXDZ93w?feature=oembed\" frameborder=\"0\" allow=\"accelerometer; autoplay; clipboard-write; encrypted-media; gyroscope; picture-in-picture\" allowfullscreen><\/iframe>\n<\/div><\/figure>\n","protected":false},"excerpt":{"rendered":"<p>Erm\u0259ni h\u0259yas\u0131zl\u0131\u011f\u0131 s\u0259rh\u0259d tan\u0131m\u0131r. Bu g\u00fcnl\u0259rd\u0259 b\u00fct\u00fcn erm\u0259ni saytlar\u0131nda yay\u0131lan bir informasiya diqq\u0259timi c\u0259lb etdi. \u018fsas\u0259n bu informasiya: &#171;\u018fslind\u0259 Putin \u018frdo\u011fanla g\u00f6r\u00fc\u015f\u00fcnd\u0259 &#171;Artsax Erm\u0259nistand\u0131r&#187;<\/p>\n","protected":false},"author":2,"featured_media":51455,"comment_status":"closed","ping_status":"closed","sticky":false,"template":"","format":"standard","meta":{"footnotes":""},"categories":[15],"tags":[],"class_list":["post-51452","post","type-post","status-publish","format-standard","has-post-thumbnail","hentry","category-atmaca"],"aioseo_notices":[],"_links":{"self":[{"href":"https:\/\/fedai.az\/index.php?rest_route=\/wp\/v2\/posts\/51452","targetHints":{"allow":["GET"]}}],"collection":[{"href":"https:\/\/fedai.az\/index.php?rest_route=\/wp\/v2\/posts"}],"about":[{"href":"https:\/\/fedai.az\/index.php?rest_route=\/wp\/v2\/types\/post"}],"author":[{"embeddable":true,"href":"https:\/\/fedai.az\/index.php?rest_route=\/wp\/v2\/users\/2"}],"replies":[{"embeddable":true,"href":"https:\/\/fedai.az\/index.php?rest_route=%2Fwp%2Fv2%2Fcomments&post=51452"}],"version-history":[{"count":1,"href":"https:\/\/fedai.az\/index.php?rest_route=\/wp\/v2\/posts\/51452\/revisions"}],"predecessor-version":[{"id":51456,"href":"https:\/\/fedai.az\/index.php?rest_route=\/wp\/v2\/posts\/51452\/revisions\/51456"}],"wp:featuredmedia":[{"embeddable":true,"href":"https:\/\/fedai.az\/index.php?rest_route=\/wp\/v2\/media\/51455"}],"wp:attachment":[{"href":"https:\/\/fedai.az\/index.php?rest_route=%2Fwp%2Fv2%2Fmedia&parent=51452"}],"wp:term":[{"taxonomy":"category","embeddable":true,"href":"https:\/\/fedai.az\/index.php?rest_route=%2Fwp%2Fv2%2Fcategories&post=51452"},{"taxonomy":"post_tag","embeddable":true,"href":"https:\/\/fedai.az\/index.php?rest_route=%2Fwp%2Fv2%2Ftags&post=51452"}],"curies":[{"name":"wp","href":"https:\/\/api.w.org\/{rel}","templated":true}]}}