{"id":51457,"date":"2021-10-19T01:58:58","date_gmt":"2021-10-18T21:58:58","guid":{"rendered":"https:\/\/fedai.az\/?p=51457"},"modified":"2021-10-19T01:59:01","modified_gmt":"2021-10-18T21:59:01","slug":"erm%c9%99ni-doyuscul%c9%99r-bir-birini-ifsa-etdi-general-v%c9%99-polkovnikl%c9%99rimiz-f%c9%99rari-idi","status":"publish","type":"post","link":"https:\/\/fedai.az\/?p=51457","title":{"rendered":"Erm\u0259ni d\u00f6y\u00fc\u015f\u00e7\u00fcl\u0259r bir-birini if\u015fa etdi &#8212; General v\u0259 polkovnikl\u0259rimiz f\u0259rari idi"},"content":{"rendered":"\n<p><strong>\u0130kinci Qaraba\u011f m\u00fcharib\u0259sind\u0259 a\u011f\u0131r m\u0259\u011flubiyy\u0259tl\u0259 \u00fczl\u0259\u015f\u0259n Erm\u0259nistanda g\u0259rginlik s\u0259ngimir. Siyasi-iqtisadi b\u00f6hranla yana\u015f\u0131 \u00f6lk\u0259d\u0259 sosial probleml\u0259r d\u0259 pik h\u0259dd\u0259 \u00e7at\u0131b.<\/strong><\/p>\n\n\n\n<p>AzVision.az x\u0259b\u0259r verir ki, yerli media c\u0259miyy\u0259td\u0259 aqressiyan\u0131n artd\u0131\u011f\u0131n\u0131, ke\u00e7mi\u015f d\u00f6y\u00fc\u015f\u00e7\u00fcl\u0259rin bir-birin\u0259 qar\u015f\u0131 ittihamlar\u0131n\u0131n is\u0259 d\u00f6z\u00fclm\u0259z h\u0259dd\u0259 \u00e7atd\u0131\u011f\u0131n\u0131 yaz\u0131rlar.<br><br>M\u0259s\u0259l\u0259n m\u00fcharib\u0259 i\u015ftirak\u00e7\u0131s\u0131 Matsak Vardanyan bu yax\u0131nlarda 44 g\u00fcnl\u00fck m\u00fcharib\u0259 il\u0259 ba\u011fl\u0131 yuxar\u0131 komandanl\u0131q haqq\u0131nda m\u0259nfi fikirl\u0259r s\u0259sl\u0259ndirib. O, d\u00f6y\u00fc\u015f meydan\u0131ndan qa\u00e7an general v\u0259 polkovnikl\u0259rin ad\u0131n\u0131 a\u00e7\u0131qlay\u0131b. Onlardan biri d\u0259 &#171;Aramazd&#187; d\u0259st\u0259sinin komandiri Koryun Quma\u015fyan olub. Bu g\u00fcn jurnalistl\u0259r Quma\u015fyandan &#171;nec\u0259 oldu ki, m\u00f6vqel\u0259ri t\u0259rk edib yoxa \u00e7\u0131xd\u0131n\u0131z v\u0259 \u0259sg\u0259rl\u0259r ba\u015fs\u0131z qald\u0131?&#187; sual\u0131n\u0131 veribl\u0259r. Maraql\u0131d\u0131r ki, Quma\u015fyan da eyni ittiham\u0131 ke\u00e7mi\u015f d\u00f6y\u00fc\u015f\u00e7\u00fcy\u0259 qar\u015f\u0131 s\u0259sl\u0259ndirib.<br><br>&#8212; M\u0259n qa\u00e7mad\u0131m. D\u00f6y\u00fc\u015fd\u0259n qa\u00e7an o idi. \u0130ndi ad\u0131n\u0131 t\u0259miz\u0259 \u00e7\u0131xarmaq \u00fc\u00e7\u00fcn \u00f6z\u00fcnd\u0259n na\u011f\u0131l uydurur. Matsak d\u0259yi\u015fdirilm\u0259sini g\u00f6zl\u0259m\u0259d\u0259n postu \u00f6zba\u015f\u0131na t\u0259rk edib -, polkovnik Quma\u015fyan deyib.<br><br>\u0130r\u0259vanda g\u00fcl\u00fc\u015f do\u011furan hadis\u0259: &#171;Q\u0259l\u0259b\u0259&#187; kitab\u0131n\u0131n t\u0259qdimat\u0131n\u0131 ke\u00e7irdil\u0259r Bildirilir ki, Matsak Vardanyan Quma\u015fyan\u0131n yaratd\u0131\u011f\u0131 &#171;Tigran Mets&#187; h\u0259rbi m\u0259kt\u0259binin &#171;kursant&#187;lar\u0131ndan biri olsa da, buran\u0131 bitir\u0259 bilm\u0259yib.<br><br>&#8212; M\u0259lum olur ki, Matsak Vardanyan h\u00f6kum\u0259t m\u00fckafat\u0131 almamas\u0131ndan incik d\u00fc\u015f\u00fcb . Qaraba\u011f r\u0259hb\u0259rliyi(Ke\u00e7mi\u015f separat\u00e7\u0131 rejim-red.) medal \u00fc\u00e7\u00fcn &#171;Aramazd&#187; d\u0259st\u0259sinin d\u00f6y\u00fc\u015f\u00e7\u00fcl\u0259rinin siyah\u0131s\u0131n\u0131 tutanda Matsak\u0131n ad\u0131 bu siyah\u0131da yox idi.<br><br>M\u00fcharib\u0259 cinay\u0259tkarlar\u0131ndan olan komandir deyir ki, postdan qa\u00e7an adam nec\u0259 m\u00fckafatland\u0131r\u0131la bil\u0259rdi?<br><br>&#8212; D\u00fczd\u00fcr, bu do\u011fru x\u0259b\u0259rdir ki, o d\u00f6y\u00fc\u015f\u00fcb. Amma m\u00f6vqeyini \u00f6zba\u015f\u0131na t\u0259rk etdi. O da o\u011furlad\u0131, evl\u0259r\u0259 girdi, ma\u015f\u0131n\u0131n a\u00e7arlar\u0131n\u0131 g\u00f6t\u00fcrd\u00fc&#8230; Bir d\u0259 ki, siyah\u0131dak\u0131 adlar m\u0259clisin q\u0259rar\u0131 il\u0259 yaz\u0131lm\u0131\u015fd\u0131. Polis is\u0259 ke\u00e7\u0259n ilin dekabr\u0131nda m\u0259nd\u0259n Matsak haqq\u0131nda maraqlanm\u0131\u015fd\u0131. 2021 -ci ilin fevral ay\u0131nda onun harada oldu\u011fu ara\u015fd\u0131r\u0131ld\u0131. H\u0259qiq\u0259t\u0259n Matsak\u0131n yerini bilmirdim. Amma d\u00fc\u015f\u00fcn\u00fcrd\u00fcm ki, onu o\u011furluq v\u0259 ya buna b\u0259nz\u0259r bir \u015fey\u0259 g\u00f6r\u0259 axtar\u0131rlar. B\u0259lk\u0259 d\u0259 cinay\u0259t i\u015fi m\u0259hz bu c\u00fcr \u0259m\u0259ll\u0259r\u0259 g\u00f6r\u0259 qald\u0131r\u0131l\u0131b, onun uydurdu\u011fu guya hans\u0131sa bir t\u00fcrk\u00fcn ba\u015f\u0131n\u0131n k\u0259silm\u0259sin\u0259 g\u00f6r\u0259 yox. Matsak c\u0259miyy\u0259tin fikrini f\u0259rqli y\u00f6n\u0259 istiqam\u0259tl\u0259ndirm\u0259y\u0259 \u00e7al\u0131\u015f\u0131r. \u00d6z\u00fcn\u00fc qurban, m\u0259ni is\u0259 m\u00fcharib\u0259d\u0259n qa\u00e7an bir polkovnik kimi t\u0259svir edir. Bu \u00fcsul i\u015fl\u0259m\u0259y\u0259c\u0259k-,Quma\u015fyan deyib.<br><br>Erm\u0259ni komandir \u0259minlikl\u0259 bildirib ki, Matsaka b\u00f6htan v\u0259 uydurmalar\u0131 yayd\u0131ran &#171;m\u00fc\u0259llimi&#187; var.<br><br>&#8212; Ad\u0131n\u0131 \u00e7\u0259kmay\u0259c\u0259y\u0259m, amma bir n\u0259f\u0259r var ki, onun o\u011flu d\u00f6y\u00fc\u015f\u0259 g\u00f6nd\u0259rilmi\u015fdi. U\u015faq he\u00e7 vaxt ba\u015f\u0131n\u0131 s\u0259ng\u0259rd\u0259n qald\u0131rmad\u0131, d\u00f6y\u00fc\u015fm\u0259kd\u0259n qorxurdu. M\u00fcharib\u0259d\u0259n sonra atas\u0131 yan\u0131ma g\u0259ldi v\u0259 o\u011fluna niy\u0259 h\u0259diyy\u0259 verm\u0259m\u0259yimin izah\u0131n\u0131 ist\u0259di. Qorxaqlara medal verilm\u0259diyini ba\u015fa sald\u0131m. \u0130ndi ikisi d\u0259 m\u0259nd\u0259n qisas alma\u011fa \u00e7al\u0131\u015f\u0131r.<br><br>Xat\u0131rladaq ki, iyunda m\u00fcsahib\u0259 ver\u0259n Quma\u015fyan K\u0259lb\u0259c\u0259r v\u0259 La\u00e7\u0131n rayonlar\u0131nda t\u0259xmin\u0259n 500-600 hektar \u0259razini z\u0259ncirvari minalad\u0131qlar\u0131n\u0131, bunun \u00fc\u00e7\u00fcn 17 y\u00fck avtomobili h\u0259m tank, h\u0259m d\u0259 piyada \u0259l\u0259yhin\u0259 mina basd\u0131rd\u0131qlar\u0131n\u0131 etiraf etmi\u015fdi.<br><br>Az\u0259rbaycan is\u0259 G\u0259nc\u0259 h\u0259rbi prokurorlu\u011funda m\u0259lum cinay\u0259t \u0259m\u0259lin\u0259 g\u00f6r\u0259 erm\u0259ni polkovnik\u0259 qar\u015f\u0131 Cinay\u0259t M\u0259c\u0259ll\u0259sinin m\u00fcvafiq madd\u0259l\u0259ri il\u0259 cinay\u0259t i\u015fi ba\u015fladaraq onun ad\u0131n\u0131 beyn\u0259lxalq axtar\u0131\u015fa verdi.<\/p>\n","protected":false},"excerpt":{"rendered":"<p>\u0130kinci Qaraba\u011f m\u00fcharib\u0259sind\u0259 a\u011f\u0131r m\u0259\u011flubiyy\u0259tl\u0259 \u00fczl\u0259\u015f\u0259n Erm\u0259nistanda g\u0259rginlik s\u0259ngimir. Siyasi-iqtisadi b\u00f6hranla yana\u015f\u0131 \u00f6lk\u0259d\u0259 sosial probleml\u0259r d\u0259 pik h\u0259dd\u0259 \u00e7at\u0131b. AzVision.az x\u0259b\u0259r verir ki, yerli<\/p>\n","protected":false},"author":2,"featured_media":51458,"comment_status":"closed","ping_status":"closed","sticky":false,"template":"","format":"standard","meta":{"footnotes":""},"categories":[4],"tags":[],"class_list":["post-51457","post","type-post","status-publish","format-standard","has-post-thumbnail","hentry","category-qarabag"],"aioseo_notices":[],"_links":{"self":[{"href":"https:\/\/fedai.az\/index.php?rest_route=\/wp\/v2\/posts\/51457","targetHints":{"allow":["GET"]}}],"collection":[{"href":"https:\/\/fedai.az\/index.php?rest_route=\/wp\/v2\/posts"}],"about":[{"href":"https:\/\/fedai.az\/index.php?rest_route=\/wp\/v2\/types\/post"}],"author":[{"embeddable":true,"href":"https:\/\/fedai.az\/index.php?rest_route=\/wp\/v2\/users\/2"}],"replies":[{"embeddable":true,"href":"https:\/\/fedai.az\/index.php?rest_route=%2Fwp%2Fv2%2Fcomments&post=51457"}],"version-history":[{"count":1,"href":"https:\/\/fedai.az\/index.php?rest_route=\/wp\/v2\/posts\/51457\/revisions"}],"predecessor-version":[{"id":51459,"href":"https:\/\/fedai.az\/index.php?rest_route=\/wp\/v2\/posts\/51457\/revisions\/51459"}],"wp:featuredmedia":[{"embeddable":true,"href":"https:\/\/fedai.az\/index.php?rest_route=\/wp\/v2\/media\/51458"}],"wp:attachment":[{"href":"https:\/\/fedai.az\/index.php?rest_route=%2Fwp%2Fv2%2Fmedia&parent=51457"}],"wp:term":[{"taxonomy":"category","embeddable":true,"href":"https:\/\/fedai.az\/index.php?rest_route=%2Fwp%2Fv2%2Fcategories&post=51457"},{"taxonomy":"post_tag","embeddable":true,"href":"https:\/\/fedai.az\/index.php?rest_route=%2Fwp%2Fv2%2Ftags&post=51457"}],"curies":[{"name":"wp","href":"https:\/\/api.w.org\/{rel}","templated":true}]}}