{"id":51460,"date":"2021-10-19T02:14:45","date_gmt":"2021-10-18T22:14:45","guid":{"rendered":"https:\/\/fedai.az\/?p=51460"},"modified":"2021-10-19T02:15:18","modified_gmt":"2021-10-18T22:15:18","slug":"pasinyanin-annasi-avrasiya-qadinlar-forumunda-istirak-edib","status":"publish","type":"post","link":"https:\/\/fedai.az\/?p=51460","title":{"rendered":"Pa\u015finyan\u0131n Annas\u0131 Avrasiya Qad\u0131nlar Forumunda i\u015ftirak edib"},"content":{"rendered":"\n<p><strong>Erm\u0259nistan\u0131n Ba\u015f naziri Nikol Pa\u015finyan\u0131n xan\u0131m\u0131 Anna Akopyan Rusiyan\u0131n Sankt-Peterburq \u015f\u0259h\u0259rind\u0259 ke\u00e7iril\u0259n Avrasiya Qad\u0131nlar Forumunda i\u015ftirak edib.<\/strong><\/p>\n\n\n\n<p>Akopyan bu bar\u0259d\u0259 Facebook s\u0259hif\u0259sind\u0259 m\u0259lumat verib.<\/p>\n\n\n\n<p>Ba\u015f nazirin xan\u0131m\u0131 bildirb ki, qad\u0131nlar\u0131n s\u00fclh v\u0259 etimad diplomatiyas\u0131n\u0131n inki\u015faf\u0131ndak\u0131 missiyas\u0131na h\u0259sr olunmu\u015f iclasda \u00e7\u0131x\u0131\u015f edib.<\/p>\n\n\n\n<p>Anna Akopyan \u00e7\u0131x\u0131\u015f\u0131nda deyib ki, Erm\u0259nistan\u0131n siyasi r\u0259hb\u0259rliyi C\u0259nubi Qafqaz regionunda d\u00fc\u015fm\u0259n\u00e7iliyi aradan qald\u0131rmaq v\u0259 b\u00f6lg\u0259 xalqlar\u0131 \u00fc\u00e7\u00fcn s\u00fclhyaratma prosesi formala\u015fd\u0131rmaq \u00fc\u00e7\u00fcn konstruktiv (Az\u0259rbaycanla) dialoqa haz\u0131rd\u0131r.<\/p>\n\n\n\n<p>Ona g\u00f6r\u0259, qad\u0131nlar s\u00fclh\u0259 nail olmaq \u00fc\u00e7\u00fcn alternativ platformalar yarada bilirl\u0259r.<\/p>\n\n\n\n<p>Forum Rusiya Federasiya \u015euras\u0131 v\u0259 MDB Parlamentl\u0259raras\u0131 Assambleyas\u0131 t\u0259r\u0259find\u0259n t\u0259\u015fkil edilib.<\/p>\n\n\n\n<p>M\u0259nb\u0259: Teleqraf.com<\/p>\n","protected":false},"excerpt":{"rendered":"<p>Erm\u0259nistan\u0131n Ba\u015f naziri Nikol Pa\u015finyan\u0131n xan\u0131m\u0131 Anna Akopyan Rusiyan\u0131n Sankt-Peterburq \u015f\u0259h\u0259rind\u0259 ke\u00e7iril\u0259n Avrasiya Qad\u0131nlar Forumunda i\u015ftirak edib. Akopyan bu bar\u0259d\u0259 Facebook s\u0259hif\u0259sind\u0259 m\u0259lumat verib.<\/p>\n","protected":false},"author":2,"featured_media":51461,"comment_status":"closed","ping_status":"closed","sticky":false,"template":"","format":"standard","meta":{"footnotes":""},"categories":[13],"tags":[],"class_list":["post-51460","post","type-post","status-publish","format-standard","has-post-thumbnail","hentry","category-xarici"],"aioseo_notices":[],"_links":{"self":[{"href":"https:\/\/fedai.az\/index.php?rest_route=\/wp\/v2\/posts\/51460","targetHints":{"allow":["GET"]}}],"collection":[{"href":"https:\/\/fedai.az\/index.php?rest_route=\/wp\/v2\/posts"}],"about":[{"href":"https:\/\/fedai.az\/index.php?rest_route=\/wp\/v2\/types\/post"}],"author":[{"embeddable":true,"href":"https:\/\/fedai.az\/index.php?rest_route=\/wp\/v2\/users\/2"}],"replies":[{"embeddable":true,"href":"https:\/\/fedai.az\/index.php?rest_route=%2Fwp%2Fv2%2Fcomments&post=51460"}],"version-history":[{"count":2,"href":"https:\/\/fedai.az\/index.php?rest_route=\/wp\/v2\/posts\/51460\/revisions"}],"predecessor-version":[{"id":51463,"href":"https:\/\/fedai.az\/index.php?rest_route=\/wp\/v2\/posts\/51460\/revisions\/51463"}],"wp:featuredmedia":[{"embeddable":true,"href":"https:\/\/fedai.az\/index.php?rest_route=\/wp\/v2\/media\/51461"}],"wp:attachment":[{"href":"https:\/\/fedai.az\/index.php?rest_route=%2Fwp%2Fv2%2Fmedia&parent=51460"}],"wp:term":[{"taxonomy":"category","embeddable":true,"href":"https:\/\/fedai.az\/index.php?rest_route=%2Fwp%2Fv2%2Fcategories&post=51460"},{"taxonomy":"post_tag","embeddable":true,"href":"https:\/\/fedai.az\/index.php?rest_route=%2Fwp%2Fv2%2Ftags&post=51460"}],"curies":[{"name":"wp","href":"https:\/\/api.w.org\/{rel}","templated":true}]}}