{"id":51473,"date":"2021-10-19T02:53:00","date_gmt":"2021-10-18T22:53:00","guid":{"rendered":"https:\/\/fedai.az\/?p=51473"},"modified":"2021-10-19T02:53:03","modified_gmt":"2021-10-18T22:53:03","slug":"az%c9%99rbaycan-mudafi%c9%99-naziri-nato-numay%c9%99nd%c9%99si-il%c9%99-n%c9%99d%c9%99n-danisib","status":"publish","type":"post","link":"https:\/\/fedai.az\/?p=51473","title":{"rendered":"Az\u0259rbaycan m\u00fcdafi\u0259 naziri NATO n\u00fcmay\u0259nd\u0259si il\u0259 n\u0259d\u0259n dan\u0131\u015f\u0131b?"},"content":{"rendered":"\n<ul class=\"wp-block-list\"><li><em><strong> BBC News Az\u0259rbaycanca<\/strong><\/em><\/li><\/ul>\n\n\n\n<p><strong>M\u00fcdafi\u0259 naziri Zakir H\u0259s\u0259nov bu g\u00fcn Az\u0259rbaycan s\u0259f\u0259rd\u0259 olan NATO Ba\u015f Katibinin Xarici \u0130\u015fl\u0259r v\u0259 T\u0259hl\u00fck\u0259sizlik Siyas\u0259ti \u00fczr\u0259 k\u00f6m\u0259k\u00e7isinin m\u00fcavini, Qafqaz v\u0259 M\u0259rk\u0259zi Asiya \u00fczr\u0259 n\u00fcmay\u0259nd\u0259si Javier Kolomina-n\u0131n ba\u015f\u00e7\u0131l\u0131q etdiyi n\u00fcmay\u0259nd\u0259 hey\u0259ti il\u0259 g\u00f6r\u00fc\u015f\u00fcb.<\/strong><\/p>\n\n\n\n<p>M\u00fcdafi\u0259 naziri \u0130kinci Qaraba\u011f m\u00fcharib\u0259sind\u0259n sonra Az\u0259rbaycan Ordusu t\u0259r\u0259find\u0259n g\u00f6r\u00fcl\u0259n i\u015fl\u0259r v\u0259 Az\u0259rbaycan d\u00f6vl\u0259t s\u0259rh\u0259dind\u0259 &#171;haz\u0131rk\u0131 v\u0259ziyy\u0259tl\u0259 ba\u011fl\u0131 qonaqlara \u0259trafl\u0131 m\u0259lumat verib&#187;, Az\u0259rbaycan MN-in m\u0259lumat\u0131nda deyilib.<\/p>\n\n\n\n<p>&#171;General-polkovnik Z.H\u0259s\u0259nov NATO il\u0259 \u0259m\u0259kda\u015fl\u0131\u011f\u0131n cari v\u0259ziyy\u0259tind\u0259n, \u0259m\u0259kda\u015fl\u0131q sah\u0259sind\u0259 \u0259ld\u0259 edil\u0259n m\u00fcsb\u0259t n\u0259tic\u0259l\u0259rd\u0259n m\u0259mnunlu\u011funu bildirib, qar\u015f\u0131l\u0131ql\u0131 \u0259laq\u0259l\u0259rin bundan sonra da inki\u015faf etdirilm\u0259sinin \u0259h\u0259miyy\u0259tini vur\u011fulay\u0131b.&#187;<\/p>\n\n\n\n<p>Javier Kolomina &#171;b\u00f6lg\u0259d\u0259 s\u00fclh\u00fcn t\u0259min olunmas\u0131 istiqam\u0259tind\u0259 NATO-nun m\u00fcvafiq d\u0259st\u0259yi g\u00f6st\u0259rm\u0259y\u0259 haz\u0131r oldu\u011funu qeyd edib&#187;, Az\u0259rbaycan MN-i bildirib.<\/p>\n\n\n\n<p>M\u0259lumatda konkret hans\u0131 d\u0259st\u0259yin n\u0259z\u0259rd\u0259 tutulmas\u0131 bar\u0259d\u0259 detallara var\u0131lmay\u0131b.<\/p>\n\n\n\n<p>&#171;G\u00f6r\u00fc\u015fd\u0259 h\u0259m\u00e7inin postm\u00fcharib\u0259 \u015f\u0259raiti v\u0259 qar\u015f\u0131l\u0131ql\u0131 maraq do\u011furan dig\u0259r m\u0259s\u0259l\u0259l\u0259r m\u00fczakir\u0259 edilib&#187;, r\u0259smi m\u0259lumatda qeyd olunub.<\/p>\n\n\n\n<p>Javier Kolomina Az\u0259rbaycandan sora Erm\u0259nistana v\u0259 G\u00fcrc\u00fcstana ged\u0259c\u0259k.<\/p>\n","protected":false},"excerpt":{"rendered":"<p>BBC News Az\u0259rbaycanca M\u00fcdafi\u0259 naziri Zakir H\u0259s\u0259nov bu g\u00fcn Az\u0259rbaycan s\u0259f\u0259rd\u0259 olan NATO Ba\u015f Katibinin Xarici \u0130\u015fl\u0259r v\u0259 T\u0259hl\u00fck\u0259sizlik Siyas\u0259ti \u00fczr\u0259 k\u00f6m\u0259k\u00e7isinin m\u00fcavini, Qafqaz<\/p>\n","protected":false},"author":2,"featured_media":51474,"comment_status":"closed","ping_status":"closed","sticky":false,"template":"","format":"standard","meta":{"footnotes":""},"categories":[3],"tags":[],"class_list":["post-51473","post","type-post","status-publish","format-standard","has-post-thumbnail","hentry","category-gundm"],"aioseo_notices":[],"_links":{"self":[{"href":"https:\/\/fedai.az\/index.php?rest_route=\/wp\/v2\/posts\/51473","targetHints":{"allow":["GET"]}}],"collection":[{"href":"https:\/\/fedai.az\/index.php?rest_route=\/wp\/v2\/posts"}],"about":[{"href":"https:\/\/fedai.az\/index.php?rest_route=\/wp\/v2\/types\/post"}],"author":[{"embeddable":true,"href":"https:\/\/fedai.az\/index.php?rest_route=\/wp\/v2\/users\/2"}],"replies":[{"embeddable":true,"href":"https:\/\/fedai.az\/index.php?rest_route=%2Fwp%2Fv2%2Fcomments&post=51473"}],"version-history":[{"count":1,"href":"https:\/\/fedai.az\/index.php?rest_route=\/wp\/v2\/posts\/51473\/revisions"}],"predecessor-version":[{"id":51475,"href":"https:\/\/fedai.az\/index.php?rest_route=\/wp\/v2\/posts\/51473\/revisions\/51475"}],"wp:featuredmedia":[{"embeddable":true,"href":"https:\/\/fedai.az\/index.php?rest_route=\/wp\/v2\/media\/51474"}],"wp:attachment":[{"href":"https:\/\/fedai.az\/index.php?rest_route=%2Fwp%2Fv2%2Fmedia&parent=51473"}],"wp:term":[{"taxonomy":"category","embeddable":true,"href":"https:\/\/fedai.az\/index.php?rest_route=%2Fwp%2Fv2%2Fcategories&post=51473"},{"taxonomy":"post_tag","embeddable":true,"href":"https:\/\/fedai.az\/index.php?rest_route=%2Fwp%2Fv2%2Ftags&post=51473"}],"curies":[{"name":"wp","href":"https:\/\/api.w.org\/{rel}","templated":true}]}}