{"id":51479,"date":"2021-10-19T14:40:28","date_gmt":"2021-10-19T10:40:28","guid":{"rendered":"https:\/\/fedai.az\/?p=51479"},"modified":"2021-10-19T14:40:31","modified_gmt":"2021-10-19T10:40:31","slug":"daha-bir-erm%c9%99ni-fasisti-g%c9%99b%c9%99rdi","status":"publish","type":"post","link":"https:\/\/fedai.az\/?p=51479","title":{"rendered":"Daha bir erm\u0259ni fa\u015fisti g\u0259b\u0259rdi"},"content":{"rendered":"\n<p><strong>Axtar\u0131\u015fda olan Erm\u0259nistan Daxili \u0130\u015fl\u0259r Nazirliyinin ke\u00e7mi\u015f r\u0259hb\u0259ri, yaz\u0131\u00e7\u0131, publisist Vano Siradeqyan g\u0259b\u0259rib. &#171;D\u00f6rd\u00fcnc\u00fc Hakimiyy\u0259t&#187; bunu Siradeqyan\u0131n o\u011flu Xa\u00e7atur Siradeqyan v\u0259 h\u0259yat yolda\u015f\u0131 Ruzan Tonoyana istinad\u0259n bildirib.<\/strong><\/p>\n\n\n\n<p>Bunun bir g\u00fcn \u0259vv\u0259l ba\u015f verdiyini bildirdil\u0259r.<\/p>\n\n\n\n<p>Siradeqyan 1946 -c\u0131 ild\u0259 Koxb k\u0259ndind\u0259 anadan olub. &#171;Qaraba\u011f&#187; komit\u0259sinin \u00fczv\u00fc idi, 1988 -ci ilin dekabr\u0131ndan 1989 -cu ilin may\u0131nad\u0259k komit\u0259nin dig\u0259r \u00fczvl\u0259ri il\u0259 birlikd\u0259 h\u0259bs edilib. \u0130ll\u0259r \u0259rzind\u0259 mill\u0259t v\u0259kili, prezidentin m\u00fc\u015faviri, ENM partiyas\u0131n\u0131n idar\u0259 hey\u0259tinin s\u0259dri idi. 1992-1996-c\u0131 ill\u0259rd\u0259 Erm\u0259nistan\u0131n daxili i\u015fl\u0259r naziri, 1996-1998-ci ill\u0259rd\u0259 \u0130r\u0259van\u0131n meri v\u0259zif\u0259l\u0259rini tutub.<\/p>\n\n\n\n<p>Erm\u0259nistan\u0131n ke\u00e7mi\u015f daxili i\u015fl\u0259r naziri Vano Siradeqyan Erm\u0259nistan\u0131n ilk prezidenti Levon Ter-Petrosyan\u0131n hakimiyy\u0259ti d\u00f6vr\u00fcnd\u0259 h\u00fcquq-m\u00fchafiz\u0259 orqanlar\u0131n\u0131n diqq\u0259t obyektin\u0259 \u00e7evrildi. 1997-ci ild\u0259 Erm\u0259nistan Ba\u015f Prokurorlu\u011fu 1992-1994-c\u00fc ill\u0259rd\u0259 bir s\u0131ra sensasiyal\u0131 c\u0259hdl\u0259rin v\u0259 q\u0259tll\u0259rin arxas\u0131nda oldu\u011fu q\u0259na\u0259tin\u0259 g\u0259lib. Bu q\u0259sdl\u0259rin arxas\u0131nda Daxili \u0130\u015fl\u0259r Nazirliyinin b\u0259zi y\u00fcks\u0259k v\u0259zif\u0259li \u015f\u0259xsl\u0259rinin olmas\u0131 g\u00f6r\u00fcn\u00fcr.<\/p>\n\n\n\n<p>1998 -ci ild\u0259n sonra istintaq daha da intensivl\u0259\u015fdi v\u0259 i\u015f \u00fczr\u0259 t\u0259qsirl\u0259ndiril\u0259n \u015f\u0259xsl\u0259r b\u00fct\u00fcn q\u0259tll\u0259rin v\u0259 sui -q\u0259sdl\u0259rin Vano Siradeqyan\u0131n g\u00f6st\u0259ri\u015fi il\u0259 h\u0259yata ke\u00e7irildiyini bildirdil\u0259r. N\u0259tic\u0259d\u0259, 1999 -cu ild\u0259 Siradeqyan Erm\u0259nistandan qa\u00e7m\u0131\u015fd\u0131 v\u0259 axtar\u0131\u015fa verilmi\u015fdi.<\/p>\n","protected":false},"excerpt":{"rendered":"<p>Axtar\u0131\u015fda olan Erm\u0259nistan Daxili \u0130\u015fl\u0259r Nazirliyinin ke\u00e7mi\u015f r\u0259hb\u0259ri, yaz\u0131\u00e7\u0131, publisist Vano Siradeqyan g\u0259b\u0259rib. &#171;D\u00f6rd\u00fcnc\u00fc Hakimiyy\u0259t&#187; bunu Siradeqyan\u0131n o\u011flu Xa\u00e7atur Siradeqyan v\u0259 h\u0259yat yolda\u015f\u0131 Ruzan<\/p>\n","protected":false},"author":2,"featured_media":51480,"comment_status":"closed","ping_status":"closed","sticky":false,"template":"","format":"standard","meta":{"footnotes":""},"categories":[15],"tags":[],"class_list":["post-51479","post","type-post","status-publish","format-standard","has-post-thumbnail","hentry","category-atmaca"],"aioseo_notices":[],"_links":{"self":[{"href":"https:\/\/fedai.az\/index.php?rest_route=\/wp\/v2\/posts\/51479","targetHints":{"allow":["GET"]}}],"collection":[{"href":"https:\/\/fedai.az\/index.php?rest_route=\/wp\/v2\/posts"}],"about":[{"href":"https:\/\/fedai.az\/index.php?rest_route=\/wp\/v2\/types\/post"}],"author":[{"embeddable":true,"href":"https:\/\/fedai.az\/index.php?rest_route=\/wp\/v2\/users\/2"}],"replies":[{"embeddable":true,"href":"https:\/\/fedai.az\/index.php?rest_route=%2Fwp%2Fv2%2Fcomments&post=51479"}],"version-history":[{"count":1,"href":"https:\/\/fedai.az\/index.php?rest_route=\/wp\/v2\/posts\/51479\/revisions"}],"predecessor-version":[{"id":51481,"href":"https:\/\/fedai.az\/index.php?rest_route=\/wp\/v2\/posts\/51479\/revisions\/51481"}],"wp:featuredmedia":[{"embeddable":true,"href":"https:\/\/fedai.az\/index.php?rest_route=\/wp\/v2\/media\/51480"}],"wp:attachment":[{"href":"https:\/\/fedai.az\/index.php?rest_route=%2Fwp%2Fv2%2Fmedia&parent=51479"}],"wp:term":[{"taxonomy":"category","embeddable":true,"href":"https:\/\/fedai.az\/index.php?rest_route=%2Fwp%2Fv2%2Fcategories&post=51479"},{"taxonomy":"post_tag","embeddable":true,"href":"https:\/\/fedai.az\/index.php?rest_route=%2Fwp%2Fv2%2Ftags&post=51479"}],"curies":[{"name":"wp","href":"https:\/\/api.w.org\/{rel}","templated":true}]}}