{"id":51485,"date":"2021-10-20T01:22:06","date_gmt":"2021-10-19T21:22:06","guid":{"rendered":"https:\/\/fedai.az\/?p=51485"},"modified":"2021-10-20T01:22:10","modified_gmt":"2021-10-19T21:22:10","slug":"turkiy%c9%99-x%c9%99yal-edil%c9%99n-gucu-%c9%99ld%c9%99-edib-%c9%99rdogan-dunyani-f%c9%99th-edir","status":"publish","type":"post","link":"https:\/\/fedai.az\/?p=51485","title":{"rendered":"T\u00fcrkiy\u0259 x\u0259yal edil\u0259n g\u00fcc\u00fc \u0259ld\u0259 edib &#8212; \u018frdo\u011fan d\u00fcnyan\u0131 f\u0259th edir"},"content":{"rendered":"\n<h3 class=\"wp-block-heading\">Frans\u0131zlar t\u00fcrk lideri t\u0259rifl\u0259di<\/h3>\n\n\n\n<p><strong>\u201cT\u00fcrkiy\u0259&nbsp;m\u00fcharib\u0259l\u0259rd\u0259 x\u0259yal edil\u0259n silah\u0131 \u0259rs\u0259y\u0259 g\u0259tirib\u201d.<\/strong><\/p>\n\n\n\n<p>Kanal.az\u00a0x\u0259b\u0259r verir ki, bu bar\u0259d\u0259 Fransan\u0131n\u00a0Le Figaro q\u0259zetind\u0259 yay\u0131mlanan m\u0259qal\u0259d\u0259 deyilir. Bildirilir ki, T\u00fcrkiy\u0259 S\u0130HA istehsal\u0131nda \u00e7ox b\u00f6y\u00fck u\u011furlar \u0259ld\u0259 edib. X\u0259b\u0259rd\u0259\u00a0qeyd edilir ki, T\u00fcrkiy\u0259nin istehsal etdiyi pilotsuz aparatlar q\u0259rbin istehsal etdiyi S\u0130HA-lardan daha ucuz, \u00c7inin istehsal etdiyi S\u0130HA-lardan is\u0259 daha keyfiyy\u0259tlidir.<\/p>\n\n\n\n<p>X\u0259b\u0259rd\u0259 h\u0259m\u00e7inin T\u00fcrkiy\u0259nin \u018frdo\u011fan\u0131n r\u0259hb\u0259rliyi il\u0259 xarici siyas\u0259td\u0259 geni\u015f co\u011frafiyaya yay\u0131ld\u0131\u011f\u0131 diqq\u0259t\u0259 \u00e7atd\u0131r\u0131l\u0131b. \u018frdo\u011fan\u0131n haz\u0131rda davam ed\u0259n Afrika s\u0259f\u0259ri t\u0259hlil edilib.<\/p>\n","protected":false},"excerpt":{"rendered":"<p>Frans\u0131zlar t\u00fcrk lideri t\u0259rifl\u0259di \u201cT\u00fcrkiy\u0259&nbsp;m\u00fcharib\u0259l\u0259rd\u0259 x\u0259yal edil\u0259n silah\u0131 \u0259rs\u0259y\u0259 g\u0259tirib\u201d. Kanal.az\u00a0x\u0259b\u0259r verir ki, bu bar\u0259d\u0259 Fransan\u0131n\u00a0Le Figaro q\u0259zetind\u0259 yay\u0131mlanan m\u0259qal\u0259d\u0259 deyilir. Bildirilir ki, T\u00fcrkiy\u0259<\/p>\n","protected":false},"author":2,"featured_media":51486,"comment_status":"closed","ping_status":"closed","sticky":false,"template":"","format":"standard","meta":{"footnotes":""},"categories":[3],"tags":[],"class_list":["post-51485","post","type-post","status-publish","format-standard","has-post-thumbnail","hentry","category-gundm"],"aioseo_notices":[],"_links":{"self":[{"href":"https:\/\/fedai.az\/index.php?rest_route=\/wp\/v2\/posts\/51485","targetHints":{"allow":["GET"]}}],"collection":[{"href":"https:\/\/fedai.az\/index.php?rest_route=\/wp\/v2\/posts"}],"about":[{"href":"https:\/\/fedai.az\/index.php?rest_route=\/wp\/v2\/types\/post"}],"author":[{"embeddable":true,"href":"https:\/\/fedai.az\/index.php?rest_route=\/wp\/v2\/users\/2"}],"replies":[{"embeddable":true,"href":"https:\/\/fedai.az\/index.php?rest_route=%2Fwp%2Fv2%2Fcomments&post=51485"}],"version-history":[{"count":1,"href":"https:\/\/fedai.az\/index.php?rest_route=\/wp\/v2\/posts\/51485\/revisions"}],"predecessor-version":[{"id":51487,"href":"https:\/\/fedai.az\/index.php?rest_route=\/wp\/v2\/posts\/51485\/revisions\/51487"}],"wp:featuredmedia":[{"embeddable":true,"href":"https:\/\/fedai.az\/index.php?rest_route=\/wp\/v2\/media\/51486"}],"wp:attachment":[{"href":"https:\/\/fedai.az\/index.php?rest_route=%2Fwp%2Fv2%2Fmedia&parent=51485"}],"wp:term":[{"taxonomy":"category","embeddable":true,"href":"https:\/\/fedai.az\/index.php?rest_route=%2Fwp%2Fv2%2Fcategories&post=51485"},{"taxonomy":"post_tag","embeddable":true,"href":"https:\/\/fedai.az\/index.php?rest_route=%2Fwp%2Fv2%2Ftags&post=51485"}],"curies":[{"name":"wp","href":"https:\/\/api.w.org\/{rel}","templated":true}]}}