{"id":51491,"date":"2021-10-20T01:29:34","date_gmt":"2021-10-19T21:29:34","guid":{"rendered":"https:\/\/fedai.az\/?p=51491"},"modified":"2021-10-20T01:29:38","modified_gmt":"2021-10-19T21:29:38","slug":"%c9%99rdogan-2021-ci-ilin-%c9%99n-nufuzlu-mus%c9%99lmani-secildi","status":"publish","type":"post","link":"https:\/\/fedai.az\/?p=51491","title":{"rendered":"\u018frdo\u011fan 2021-ci ilin \u0259n n\u00fcfuzlu m\u00fcs\u0259lman\u0131 SE\u00c7\u0130LD\u0130"},"content":{"rendered":"\n<p><strong>\u201cThe Muslim\u201d jurnal\u0131 d\u00fcnyan\u0131n \u0259n n\u00fcfuzlu 500 m\u00fcs\u0259lman\u0131n illik reytinqini t\u0259rtib edib.<\/strong><\/p>\n\n\n\n<p>Siyah\u0131n\u0131n ilk pill\u0259sind\u0259 T\u00fcrkiy\u0259 prezidenti R\u0259c\u0259b Tayyip \u018frdo\u011fan yer al\u0131b. O, 2021-ci ilin \u0259n n\u00fcfuzlu m\u00fcs\u0259lman\u0131 adland\u0131r\u0131l\u0131b.<br><br>\u0130lk \u00fc\u00e7l\u00fckd\u0259 S\u0259udiyy\u0259 kral\u0131 Salman bin \u018fbd\u00fcl-\u018fziz bin Saud v\u0259 \u0130ran\u0131n ali dini lideri Ay\u0259tullah Seyid \u018fli Xameneyi yer al\u0131b.<\/p>\n\n\n\n<p>N\u00fcfuzlu siyah\u0131da Az\u0259rbycan prezidenti \u0130lham \u018fliyev, \u00c7e\u00e7enistan r\u0259hb\u0259ri Ramzan Kad\u0131rov, Pakistan ba\u015f naziri \u0130mran Xan v\u0259 s. d\u00f6vl\u0259t ba\u015f\u00e7\u0131lar\u0131, m\u00fcs\u0259lman i\u015f adamlar\u0131, aliml\u0259r, idman\u00e7\u0131lar v\u0259 inc\u0259s\u0259n\u0259t xadiml\u0259ri yer al\u0131b.<\/p>\n","protected":false},"excerpt":{"rendered":"<p>\u201cThe Muslim\u201d jurnal\u0131 d\u00fcnyan\u0131n \u0259n n\u00fcfuzlu 500 m\u00fcs\u0259lman\u0131n illik reytinqini t\u0259rtib edib. Siyah\u0131n\u0131n ilk pill\u0259sind\u0259 T\u00fcrkiy\u0259 prezidenti R\u0259c\u0259b Tayyip \u018frdo\u011fan yer al\u0131b. O, 2021-ci<\/p>\n","protected":false},"author":2,"featured_media":50944,"comment_status":"closed","ping_status":"closed","sticky":false,"template":"","format":"standard","meta":{"footnotes":""},"categories":[13],"tags":[],"class_list":["post-51491","post","type-post","status-publish","format-standard","has-post-thumbnail","hentry","category-xarici"],"aioseo_notices":[],"_links":{"self":[{"href":"https:\/\/fedai.az\/index.php?rest_route=\/wp\/v2\/posts\/51491","targetHints":{"allow":["GET"]}}],"collection":[{"href":"https:\/\/fedai.az\/index.php?rest_route=\/wp\/v2\/posts"}],"about":[{"href":"https:\/\/fedai.az\/index.php?rest_route=\/wp\/v2\/types\/post"}],"author":[{"embeddable":true,"href":"https:\/\/fedai.az\/index.php?rest_route=\/wp\/v2\/users\/2"}],"replies":[{"embeddable":true,"href":"https:\/\/fedai.az\/index.php?rest_route=%2Fwp%2Fv2%2Fcomments&post=51491"}],"version-history":[{"count":1,"href":"https:\/\/fedai.az\/index.php?rest_route=\/wp\/v2\/posts\/51491\/revisions"}],"predecessor-version":[{"id":51492,"href":"https:\/\/fedai.az\/index.php?rest_route=\/wp\/v2\/posts\/51491\/revisions\/51492"}],"wp:featuredmedia":[{"embeddable":true,"href":"https:\/\/fedai.az\/index.php?rest_route=\/wp\/v2\/media\/50944"}],"wp:attachment":[{"href":"https:\/\/fedai.az\/index.php?rest_route=%2Fwp%2Fv2%2Fmedia&parent=51491"}],"wp:term":[{"taxonomy":"category","embeddable":true,"href":"https:\/\/fedai.az\/index.php?rest_route=%2Fwp%2Fv2%2Fcategories&post=51491"},{"taxonomy":"post_tag","embeddable":true,"href":"https:\/\/fedai.az\/index.php?rest_route=%2Fwp%2Fv2%2Ftags&post=51491"}],"curies":[{"name":"wp","href":"https:\/\/api.w.org\/{rel}","templated":true}]}}