{"id":51499,"date":"2021-10-20T01:44:06","date_gmt":"2021-10-19T21:44:06","guid":{"rendered":"https:\/\/fedai.az\/?p=51499"},"modified":"2021-10-20T01:44:14","modified_gmt":"2021-10-19T21:44:14","slug":"mudafi%c9%99-nazirliyi-m%c9%99lumat-yayib","status":"publish","type":"post","link":"https:\/\/fedai.az\/?p=51499","title":{"rendered":"M\u00fcdafi\u0259 Nazirliyi m\u0259lumat yay\u0131b"},"content":{"rendered":"\n<p><strong>Az\u0259rbaycan Respublikas\u0131n\u0131n Prezidenti, Silahl\u0131 Q\u00fcvv\u0259l\u0259rin Ali Ba\u015f Komandan\u0131 \u0130lham \u018fliyevin g\u00f6st\u0259ri\u015fin\u0259 \u0259sas\u0259n Az\u0259rbaycan Ordusunun d\u00f6y\u00fc\u015f qabiliyy\u0259tinin art\u0131r\u0131lmas\u0131 istiqam\u0259tind\u0259 f\u0259aliyy\u0259tl\u0259r davam edir. Oktyabr\u0131n 19-da m\u00fcdafi\u0259 naziri general-polkovnik Zakir H\u0259s\u0259nov v\u0259 nazirliyin dig\u0259r r\u0259hb\u0259r hey\u0259ti yeni yarad\u0131lan \u0259m\u0259liyyat (komando) h\u0259rbi hiss\u0259sind\u0259 olub.<\/strong><\/p>\n\n\n\n<p>Bu bar\u0259d\u0259\u00a0M\u00fcdafi\u0259 Nazirliyin\u0259 istinad\u0259n x\u0259b\u0259r verir.<\/p>\n\n\n\n<p>A\u00e7\u0131l\u0131\u015f m\u0259rasimin\u0259 d\u0259v\u0259t olunan V\u0259t\u0259n m\u00fcharib\u0259si qazil\u0259ri il\u0259 g\u00f6r\u00fc\u015f\u0259n m\u00fcdafi\u0259 naziri onlar\u0131n probleml\u0259ri v\u0259 ist\u0259kl\u0259ri il\u0259 maraqlan\u0131b.<\/p>\n\n\n\n<p>Sonra T\u00fcrkiy\u0259d\u0259 uzun m\u00fcdd\u0259tli \u201cKomando haz\u0131rl\u0131\u011f\u0131 kursu\u201d ke\u00e7mi\u015f \u015f\u0259xsi hey\u0259t\u0259 beretl\u0259rin t\u0259qdim edilm\u0259si m\u0259rasimi ke\u00e7irilib.<\/p>\n\n\n\n<p>V\u0259t\u0259n m\u00fcharib\u0259sind\u0259 \u0259ld\u0259 edil\u0259n t\u0259cr\u00fcb\u0259 n\u0259z\u0259r\u0259 al\u0131nmaqla haz\u0131rlanm\u0131\u015f h\u0259rbi qulluq\u00e7ulara beretl\u0259r t\u0259qdim olunub.<\/p>\n\n\n\n<figure class=\"wp-block-gallery columns-3 is-cropped wp-block-gallery-1 is-layout-flex wp-block-gallery-is-layout-flex\"><ul class=\"blocks-gallery-grid\"><li class=\"blocks-gallery-item\"><figure><img loading=\"lazy\" decoding=\"async\" width=\"800\" height=\"480\" src=\"https:\/\/fedai.az\/wp-content\/uploads\/2021\/10\/acec1c8f0c5c3312bc560c777e31fbff.jpg\" alt=\"\" data-id=\"51500\" data-link=\"https:\/\/fedai.az\/?attachment_id=51500\" class=\"wp-image-51500\" srcset=\"https:\/\/fedai.az\/wp-content\/uploads\/2021\/10\/acec1c8f0c5c3312bc560c777e31fbff.jpg 800w, https:\/\/fedai.az\/wp-content\/uploads\/2021\/10\/acec1c8f0c5c3312bc560c777e31fbff-300x180.jpg 300w, https:\/\/fedai.az\/wp-content\/uploads\/2021\/10\/acec1c8f0c5c3312bc560c777e31fbff-150x90.jpg 150w, https:\/\/fedai.az\/wp-content\/uploads\/2021\/10\/acec1c8f0c5c3312bc560c777e31fbff-768x461.jpg 768w, https:\/\/fedai.az\/wp-content\/uploads\/2021\/10\/acec1c8f0c5c3312bc560c777e31fbff-184x109.jpg 184w\" sizes=\"auto, (max-width: 800px) 100vw, 800px\" \/><\/figure><\/li><li class=\"blocks-gallery-item\"><figure><img loading=\"lazy\" decoding=\"async\" width=\"800\" height=\"451\" src=\"https:\/\/fedai.az\/wp-content\/uploads\/2021\/10\/4f6ea0e5665d34b086dc490a0cadd860.jpg\" alt=\"\" data-id=\"51501\" data-link=\"https:\/\/fedai.az\/?attachment_id=51501\" class=\"wp-image-51501\" srcset=\"https:\/\/fedai.az\/wp-content\/uploads\/2021\/10\/4f6ea0e5665d34b086dc490a0cadd860.jpg 800w, https:\/\/fedai.az\/wp-content\/uploads\/2021\/10\/4f6ea0e5665d34b086dc490a0cadd860-300x169.jpg 300w, https:\/\/fedai.az\/wp-content\/uploads\/2021\/10\/4f6ea0e5665d34b086dc490a0cadd860-150x85.jpg 150w, https:\/\/fedai.az\/wp-content\/uploads\/2021\/10\/4f6ea0e5665d34b086dc490a0cadd860-768x433.jpg 768w\" sizes=\"auto, (max-width: 800px) 100vw, 800px\" \/><\/figure><\/li><li class=\"blocks-gallery-item\"><figure><img loading=\"lazy\" decoding=\"async\" width=\"800\" height=\"495\" src=\"https:\/\/fedai.az\/wp-content\/uploads\/2021\/10\/3793bbf8a7443abda8577bcf513f65ec.jpg\" alt=\"\" data-id=\"51502\" data-full-url=\"https:\/\/fedai.az\/wp-content\/uploads\/2021\/10\/3793bbf8a7443abda8577bcf513f65ec.jpg\" data-link=\"https:\/\/fedai.az\/?attachment_id=51502\" class=\"wp-image-51502\" srcset=\"https:\/\/fedai.az\/wp-content\/uploads\/2021\/10\/3793bbf8a7443abda8577bcf513f65ec.jpg 800w, https:\/\/fedai.az\/wp-content\/uploads\/2021\/10\/3793bbf8a7443abda8577bcf513f65ec-300x186.jpg 300w, https:\/\/fedai.az\/wp-content\/uploads\/2021\/10\/3793bbf8a7443abda8577bcf513f65ec-150x93.jpg 150w, https:\/\/fedai.az\/wp-content\/uploads\/2021\/10\/3793bbf8a7443abda8577bcf513f65ec-768x475.jpg 768w\" sizes=\"auto, (max-width: 800px) 100vw, 800px\" \/><\/figure><\/li><\/ul><\/figure>\n\n\n\n<p>M\u0259rasimd\u0259 \u00e7\u0131x\u0131\u015f ed\u0259n m\u00fcdafi\u0259 naziri Az\u0259rbaycan Ordusunun h\u0259rbi qulluq\u00e7ular\u0131n\u0131n pe\u015f\u0259karl\u0131\u011f\u0131n\u0131n daha da y\u00fcks\u0259ldilm\u0259sin\u0259 b\u00f6y\u00fck t\u00f6hf\u0259 ver\u0259n bu kimi kurslar\u0131n davam etdiril\u0259c\u0259yini qeyd edib.<\/p>\n\n\n\n<p>H\u0259rbi hiss\u0259nin \u0259razisind\u0259ki t\u0259lim m\u0259rk\u0259zin\u0259 bax\u0131\u015f ke\u00e7ir\u0259n nazir komandolar\u0131n n\u00fcmun\u0259vi \u00e7\u0131x\u0131\u015flar\u0131n\u0131 izl\u0259yib.<\/p>\n\n\n\n<p>Sonda M\u00fcdafi\u0259 Nazirliyinin r\u0259hb\u0259rliyi \u015f\u0259xsi hey\u0259tl\u0259 birg\u0259 nahar edib.<\/p>\n\n\n\n<figure class=\"wp-block-embed is-type-video is-provider-youtube wp-block-embed-youtube wp-embed-aspect-16-9 wp-has-aspect-ratio\"><div class=\"wp-block-embed__wrapper\">\n<iframe loading=\"lazy\" title=\"M\u00fcdafi\u0259 naziri yeni yarad\u0131lan komando h\u0259rbi hiss\u0259sind\u0259 olub\" width=\"715\" height=\"402\" src=\"https:\/\/www.youtube.com\/embed\/rBMUJoWJ18A?feature=oembed\" frameborder=\"0\" allow=\"accelerometer; autoplay; clipboard-write; encrypted-media; gyroscope; picture-in-picture\" allowfullscreen><\/iframe>\n<\/div><\/figure>\n","protected":false},"excerpt":{"rendered":"<p>Az\u0259rbaycan Respublikas\u0131n\u0131n Prezidenti, Silahl\u0131 Q\u00fcvv\u0259l\u0259rin Ali Ba\u015f Komandan\u0131 \u0130lham \u018fliyevin g\u00f6st\u0259ri\u015fin\u0259 \u0259sas\u0259n Az\u0259rbaycan Ordusunun d\u00f6y\u00fc\u015f qabiliyy\u0259tinin art\u0131r\u0131lmas\u0131 istiqam\u0259tind\u0259 f\u0259aliyy\u0259tl\u0259r davam edir. Oktyabr\u0131n 19-da m\u00fcdafi\u0259<\/p>\n","protected":false},"author":2,"featured_media":51503,"comment_status":"closed","ping_status":"closed","sticky":false,"template":"","format":"standard","meta":{"footnotes":""},"categories":[3],"tags":[],"class_list":["post-51499","post","type-post","status-publish","format-standard","has-post-thumbnail","hentry","category-gundm"],"aioseo_notices":[],"_links":{"self":[{"href":"https:\/\/fedai.az\/index.php?rest_route=\/wp\/v2\/posts\/51499","targetHints":{"allow":["GET"]}}],"collection":[{"href":"https:\/\/fedai.az\/index.php?rest_route=\/wp\/v2\/posts"}],"about":[{"href":"https:\/\/fedai.az\/index.php?rest_route=\/wp\/v2\/types\/post"}],"author":[{"embeddable":true,"href":"https:\/\/fedai.az\/index.php?rest_route=\/wp\/v2\/users\/2"}],"replies":[{"embeddable":true,"href":"https:\/\/fedai.az\/index.php?rest_route=%2Fwp%2Fv2%2Fcomments&post=51499"}],"version-history":[{"count":1,"href":"https:\/\/fedai.az\/index.php?rest_route=\/wp\/v2\/posts\/51499\/revisions"}],"predecessor-version":[{"id":51504,"href":"https:\/\/fedai.az\/index.php?rest_route=\/wp\/v2\/posts\/51499\/revisions\/51504"}],"wp:featuredmedia":[{"embeddable":true,"href":"https:\/\/fedai.az\/index.php?rest_route=\/wp\/v2\/media\/51503"}],"wp:attachment":[{"href":"https:\/\/fedai.az\/index.php?rest_route=%2Fwp%2Fv2%2Fmedia&parent=51499"}],"wp:term":[{"taxonomy":"category","embeddable":true,"href":"https:\/\/fedai.az\/index.php?rest_route=%2Fwp%2Fv2%2Fcategories&post=51499"},{"taxonomy":"post_tag","embeddable":true,"href":"https:\/\/fedai.az\/index.php?rest_route=%2Fwp%2Fv2%2Ftags&post=51499"}],"curies":[{"name":"wp","href":"https:\/\/api.w.org\/{rel}","templated":true}]}}