{"id":51506,"date":"2021-10-20T11:00:21","date_gmt":"2021-10-20T07:00:21","guid":{"rendered":"https:\/\/fedai.az\/?p=51506"},"modified":"2021-10-20T11:20:38","modified_gmt":"2021-10-20T07:20:38","slug":"t%c9%99brik-ehtiyyatda-olan-polkovnik-leytenant-elmira-babayeva","status":"publish","type":"post","link":"https:\/\/fedai.az\/?p=51506","title":{"rendered":"T\u018fBR\u0130K: EHT\u0130YYATDA OLAN POLKOVN\u0130K- LEYTENANT ELM\u0130RA BABAYEVA"},"content":{"rendered":"\n<p><strong><span class=\"has-inline-color has-vivid-red-color\">Y\u00fcks\u0259k pe\u015f\u0259karl\u0131\u011f\u0131 v\u0259 humanistliyi il\u0259, i\u015fg\u00fczarl\u0131\u011f\u0131 v\u0259 m\u0259n\u0259vi keyfiyy\u0259til\u0259, n\u0259z\u0259ri v\u0259 praktiki biliyi il\u0259, t\u0259\u015fkilat\u00e7\u0131l\u0131q bacar\u0131\u011f\u0131 il\u0259, d\u0259qiqliyi v\u0259 t\u0259mkinliyi il\u0259, intizam\u0131 il\u0259, n\u0259zak\u0259ti&nbsp; v\u0259 t\u0259v\u0259z\u00f6karl\u0131\u011f\u0131 il\u0259&nbsp; se\u00e7il\u0259n&nbsp; \u00f6mr\u00fcn\u00fcn \u0259n m\u0259hsuldar d\u00f6vr\u00fcn\u00fcn&nbsp; 18 ild\u0259n \u00e7ox \u015f\u0259r\u0259fli xidm\u0259ti yolunu&nbsp;&nbsp; Daxili \u0130\u015fl\u0259r Nazirliyinin Daxili Qo\u015funlar\u0131n\u0131n Ba\u015f \u0130dar\u0259sinind\u0259 ke\u00e7ir\u0259n ehtiyatda olan polkovnik leytenant Babayeva Elmira \u018fli q\u0131z\u0131n\u0131n 21 oktyabr&nbsp; 60 ya\u015f\u0131 tamam olur.<\/span><\/strong><\/p>\n\n\n\n<p><strong>\u00a0\u00a0\u00a0 Bu g\u00fcn m\u00fcnasib\u0259til\u0259 AVMV\u0130B R\u0259hb\u0259rliyi v\u0259 Az\u0259rbaycan V\u0259t\u0259n M\u00fcharib\u0259si Veteranlar\u0131 \u0130ctimai Birliyinin s\u0259dr m\u00fcavini polkovnik Salman Musayev ehtiyatda olan polkovnik leytenant Babayeva Elmira \u018fli q\u0131z\u0131n\u0131 do\u011fum g\u00fcn\u00fc m\u00fcnasib\u0259til\u0259 s\u0259mimi q\u0259lbd\u0259n t\u0259brik edir, ona h\u0259yatda insan \u00fc\u00e7\u00fcn \u0259n \u015firin nem\u0259t olan m\u00f6hk\u0259m can sa\u011fl\u0131\u011f\u0131 v\u0259 h\u0259yat yollarinda bitib &#8212; t\u00fck\u0259nm\u0259y\u0259n naliyy\u0259tl\u0259r arzulay\u0131r.<\/strong><\/p>\n\n\n\n<p><strong>&nbsp;&nbsp; Qoy ya\u015f\u0131n\u0131n \u00fcst\u0259 g\u0259l\u0259n bu ya\u015f ona sevinc dolu g\u00fcnl\u0259r b\u0259x\u015f etsin, h\u0259r yeni g\u00fcn\u00fc is\u0259 \u00f6t\u0259n g\u00fcnl\u0259rd\u0259n daha g\u00f6z\u0259l ist\u0259kl\u0259rin\u0259 uy\u011fun onu xo\u015fb\u0259xt ed\u0259c\u0259k \u015f\u0259kild\u0259 ke\u00e7sin. Amin!<\/strong><\/p>\n\n\n\n<p>&nbsp;&nbsp; Ehtiyatda olan polkovnik leytenant Babayeva Elm\u0131ra \u018fli q\u0131z\u0131, 21 oktyabr 1961 -ci ild\u0259&nbsp; A\u011fstafa rayonunda anadan olub<\/p>\n\n\n\n<figure class=\"wp-block-gallery columns-3 is-cropped wp-block-gallery-1 is-layout-flex wp-block-gallery-is-layout-flex\"><ul class=\"blocks-gallery-grid\"><li class=\"blocks-gallery-item\"><figure><img loading=\"lazy\" decoding=\"async\" width=\"385\" height=\"553\" src=\"https:\/\/fedai.az\/wp-content\/uploads\/2021\/10\/20211012_141600.jpg\" alt=\"\" data-id=\"51507\" data-link=\"https:\/\/fedai.az\/?attachment_id=51507\" class=\"wp-image-51507\" srcset=\"https:\/\/fedai.az\/wp-content\/uploads\/2021\/10\/20211012_141600.jpg 385w, https:\/\/fedai.az\/wp-content\/uploads\/2021\/10\/20211012_141600-209x300.jpg 209w, https:\/\/fedai.az\/wp-content\/uploads\/2021\/10\/20211012_141600-104x150.jpg 104w\" sizes=\"auto, (max-width: 385px) 100vw, 385px\" \/><\/figure><\/li><li class=\"blocks-gallery-item\"><figure><img loading=\"lazy\" decoding=\"async\" width=\"176\" height=\"323\" src=\"https:\/\/fedai.az\/wp-content\/uploads\/2021\/10\/20211012_141848.jpg\" alt=\"\" data-id=\"51508\" data-link=\"https:\/\/fedai.az\/?attachment_id=51508\" class=\"wp-image-51508\" srcset=\"https:\/\/fedai.az\/wp-content\/uploads\/2021\/10\/20211012_141848.jpg 176w, https:\/\/fedai.az\/wp-content\/uploads\/2021\/10\/20211012_141848-163x300.jpg 163w, https:\/\/fedai.az\/wp-content\/uploads\/2021\/10\/20211012_141848-82x150.jpg 82w\" sizes=\"auto, (max-width: 176px) 100vw, 176px\" \/><\/figure><\/li><li class=\"blocks-gallery-item\"><figure><img loading=\"lazy\" decoding=\"async\" width=\"524\" height=\"772\" src=\"https:\/\/fedai.az\/wp-content\/uploads\/2021\/10\/IMG-20211019-WA0020.jpg\" alt=\"\" data-id=\"51529\" data-full-url=\"https:\/\/fedai.az\/wp-content\/uploads\/2021\/10\/IMG-20211019-WA0020.jpg\" data-link=\"https:\/\/fedai.az\/?attachment_id=51529\" class=\"wp-image-51529\" srcset=\"https:\/\/fedai.az\/wp-content\/uploads\/2021\/10\/IMG-20211019-WA0020.jpg 524w, https:\/\/fedai.az\/wp-content\/uploads\/2021\/10\/IMG-20211019-WA0020-204x300.jpg 204w, https:\/\/fedai.az\/wp-content\/uploads\/2021\/10\/IMG-20211019-WA0020-102x150.jpg 102w\" sizes=\"auto, (max-width: 524px) 100vw, 524px\" \/><\/figure><\/li><\/ul><\/figure>\n\n\n\n<p>&nbsp;&nbsp; O, 1968-ci ild\u0259 A\u011fstafa \u015f\u0259h\u0259rind\u0259 orta m\u0259kt\u0259bin birinci sinf\u0259 getmi\u015f 1978-ci ild\u0259 h\u0259min m\u0259kt\u0259bi bitirdikd\u0259n sonra 1982-ci ild\u0259 Az\u0259rbaycan Memarl\u0131q v\u0259 \u0130n\u015faat Universitetin\u0259 daxil olmu\u015f, 1987-ci ild\u0259 h\u0259min \u00dcnversiteti bitrmi\u015fdir&nbsp; .<\/p>\n\n\n\n<p>&nbsp;&nbsp;&nbsp; Elmira&nbsp; \u018fli qiz\u0131 Babayeva 1988-ci&nbsp; ild\u0259n&nbsp; 1993 c\u00fc ilin yanvar ay\u0131n\u0131n 25-d\u0259k olan m\u00fcdd\u0259tl\u0259rd\u0259 2 sayl\u0131 Tikinti-Qurra\u015fd\u0131rma \u0130dar\u0259sind\u0259 Kadrlar \u015f\u00f6b\u0259sinin r\u0259isi v\u0259zif\u0259sind\u0259 cal\u0131\u015f\u0131b. 1993 -c\u00fc ilin yanvar ayin\u0131n 26-dan&nbsp; 2011-ci il\u0131n dekabr ay\u0131na kimi&nbsp; Daxili \u0130\u015fl\u0259r Nazirliyinin Daxili Qo\u015funlar\u0131n\u0131n Ba\u015f \u0130dar\u0259sinin Kadrlar v\u0259&nbsp; T\u0259\u015fkilat komplektl\u0259\u015fdirm\u0259 \u015f\u00f6b\u0259l\u0259rind\u0259&nbsp; ba\u015f zabit v\u0259 Daxili Qosunlar\u0131n Arxiv r\u0259isi v\u0259zif\u0259l\u0259rind\u0259 xidm\u0259t edib.<\/p>\n\n\n\n<p>&nbsp;&nbsp;&nbsp; Ehtiyatda olan polkovnik leytenant Babayeva Elm\u0131ra \u018fli q\u0131z\u0131 Daxili i\u015fl\u0259r Nazirliyinin Daxili Qo\u015funlar\u0131n\u0131n Ba\u015f&nbsp; \u0130dar\u0259sind\u0259 xidm\u0259t etdiyi ill\u0259r \u0259rzind\u0259 Daxili Qo\u015funlar\u0131n Ba\u015f \u0130dar\u0259sind\u0259&nbsp; Qad\u0131nlar \u015furas\u0131n\u0131n s\u0259dri kimi ictimai v\u0259ziv\u0259nin \u00f6ht\u0259sind\u0259n layiqinc\u0259 g\u0259lmi\u015fdir.<\/p>\n\n\n\n<figure class=\"wp-block-image size-large is-resized\"><img loading=\"lazy\" decoding=\"async\" src=\"https:\/\/fedai.az\/wp-content\/uploads\/2021\/10\/20211012_141506.jpg\" alt=\"\" class=\"wp-image-51509\" width=\"924\" height=\"819\" srcset=\"https:\/\/fedai.az\/wp-content\/uploads\/2021\/10\/20211012_141506.jpg 309w, https:\/\/fedai.az\/wp-content\/uploads\/2021\/10\/20211012_141506-300x266.jpg 300w, https:\/\/fedai.az\/wp-content\/uploads\/2021\/10\/20211012_141506-150x133.jpg 150w\" sizes=\"auto, (max-width: 924px) 100vw, 924px\" \/><\/figure>\n\n\n\n<p>&nbsp;&nbsp;&nbsp;&nbsp; O,Daxili Qo\u015funlarda xidm\u0259t etdiyi ill\u0259r \u0259rzind\u0259 \u00f6zun\u00fc u\u015faq vaxtlar\u0131ndan, g\u00f6z\u0259l ail\u0259 v\u0259 m\u0259kt\u0259b t\u0259rbiy\u0259si il\u0259 b\u00f6y\u00fcm\u00fc\u015f, \u0259xlaq\u0131 t\u0259rbiy\u0259si yerind\u0259 olan, nizam v\u0259 intizaml\u0131 h\u0259rb\u00e7i kimi g\u00f6st\u0259rmi\u015fdir. O i\u015fl\u0259diyi v\u0259 oxudu\u011fu&nbsp;&nbsp; t\u0259hsil m\u00fc\u0259ssis\u0259l\u0259rind\u0259, ya\u015fad\u0131\u011f\u0131 \u0259razid\u0259&nbsp; kolektiv aras\u0131nda h\u0259mi\u015f\u0259 m\u00fcsb\u0259t m\u0259nada se\u00e7il\u0259r\u0259k, ba\u015fqalar\u0131 \u00fc\u00e7\u00fcn&nbsp; n\u00fcmun\u0259 olmu\u015fdur.<\/p>\n\n\n\n<p>&nbsp;&nbsp;&nbsp;&nbsp;&nbsp; O,Az\u0259rbaycan Respublikas\u0131nda ictimai qaydan\u0131n v\u0259 ictimai t\u0259hl\u00fck\u0259sizliyin qorunmas\u0131nda, \u015f\u0259h\u0259rd\u0259 v\u0259 ya\u015fay\u0131\u015f m\u0259nt\u0259q\u0259l\u0259rind\u0259 ba\u015f vermi\u015f k\u00fctl\u0259vi ixti\u015fa\u015flar\u0131n qar\u015f\u0131s\u0131n\u0131n al\u0131nmas\u0131nda, f\u00f6vqalad\u0259 hallar zaman\u0131 h\u00fcq\u00fcqi rejimin v\u0259 d\u00f6vl\u0259tin \u0259razi b\u00fct\u00f6vl\u00fcy\u00fcn\u00fcn&nbsp; t\u0259min edilm\u0259sind\u0259&nbsp; ona h\u0259val\u0259 edilmi\u015f v\u0259zif\u0259 v\u0259 tap\u015f\u0131r\u0131qlar\u0131n \u00f6hd\u0259sind\u0259n vaxt\u0131nda g\u0259lmi\u015fdir.<\/p>\n\n\n\n<p>&nbsp;&nbsp;&nbsp;&nbsp; Elmira \u018fli qiz\u0131 Babayeva Az\u0259rbaycan Respublikas\u0131 Konstitusiyas\u0131na v\u0259 qanunlar\u0131na, h\u0259rbi and\u0131n, h\u0259rbi nizamnam\u0259l\u0259rin, direktivl\u0259rin, t\u0259limatlar\u0131n, \u0259sasnam\u0259 v\u0259 \u0259mirl\u0259rin t\u0259l\u0259bl\u0259rin\u0259 v\u0259 v\u0259zif\u0259 borcuna \u0259m\u0259l etm\u0259kd\u0259 tabeliyind\u0259kil\u0259r \u00fc\u00e7\u00fcn n\u00fcmun\u0259 olmu\u015f V\u0259t\u0259n\u0259, D\u00f6vl\u0259t\u0259 v\u0259 xalqa is\u0259&nbsp; s\u0259daq\u0259tl\u0259 xidm\u0259t etmi\u015fdir.<\/p>\n\n\n\n<figure class=\"wp-block-image size-large\"><img loading=\"lazy\" decoding=\"async\" width=\"1024\" height=\"630\" src=\"https:\/\/fedai.az\/wp-content\/uploads\/2021\/10\/20211013_195758-1024x630.jpg\" alt=\"\" class=\"wp-image-51510\" srcset=\"https:\/\/fedai.az\/wp-content\/uploads\/2021\/10\/20211013_195758-1024x630.jpg 1024w, https:\/\/fedai.az\/wp-content\/uploads\/2021\/10\/20211013_195758-300x184.jpg 300w, https:\/\/fedai.az\/wp-content\/uploads\/2021\/10\/20211013_195758-150x92.jpg 150w, https:\/\/fedai.az\/wp-content\/uploads\/2021\/10\/20211013_195758-768x472.jpg 768w, https:\/\/fedai.az\/wp-content\/uploads\/2021\/10\/20211013_195758.jpg 1080w\" sizes=\"auto, (max-width: 1024px) 100vw, 1024px\" \/><\/figure>\n\n\n\n<p>&nbsp;&nbsp;&nbsp; Elmira xan\u0131m, qorxmaz, insanp\u0259rv\u0259r, saxav\u0259tli, \u0259lia\u00e7\u0131q, v\u0259t\u0259np\u0259rv\u0259r, v\u0259fal\u0131 bir z\u0259hm\u0259ke\u015f ba\u015f zabit olub. O,ist\u0259r t\u0259hsil ald\u0131\u011f\u0131 orta v\u0259&nbsp; ali t\u0259hsil m\u00fc\u0259ssis\u0259l\u0259rind\u0259,ist\u0259rs\u0259d\u0259 xidm\u0259t etdiyi&nbsp; kollektivl\u0259rd\u0259, dost-tan\u0131\u015f, qohum- \u0259qr\u0259ba aras\u0131nda \u00f6z\u00fcn\u0259 layiq h\u00f6rm\u0259t qazanm\u0131\u015fd\u0131r.<\/p>\n\n\n\n<p>&nbsp;&nbsp;&nbsp;&nbsp; O,xidm\u0259td\u0259 f\u0259rql\u0259ndiyin\u0259 g\u00f6r\u0259 Az\u0259rbaycan Respublikas\u0131n\u0131n Prezidenti ad\u0131ndan Daxili \u0130\u015fl\u0259r Nazirnin,Daxili Qo\u015funlar Komandan\u0131n\u0131n v\u0259onun m\u00fcavinl\u0259rinin m\u00fcvafiq \u0259mrl\u0259ri &#171;Q\u00fcsursuz xidm\u0259tl\u0259r\u0259 g\u00f6r\u0259 &#187; 2-ci v\u0259 3-c\u00fc d\u0259r\u0259c\u0259li, &#171;Silahl\u0131 Q\u00fcvv\u0259l\u0259rinin yaranmas\u0131n\u0131n 10 &#8212; illk v\u0259 90-&nbsp; ilik yubley medalar\u0131 il\u0259 t\u0259ltif edilib.<\/p>\n\n\n\n<p>&nbsp;&nbsp;&nbsp; Ehtiyatda olan polkovnik leytenant Elmira Babayeva Xidm\u0259ti v\u0259zif\u0259l\u0259rin icras\u0131 zaman\u0131 y\u00fcks\u0259k m\u0259n\u0259vi -d\u00f6y\u00fc\u015f&nbsp; keyfiyy\u0259tl\u0259ri g\u00f6st\u0259rdiyin\u0259, d\u00f6y\u00fc\u015f v\u0259 ictimai s\u0131yas\u0131 haz\u0131rl\u0131\u011f\u0131nda, h\u0259rbi intizam\u0131n m\u00f6hk\u0259ml\u0259ndirilm\u0259sind\u0259 y\u00fcks\u0259k g\u00f6st\u0259ricil\u0259r\u0259 nail oldu\u011funa v\u0259 n\u00fcmun\u0259vi xidm\u0259tin\u0259 v\u0259 h\u0259rbi v\u0259zif\u0259l\u0259rinin yerin\u0259 yetirilm\u0259sin\u0259 m\u0259suliyy\u0259tl\u0259 yana\u015fd\u0131\u011f\u0131na g\u00f6r\u0259 Daxili \u0130\u015fl\u0259r Nazirinin Daxili Qo\u015funlar Komandan\u0131n\u0131n v\u0259 onun m\u00fcavinl\u0259rinin m\u00fcvafiq \u0259mrl\u0259ri il\u0259 \u0259la xidm\u0259tl\u0259r\u0259 g\u00f6r\u0259 d\u00f6\u015f v\u0259 yubley nisanlar\u0131 il\u0259, pul m\u00fckafatlar\u0131 il\u0259, f\u0259xri f\u0259rmanlarla, qiym\u0259tli h\u0259diyy\u0259l\u0259rl\u0259 m\u00fckafatland\u0131rl\u0131b v\u0259 ona t\u0259\u015f\u0259kk\u00fcr elan edilib.<\/p>\n\n\n\n<figure class=\"wp-block-gallery columns-2 is-cropped wp-block-gallery-2 is-layout-flex wp-block-gallery-is-layout-flex\"><ul class=\"blocks-gallery-grid\"><li class=\"blocks-gallery-item\"><figure><img loading=\"lazy\" decoding=\"async\" width=\"595\" height=\"1024\" src=\"https:\/\/fedai.az\/wp-content\/uploads\/2021\/10\/20211012_141341-595x1024.jpg\" alt=\"\" data-id=\"51511\" data-link=\"https:\/\/fedai.az\/?attachment_id=51511\" class=\"wp-image-51511\" srcset=\"https:\/\/fedai.az\/wp-content\/uploads\/2021\/10\/20211012_141341-595x1024.jpg 595w, https:\/\/fedai.az\/wp-content\/uploads\/2021\/10\/20211012_141341-174x300.jpg 174w, https:\/\/fedai.az\/wp-content\/uploads\/2021\/10\/20211012_141341-87x150.jpg 87w, https:\/\/fedai.az\/wp-content\/uploads\/2021\/10\/20211012_141341-768x1322.jpg 768w, https:\/\/fedai.az\/wp-content\/uploads\/2021\/10\/20211012_141341-892x1536.jpg 892w, https:\/\/fedai.az\/wp-content\/uploads\/2021\/10\/20211012_141341.jpg 1080w\" sizes=\"auto, (max-width: 595px) 100vw, 595px\" \/><\/figure><\/li><li class=\"blocks-gallery-item\"><figure><img loading=\"lazy\" decoding=\"async\" width=\"576\" height=\"1024\" src=\"https:\/\/fedai.az\/wp-content\/uploads\/2021\/10\/IMG-20211017-WA0075-576x1024.jpg\" alt=\"\" data-id=\"51512\" data-full-url=\"https:\/\/fedai.az\/wp-content\/uploads\/2021\/10\/IMG-20211017-WA0075.jpg\" data-link=\"https:\/\/fedai.az\/?attachment_id=51512\" class=\"wp-image-51512\" srcset=\"https:\/\/fedai.az\/wp-content\/uploads\/2021\/10\/IMG-20211017-WA0075-576x1024.jpg 576w, https:\/\/fedai.az\/wp-content\/uploads\/2021\/10\/IMG-20211017-WA0075-169x300.jpg 169w, https:\/\/fedai.az\/wp-content\/uploads\/2021\/10\/IMG-20211017-WA0075-84x150.jpg 84w, https:\/\/fedai.az\/wp-content\/uploads\/2021\/10\/IMG-20211017-WA0075.jpg 720w\" sizes=\"auto, (max-width: 576px) 100vw, 576px\" \/><\/figure><\/li><\/ul><\/figure>\n\n\n\n<p>&nbsp;&nbsp;&nbsp;&nbsp; Ehtiyatda olan polkovnik leytenant Babayeva Elmira \u018fli q\u0131z\u0131 Xidm\u0259ti v\u0259zif\u0259l\u0259rin yerin\u0259 yetirilm\u0259sind\u0259&nbsp; f\u0259riql\u0259ndiyin\u0259 g\u00f6r\u0259, Az\u0259rbaycan&nbsp; Respublikas\u0131n\u0131n Prez\u0131dentinin m\u00fcvafiq s\u0259r\u0259ncam\u0131 il\u0259&nbsp; &#187; H\u0259rbi xidm\u0259tl\u0259r\u0259&nbsp; g\u00f6r\u0259&#187; medal\u0131 il\u0259&nbsp; t\u0259ltif edilib<\/p>\n\n\n\n<p><strong>ELM\u0130RA XANIM!<\/strong><\/p>\n\n\n\n<p><strong>B\u0130R \u0130L DAHA B\u0130TD\u0130, AMMA HE\u00c7 VAXT K\u018fD\u018fRL\u018fNM\u018f&nbsp; ZAMAN TEZ KE\u00c7\u0130R DEY\u018f&#8230;UNUTMA K\u0130 H\u018fR&nbsp; K\u018fS EYN\u0130 \u015eEY\u0130 YA\u015eAYIR.BU \u0130L\u0130N SONUNDA GER\u0130Y\u018f BAXDI\u011eINDA \u00dcM\u00dcD ED\u0130R\u018fM B\u0130R &#171;M\u00d6C\u00dcZ\u018f&nbsp; \u0130LD\u0130 &#187; DEY\u018fRS\u018fN&#8230;B\u00dcT\u00dcN ARZULARLNIN REALLA\u015eMASI D\u0130L\u018fY\u0130ML\u018f&#8230; XO\u015eB\u018fXT \u0130LL\u018fR\u018f.<\/strong><\/p>\n\n\n\n<p><strong>D\u0259rin h\u00f6rm\u0259tl\u0259, Az\u0259rbaycan V\u0259t\u0259n M\u00fcharib\u0259si Veteranlar\u0131 \u0130ctimai Birliyinin s\u0259dr m\u00fcavini polkovnik Salman Musayev<\/strong><\/p>\n\n\n\n<figure class=\"wp-block-gallery columns-2 is-cropped wp-block-gallery-3 is-layout-flex wp-block-gallery-is-layout-flex\"><ul class=\"blocks-gallery-grid\"><li class=\"blocks-gallery-item\"><figure><img loading=\"lazy\" decoding=\"async\" width=\"600\" height=\"600\" src=\"https:\/\/fedai.az\/wp-content\/uploads\/2021\/10\/8265a327389da9fe4fdc2714b309120e-2-1.jpg\" alt=\"\" data-id=\"51513\" data-link=\"https:\/\/fedai.az\/?attachment_id=51513\" class=\"wp-image-51513\" srcset=\"https:\/\/fedai.az\/wp-content\/uploads\/2021\/10\/8265a327389da9fe4fdc2714b309120e-2-1.jpg 600w, https:\/\/fedai.az\/wp-content\/uploads\/2021\/10\/8265a327389da9fe4fdc2714b309120e-2-1-300x300.jpg 300w, https:\/\/fedai.az\/wp-content\/uploads\/2021\/10\/8265a327389da9fe4fdc2714b309120e-2-1-150x150.jpg 150w, https:\/\/fedai.az\/wp-content\/uploads\/2021\/10\/8265a327389da9fe4fdc2714b309120e-2-1-215x215.jpg 215w\" sizes=\"auto, (max-width: 600px) 100vw, 600px\" \/><\/figure><\/li><li class=\"blocks-gallery-item\"><figure><img loading=\"lazy\" decoding=\"async\" width=\"750\" height=\"1000\" src=\"https:\/\/fedai.az\/wp-content\/uploads\/2021\/10\/IMG-20211017-WA0074.jpg\" alt=\"\" data-id=\"51514\" data-full-url=\"https:\/\/fedai.az\/wp-content\/uploads\/2021\/10\/IMG-20211017-WA0074.jpg\" data-link=\"https:\/\/fedai.az\/?attachment_id=51514\" class=\"wp-image-51514\" srcset=\"https:\/\/fedai.az\/wp-content\/uploads\/2021\/10\/IMG-20211017-WA0074.jpg 750w, https:\/\/fedai.az\/wp-content\/uploads\/2021\/10\/IMG-20211017-WA0074-225x300.jpg 225w, https:\/\/fedai.az\/wp-content\/uploads\/2021\/10\/IMG-20211017-WA0074-113x150.jpg 113w\" sizes=\"auto, (max-width: 750px) 100vw, 750px\" \/><\/figure><\/li><\/ul><\/figure>\n","protected":false},"excerpt":{"rendered":"<p>Y\u00fcks\u0259k pe\u015f\u0259karl\u0131\u011f\u0131 v\u0259 humanistliyi il\u0259, i\u015fg\u00fczarl\u0131\u011f\u0131 v\u0259 m\u0259n\u0259vi keyfiyy\u0259til\u0259, n\u0259z\u0259ri v\u0259 praktiki biliyi il\u0259, t\u0259\u015fkilat\u00e7\u0131l\u0131q bacar\u0131\u011f\u0131 il\u0259, d\u0259qiqliyi v\u0259 t\u0259mkinliyi il\u0259, intizam\u0131 il\u0259, n\u0259zak\u0259ti&nbsp;<\/p>\n","protected":false},"author":2,"featured_media":51515,"comment_status":"closed","ping_status":"closed","sticky":false,"template":"","format":"standard","meta":{"footnotes":""},"categories":[11],"tags":[],"class_list":["post-51506","post","type-post","status-publish","format-standard","has-post-thumbnail","hentry","category-tbrik"],"aioseo_notices":[],"_links":{"self":[{"href":"https:\/\/fedai.az\/index.php?rest_route=\/wp\/v2\/posts\/51506","targetHints":{"allow":["GET"]}}],"collection":[{"href":"https:\/\/fedai.az\/index.php?rest_route=\/wp\/v2\/posts"}],"about":[{"href":"https:\/\/fedai.az\/index.php?rest_route=\/wp\/v2\/types\/post"}],"author":[{"embeddable":true,"href":"https:\/\/fedai.az\/index.php?rest_route=\/wp\/v2\/users\/2"}],"replies":[{"embeddable":true,"href":"https:\/\/fedai.az\/index.php?rest_route=%2Fwp%2Fv2%2Fcomments&post=51506"}],"version-history":[{"count":3,"href":"https:\/\/fedai.az\/index.php?rest_route=\/wp\/v2\/posts\/51506\/revisions"}],"predecessor-version":[{"id":51531,"href":"https:\/\/fedai.az\/index.php?rest_route=\/wp\/v2\/posts\/51506\/revisions\/51531"}],"wp:featuredmedia":[{"embeddable":true,"href":"https:\/\/fedai.az\/index.php?rest_route=\/wp\/v2\/media\/51515"}],"wp:attachment":[{"href":"https:\/\/fedai.az\/index.php?rest_route=%2Fwp%2Fv2%2Fmedia&parent=51506"}],"wp:term":[{"taxonomy":"category","embeddable":true,"href":"https:\/\/fedai.az\/index.php?rest_route=%2Fwp%2Fv2%2Fcategories&post=51506"},{"taxonomy":"post_tag","embeddable":true,"href":"https:\/\/fedai.az\/index.php?rest_route=%2Fwp%2Fv2%2Ftags&post=51506"}],"curies":[{"name":"wp","href":"https:\/\/api.w.org\/{rel}","templated":true}]}}