{"id":51517,"date":"2021-10-20T11:04:01","date_gmt":"2021-10-20T07:04:01","guid":{"rendered":"https:\/\/fedai.az\/?p=51517"},"modified":"2021-10-20T11:04:02","modified_gmt":"2021-10-20T07:04:02","slug":"%c9%99li-nagiyev-itkinl%c9%99r-m%c9%99s%c9%99l%c9%99sini-qirmizi-xacin-r%c9%99smisi-il%c9%99-muzakir%c9%99-etdi","status":"publish","type":"post","link":"https:\/\/fedai.az\/?p=51517","title":{"rendered":"\u018fli Na\u011f\u0131yev itkinl\u0259r m\u0259s\u0259l\u0259sini &#171;Q\u0131rm\u0131z\u0131 Xa\u00e7&#187;\u0131n r\u0259smisi il\u0259 m\u00fczakir\u0259 etdi"},"content":{"rendered":"\n<p><strong>Oktyabr\u0131n 19-da Az\u0259rbaycan Respublikas\u0131 D\u00f6vl\u0259t T\u0259hl\u00fck\u0259sizliyi Xidm\u0259tinin r\u0259isi, \u018fsir v\u0259 itkin d\u00fc\u015fm\u00fc\u015f, girov g\u00f6t\u00fcr\u00fclm\u00fc\u015f v\u0259t\u0259nda\u015flarla \u0259laq\u0259dar D\u00f6vl\u0259t Komissiyas\u0131n\u0131n s\u0259dri \u018fli Na\u011f\u0131yev Beyn\u0259lxalq Q\u0131rm\u0131z\u0131 Xa\u00e7 Komit\u0259sinin (BQXK) vitse-prezidenti Jil Karbonyenin r\u0259hb\u0259rlik etdiyi n\u00fcmay\u0259nd\u0259 hey\u0259tini q\u0259bul edib.<\/strong><\/p>\n\n\n\n<p><strong><br><\/strong>DTX x\u0259b\u0259r verir ki, g\u00f6r\u00fc\u015fd\u0259 BQXK il\u0259 \u00f6lk\u0259miz aras\u0131nda m\u00f6vcud \u0259laq\u0259l\u0259r, t\u0259\u015fkilat\u0131n humanitar missiyas\u0131n\u0131n h\u0259yata ke\u00e7irilm\u0259si il\u0259 ba\u011fl\u0131 qar\u015f\u0131l\u0131ql\u0131 maraq k\u0259sb ed\u0259n m\u0259s\u0259l\u0259l\u0259r m\u00fczakir\u0259 olunub.<\/p>\n\n\n\n<p><br>General-polkovnik \u018fli Na\u011f\u0131yev Birinci v\u0259 \u0130kinci Qaraba\u011f m\u00fcharib\u0259l\u0259rind\u0259 itkin d\u00fc\u015f\u0259n v\u0259t\u0259nda\u015flar\u0131m\u0131z\u0131n tap\u0131lmas\u0131 m\u0259s\u0259l\u0259sin\u0259 toxunaraq BQKX-nin bu istiqam\u0259td\u0259 bundan sonra da f\u0259al rol oynayaca\u011f\u0131na v\u0259 m\u00fch\u00fcm t\u00f6hf\u0259l\u0259r ver\u0259c\u0259yin\u0259 \u00fcmidvar oldu\u011funu bildirib.<br><br>H\u0259m\u00e7inin regionda h\u00f6km s\u00fcr\u0259n yeni reall\u0131qlar n\u0259z\u0259r\u0259 al\u0131nmaqla BQKX-nin n\u00fcmay\u0259nd\u0259l\u0259rinin Az\u0259rbaycan \u0259razisind\u0259 m\u00fcv\u0259qq\u0259ti yerl\u0259\u015f\u0259n Rusiya s\u00fclhm\u0259raml\u0131 q\u00fcvv\u0259l\u0259rinin n\u0259zar\u0259ti alt\u0131nda olan b\u00f6lg\u0259l\u0259r\u0259 s\u0259f\u0259rl\u0259rinin Erm\u0259nistan\u0131n deyil, yaln\u0131z respublikam\u0131z\u0131n \u0259razisind\u0259n istifad\u0259 edilm\u0259kl\u0259 m\u00fcmk\u00fcnl\u00fcy\u00fc n\u0259z\u0259r\u0259 \u00e7atd\u0131r\u0131l\u0131b.<\/p>\n\n\n\n<p><br>Bundan \u0259lav\u0259, s\u00f6hb\u0259t \u0259snas\u0131nda Yax\u0131n \u015e\u0259rq b\u00f6lg\u0259sind\u0259n, x\u00fcsus\u0259n d\u0259 Suriya v\u0259 \u0130raqdan Az\u0259rbaycan \u0259silli v\u0259t\u0259nda\u015flar\u0131n v\u0259 onlar\u0131n ail\u0259 \u00fczvl\u0259rinin \u00f6lk\u0259y\u0259 qaytar\u0131lmas\u0131 m\u00f6vzusu da geni\u015f m\u00fczakir\u0259 olunub.<\/p>\n\n\n\n<p>BQKX-nin vitse-prezidenti Jil Karbonye Az\u0259rbaycan h\u00f6kum\u0259ti il\u0259 faydal\u0131 \u0259m\u0259kda\u015fl\u0131q m\u00fcnasib\u0259tl\u0259rind\u0259n m\u0259mnunlu\u011funu ifad\u0259 etmi\u015f, qeyd olunan m\u0259s\u0259l\u0259l\u0259rin h\u0259lli istiqam\u0259tind\u0259 birg\u0259 s\u0259m\u0259r\u0259li f\u0259aliyy\u0259tin davam ed\u0259c\u0259yin\u0259 \u0259minliyini bildirib.<\/p>\n","protected":false},"excerpt":{"rendered":"<p>Oktyabr\u0131n 19-da Az\u0259rbaycan Respublikas\u0131 D\u00f6vl\u0259t T\u0259hl\u00fck\u0259sizliyi Xidm\u0259tinin r\u0259isi, \u018fsir v\u0259 itkin d\u00fc\u015fm\u00fc\u015f, girov g\u00f6t\u00fcr\u00fclm\u00fc\u015f v\u0259t\u0259nda\u015flarla \u0259laq\u0259dar D\u00f6vl\u0259t Komissiyas\u0131n\u0131n s\u0259dri \u018fli Na\u011f\u0131yev Beyn\u0259lxalq Q\u0131rm\u0131z\u0131 Xa\u00e7<\/p>\n","protected":false},"author":2,"featured_media":51518,"comment_status":"closed","ping_status":"closed","sticky":false,"template":"","format":"standard","meta":{"footnotes":""},"categories":[12],"tags":[],"class_list":["post-51517","post","type-post","status-publish","format-standard","has-post-thumbnail","hentry","category-sosial"],"aioseo_notices":[],"_links":{"self":[{"href":"https:\/\/fedai.az\/index.php?rest_route=\/wp\/v2\/posts\/51517","targetHints":{"allow":["GET"]}}],"collection":[{"href":"https:\/\/fedai.az\/index.php?rest_route=\/wp\/v2\/posts"}],"about":[{"href":"https:\/\/fedai.az\/index.php?rest_route=\/wp\/v2\/types\/post"}],"author":[{"embeddable":true,"href":"https:\/\/fedai.az\/index.php?rest_route=\/wp\/v2\/users\/2"}],"replies":[{"embeddable":true,"href":"https:\/\/fedai.az\/index.php?rest_route=%2Fwp%2Fv2%2Fcomments&post=51517"}],"version-history":[{"count":1,"href":"https:\/\/fedai.az\/index.php?rest_route=\/wp\/v2\/posts\/51517\/revisions"}],"predecessor-version":[{"id":51519,"href":"https:\/\/fedai.az\/index.php?rest_route=\/wp\/v2\/posts\/51517\/revisions\/51519"}],"wp:featuredmedia":[{"embeddable":true,"href":"https:\/\/fedai.az\/index.php?rest_route=\/wp\/v2\/media\/51518"}],"wp:attachment":[{"href":"https:\/\/fedai.az\/index.php?rest_route=%2Fwp%2Fv2%2Fmedia&parent=51517"}],"wp:term":[{"taxonomy":"category","embeddable":true,"href":"https:\/\/fedai.az\/index.php?rest_route=%2Fwp%2Fv2%2Fcategories&post=51517"},{"taxonomy":"post_tag","embeddable":true,"href":"https:\/\/fedai.az\/index.php?rest_route=%2Fwp%2Fv2%2Ftags&post=51517"}],"curies":[{"name":"wp","href":"https:\/\/api.w.org\/{rel}","templated":true}]}}