{"id":51533,"date":"2021-10-20T11:41:55","date_gmt":"2021-10-20T07:41:55","guid":{"rendered":"https:\/\/fedai.az\/?p=51533"},"modified":"2021-10-20T11:41:58","modified_gmt":"2021-10-20T07:41:58","slug":"mehriban-%c9%99liyeva-qayidisin-h%c9%99y%c9%99can-v%c9%99-sevincini-sizinl%c9%99-bolusur%c9%99m","status":"publish","type":"post","link":"https:\/\/fedai.az\/?p=51533","title":{"rendered":"Mehriban \u018fliyeva: Qay\u0131d\u0131\u015f\u0131n h\u0259y\u0259can v\u0259 sevincini sizinl\u0259 b\u00f6l\u00fc\u015f\u00fcr\u0259m!"},"content":{"rendered":"\n<p>Az\u0259rbaycan Respublikas\u0131n\u0131n Birinci vitse-prezidenti Mehriban \u018fliyeva r\u0259smi instaqram s\u0259hif\u0259sind\u0259 F\u00fczulid\u0259n olan ke\u00e7mi\u015f m\u0259cburi k\u00f6\u00e7k\u00fcnl\u0259rl\u0259 g\u00f6r\u00fc\u015f\u00fc il\u0259 ba\u011fl\u0131 payla\u015f\u0131m edib.<\/p>\n\n\n\n<p>Payla\u015f\u0131mda deyilir:<\/p>\n\n\n\n<p><strong>\u201cF\u00fczuli rayonundan olan ke\u00e7mi\u015f m\u0259cburi k\u00f6\u00e7k\u00fcnl\u0259rl\u0259 g\u00f6r\u00fc\u015f. Do\u011fma torpaqlara qay\u0131d\u0131\u015f\u0131n\u0131z\u0131n h\u0259y\u0259can\u0131n\u0131 v\u0259 sevincini s\u0259mimi-q\u0259lbd\u0259n sizinl\u0259 b\u00f6l\u00fc\u015f\u00fcr\u0259m!\u201d.<\/strong><\/p>\n","protected":false},"excerpt":{"rendered":"<p>Az\u0259rbaycan Respublikas\u0131n\u0131n Birinci vitse-prezidenti Mehriban \u018fliyeva r\u0259smi instaqram s\u0259hif\u0259sind\u0259 F\u00fczulid\u0259n olan ke\u00e7mi\u015f m\u0259cburi k\u00f6\u00e7k\u00fcnl\u0259rl\u0259 g\u00f6r\u00fc\u015f\u00fc il\u0259 ba\u011fl\u0131 payla\u015f\u0131m edib. Payla\u015f\u0131mda deyilir: \u201cF\u00fczuli rayonundan olan<\/p>\n","protected":false},"author":2,"featured_media":51534,"comment_status":"closed","ping_status":"closed","sticky":false,"template":"","format":"standard","meta":{"footnotes":""},"categories":[4],"tags":[],"class_list":["post-51533","post","type-post","status-publish","format-standard","has-post-thumbnail","hentry","category-qarabag"],"aioseo_notices":[],"_links":{"self":[{"href":"https:\/\/fedai.az\/index.php?rest_route=\/wp\/v2\/posts\/51533","targetHints":{"allow":["GET"]}}],"collection":[{"href":"https:\/\/fedai.az\/index.php?rest_route=\/wp\/v2\/posts"}],"about":[{"href":"https:\/\/fedai.az\/index.php?rest_route=\/wp\/v2\/types\/post"}],"author":[{"embeddable":true,"href":"https:\/\/fedai.az\/index.php?rest_route=\/wp\/v2\/users\/2"}],"replies":[{"embeddable":true,"href":"https:\/\/fedai.az\/index.php?rest_route=%2Fwp%2Fv2%2Fcomments&post=51533"}],"version-history":[{"count":1,"href":"https:\/\/fedai.az\/index.php?rest_route=\/wp\/v2\/posts\/51533\/revisions"}],"predecessor-version":[{"id":51535,"href":"https:\/\/fedai.az\/index.php?rest_route=\/wp\/v2\/posts\/51533\/revisions\/51535"}],"wp:featuredmedia":[{"embeddable":true,"href":"https:\/\/fedai.az\/index.php?rest_route=\/wp\/v2\/media\/51534"}],"wp:attachment":[{"href":"https:\/\/fedai.az\/index.php?rest_route=%2Fwp%2Fv2%2Fmedia&parent=51533"}],"wp:term":[{"taxonomy":"category","embeddable":true,"href":"https:\/\/fedai.az\/index.php?rest_route=%2Fwp%2Fv2%2Fcategories&post=51533"},{"taxonomy":"post_tag","embeddable":true,"href":"https:\/\/fedai.az\/index.php?rest_route=%2Fwp%2Fv2%2Ftags&post=51533"}],"curies":[{"name":"wp","href":"https:\/\/api.w.org\/{rel}","templated":true}]}}