{"id":51536,"date":"2021-10-20T12:17:46","date_gmt":"2021-10-20T08:17:46","guid":{"rendered":"https:\/\/fedai.az\/?p=51536"},"modified":"2021-10-20T12:17:49","modified_gmt":"2021-10-20T08:17:49","slug":"az%c9%99rbaycanda-yeni-sosial-paket-hazirlanir","status":"publish","type":"post","link":"https:\/\/fedai.az\/?p=51536","title":{"rendered":"Az\u0259rbaycanda yeni sosial paket haz\u0131rlan\u0131r"},"content":{"rendered":"\n<p><strong>\u201cAz\u0259rbaycan Prezidenti t\u0259r\u0259find\u0259n \u018fm\u0259k v\u0259 \u018fhalinin Sosial M\u00fcdafi\u0259si Nazirliyinin qar\u015f\u0131s\u0131na yeni t\u0259l\u0259bl\u0259r qoyulub\u201d.<\/strong><\/p>\n\n\n\n<p>Bu fikirl\u0259ri Yeni Az\u0259rbaycan Partiyas\u0131 (YAP) s\u0259drinin m\u00fcavini &#8212; M\u0259rk\u0259zi Aparat\u0131n r\u0259hb\u0259ri&nbsp;<strong>Tahir Budaqov&nbsp;<\/strong>partiyan\u0131n m\u0259rk\u0259zi q\u0259rargah\u0131nda ke\u00e7iril\u0259n \u201cGender b\u0259rab\u0259rliyinin v\u0259 qad\u0131n h\u00fcquqlar\u0131n\u0131n t\u0259\u015fviqind\u0259 v\u0259t\u0259nda\u015f c\u0259miyy\u0259tinin rolu\u201d adl\u0131 konfransda \u00e7\u0131x\u0131\u015f\u0131 zaman\u0131 deyib.<\/p>\n\n\n\n<p>Onun s\u00f6zl\u0259rin\u0259 g\u00f6r\u0259, nazirlikd\u0259 yeni sosial paket haz\u0131rlan\u0131r: \u201c\u00dcmid edir\u0259m ki, h\u0259min sosial paket haz\u0131rlanan zaman qad\u0131nlar da n\u0259z\u0259r\u0259 al\u0131nacaq\u201d.<\/p>\n","protected":false},"excerpt":{"rendered":"<p>\u201cAz\u0259rbaycan Prezidenti t\u0259r\u0259find\u0259n \u018fm\u0259k v\u0259 \u018fhalinin Sosial M\u00fcdafi\u0259si Nazirliyinin qar\u015f\u0131s\u0131na yeni t\u0259l\u0259bl\u0259r qoyulub\u201d. Bu fikirl\u0259ri Yeni Az\u0259rbaycan Partiyas\u0131 (YAP) s\u0259drinin m\u00fcavini &#8212; M\u0259rk\u0259zi Aparat\u0131n<\/p>\n","protected":false},"author":2,"featured_media":51537,"comment_status":"closed","ping_status":"closed","sticky":false,"template":"","format":"standard","meta":{"footnotes":""},"categories":[12],"tags":[],"class_list":["post-51536","post","type-post","status-publish","format-standard","has-post-thumbnail","hentry","category-sosial"],"aioseo_notices":[],"_links":{"self":[{"href":"https:\/\/fedai.az\/index.php?rest_route=\/wp\/v2\/posts\/51536","targetHints":{"allow":["GET"]}}],"collection":[{"href":"https:\/\/fedai.az\/index.php?rest_route=\/wp\/v2\/posts"}],"about":[{"href":"https:\/\/fedai.az\/index.php?rest_route=\/wp\/v2\/types\/post"}],"author":[{"embeddable":true,"href":"https:\/\/fedai.az\/index.php?rest_route=\/wp\/v2\/users\/2"}],"replies":[{"embeddable":true,"href":"https:\/\/fedai.az\/index.php?rest_route=%2Fwp%2Fv2%2Fcomments&post=51536"}],"version-history":[{"count":1,"href":"https:\/\/fedai.az\/index.php?rest_route=\/wp\/v2\/posts\/51536\/revisions"}],"predecessor-version":[{"id":51538,"href":"https:\/\/fedai.az\/index.php?rest_route=\/wp\/v2\/posts\/51536\/revisions\/51538"}],"wp:featuredmedia":[{"embeddable":true,"href":"https:\/\/fedai.az\/index.php?rest_route=\/wp\/v2\/media\/51537"}],"wp:attachment":[{"href":"https:\/\/fedai.az\/index.php?rest_route=%2Fwp%2Fv2%2Fmedia&parent=51536"}],"wp:term":[{"taxonomy":"category","embeddable":true,"href":"https:\/\/fedai.az\/index.php?rest_route=%2Fwp%2Fv2%2Fcategories&post=51536"},{"taxonomy":"post_tag","embeddable":true,"href":"https:\/\/fedai.az\/index.php?rest_route=%2Fwp%2Fv2%2Ftags&post=51536"}],"curies":[{"name":"wp","href":"https:\/\/api.w.org\/{rel}","templated":true}]}}