{"id":51545,"date":"2021-10-20T12:48:55","date_gmt":"2021-10-20T08:48:55","guid":{"rendered":"https:\/\/fedai.az\/?p=51545"},"modified":"2021-10-20T12:48:59","modified_gmt":"2021-10-20T08:48:59","slug":"s%c9%99hidin-s%c9%99had%c9%99tinin-ildonumu-qeyd-olunub","status":"publish","type":"post","link":"https:\/\/fedai.az\/?p=51545","title":{"rendered":"\u015e\u0259hidin \u015f\u0259had\u0259tinin ild\u00f6n\u00fcm\u00fc qeyd olunub"},"content":{"rendered":"\n<p><strong>Az\u0259rbaycan V\u0259t\u0259n M\u00fcharib\u0259si Veteranlar\u0131 \u0130ctimai Birliyi (AVMV\u0130B) Xocav\u0259nd v\u0259 Az\u0259rbaycan V\u0259t\u0259n M\u00fcharib\u0259si Veteranlar\u0131 \u0130ctimai Birliyi (AVMV\u0130B) Beyl\u0259qan rayon \u015f\u00f6b\u0259l\u0259ri birg\u0259 silsil\u0259 t\u0259dbirl\u0259rini davam etdiribl\u0259r.<\/strong><\/p>\n\n\n\n<p>Rayon \u015f\u00f6b\u0259l\u0259rinin r\u0259hb\u0259rl\u0259ri \u00f6nc\u0259 Beyl\u0259qan rayonu II \u015eahsev\u0259n k\u0259ndind\u0259 \u015f\u0259hidimiz M\u0259nsur Elnur o\u011flu Teymurovun \u015f\u0259had\u0259tinin  ild\u00f6n\u00fcm\u00fc m\u0259rasimind\u0259 i\u015ftirak edibl\u0259r.<\/p>\n\n\n\n<p>Az\u0259rbaycan V\u0259t\u0259n M\u00fcharib\u0259si Veteranlar\u0131 \u0130ctimai Birliyi (AVMV\u0130B) Beyl\u0259qan rayon \u015f\u00f6b\u0259sinin s\u0259dri \u018fl\u00f6vs\u0259t M\u0259mm\u0259dov bildirib ki, AVMV\u0130B s\u0259dri F. Rzaquliyevin ad\u0131ndan \u015f\u0259hidin ail\u0259sin\u0259 F\u0259xri f\u0259rman\u0131 Az\u0259rbaycan V\u0259t\u0259n M\u00fcharib\u0259si Veteranlar\u0131 \u0130ctimai Birliyi (AVMV\u0130B) s\u0259drinin s\u0259lahiyy\u0259tli n\u00fcmay\u0259nd\u0259si Akif H\u0259s\u0259nov t\u0259qdim edib.<\/p>\n\n\n\n<p>M\u0259rasimd\u0259 AVMV\u0130B F\u00fczuli rayon \u015f\u00f6b\u0259sinin s\u0259dri S\u0259m\u0259d \u018fbilov v\u0259 rayon \u015f\u00f6b\u0259sinin \u00fczvl\u0259ri d\u0259 i\u015ftirak edibl\u0259r.<\/p>\n\n\n\n<p><br><strong>Allah \u015f\u0259hidl\u0259rimiz\u0259 r\u0259hm\u0259t el\u0259sin!<\/strong><\/p>\n","protected":false},"excerpt":{"rendered":"<p>Az\u0259rbaycan V\u0259t\u0259n M\u00fcharib\u0259si Veteranlar\u0131 \u0130ctimai Birliyi (AVMV\u0130B) Xocav\u0259nd v\u0259 Az\u0259rbaycan V\u0259t\u0259n M\u00fcharib\u0259si Veteranlar\u0131 \u0130ctimai Birliyi (AVMV\u0130B) Beyl\u0259qan rayon \u015f\u00f6b\u0259l\u0259ri birg\u0259 silsil\u0259 t\u0259dbirl\u0259rini davam etdiribl\u0259r.<\/p>\n","protected":false},"author":2,"featured_media":51546,"comment_status":"closed","ping_status":"closed","sticky":false,"template":"","format":"standard","meta":{"footnotes":""},"categories":[5],"tags":[],"class_list":["post-51545","post","type-post","status-publish","format-standard","has-post-thumbnail","hentry","category-veteran"],"aioseo_notices":[],"_links":{"self":[{"href":"https:\/\/fedai.az\/index.php?rest_route=\/wp\/v2\/posts\/51545","targetHints":{"allow":["GET"]}}],"collection":[{"href":"https:\/\/fedai.az\/index.php?rest_route=\/wp\/v2\/posts"}],"about":[{"href":"https:\/\/fedai.az\/index.php?rest_route=\/wp\/v2\/types\/post"}],"author":[{"embeddable":true,"href":"https:\/\/fedai.az\/index.php?rest_route=\/wp\/v2\/users\/2"}],"replies":[{"embeddable":true,"href":"https:\/\/fedai.az\/index.php?rest_route=%2Fwp%2Fv2%2Fcomments&post=51545"}],"version-history":[{"count":1,"href":"https:\/\/fedai.az\/index.php?rest_route=\/wp\/v2\/posts\/51545\/revisions"}],"predecessor-version":[{"id":51547,"href":"https:\/\/fedai.az\/index.php?rest_route=\/wp\/v2\/posts\/51545\/revisions\/51547"}],"wp:featuredmedia":[{"embeddable":true,"href":"https:\/\/fedai.az\/index.php?rest_route=\/wp\/v2\/media\/51546"}],"wp:attachment":[{"href":"https:\/\/fedai.az\/index.php?rest_route=%2Fwp%2Fv2%2Fmedia&parent=51545"}],"wp:term":[{"taxonomy":"category","embeddable":true,"href":"https:\/\/fedai.az\/index.php?rest_route=%2Fwp%2Fv2%2Fcategories&post=51545"},{"taxonomy":"post_tag","embeddable":true,"href":"https:\/\/fedai.az\/index.php?rest_route=%2Fwp%2Fv2%2Ftags&post=51545"}],"curies":[{"name":"wp","href":"https:\/\/api.w.org\/{rel}","templated":true}]}}