{"id":51558,"date":"2021-10-20T19:39:51","date_gmt":"2021-10-20T15:39:51","guid":{"rendered":"https:\/\/fedai.az\/?p=51558"},"modified":"2021-10-20T19:39:56","modified_gmt":"2021-10-20T15:39:56","slug":"prezident-v%c9%99-birinci-xanim-z%c9%99ngilan-ictimaiyy%c9%99tinin-numay%c9%99nd%c9%99l%c9%99ri-il%c9%99-gorusubl%c9%99r","status":"publish","type":"post","link":"https:\/\/fedai.az\/?p=51558","title":{"rendered":"Prezident v\u0259 birinci xan\u0131m Z\u0259ngilan ictimaiyy\u0259tinin n\u00fcmay\u0259nd\u0259l\u0259ri il\u0259 g\u00f6r\u00fc\u015f\u00fcbl\u0259r"},"content":{"rendered":"\n<p><strong>Oktyabr\u0131n 20-d\u0259 Az\u0259rbaycan Respublikas\u0131n\u0131n Prezidenti \u0130lham \u018fliyev v\u0259 birinci xan\u0131m Mehriban \u018fliyeva Z\u0259ngilan rayonunda s\u0259f\u0259rd\u0259 olublar.<\/strong><\/p>\n\n\n\n<p><br>Fedai.az x\u0259b\u0259r verir ki, Prezident \u0130lham \u018fliyev v\u0259 birinci xan\u0131m Mehriban \u018fliyeva s\u0259f\u0259r \u00e7\u0259r\u00e7iv\u0259sind\u0259 Z\u0259ngilan rayon ictimaiyy\u0259tinin n\u00fcmay\u0259nd\u0259l\u0259ri il\u0259 g\u00f6r\u00fc\u015f\u00fcbl\u0259r.<\/p>\n","protected":false},"excerpt":{"rendered":"<p>Oktyabr\u0131n 20-d\u0259 Az\u0259rbaycan Respublikas\u0131n\u0131n Prezidenti \u0130lham \u018fliyev v\u0259 birinci xan\u0131m Mehriban \u018fliyeva Z\u0259ngilan rayonunda s\u0259f\u0259rd\u0259 olublar. Fedai.az x\u0259b\u0259r verir ki, Prezident \u0130lham \u018fliyev v\u0259<\/p>\n","protected":false},"author":2,"featured_media":51559,"comment_status":"closed","ping_status":"closed","sticky":false,"template":"","format":"standard","meta":{"footnotes":""},"categories":[4],"tags":[],"class_list":["post-51558","post","type-post","status-publish","format-standard","has-post-thumbnail","hentry","category-qarabag"],"aioseo_notices":[],"_links":{"self":[{"href":"https:\/\/fedai.az\/index.php?rest_route=\/wp\/v2\/posts\/51558","targetHints":{"allow":["GET"]}}],"collection":[{"href":"https:\/\/fedai.az\/index.php?rest_route=\/wp\/v2\/posts"}],"about":[{"href":"https:\/\/fedai.az\/index.php?rest_route=\/wp\/v2\/types\/post"}],"author":[{"embeddable":true,"href":"https:\/\/fedai.az\/index.php?rest_route=\/wp\/v2\/users\/2"}],"replies":[{"embeddable":true,"href":"https:\/\/fedai.az\/index.php?rest_route=%2Fwp%2Fv2%2Fcomments&post=51558"}],"version-history":[{"count":1,"href":"https:\/\/fedai.az\/index.php?rest_route=\/wp\/v2\/posts\/51558\/revisions"}],"predecessor-version":[{"id":51560,"href":"https:\/\/fedai.az\/index.php?rest_route=\/wp\/v2\/posts\/51558\/revisions\/51560"}],"wp:featuredmedia":[{"embeddable":true,"href":"https:\/\/fedai.az\/index.php?rest_route=\/wp\/v2\/media\/51559"}],"wp:attachment":[{"href":"https:\/\/fedai.az\/index.php?rest_route=%2Fwp%2Fv2%2Fmedia&parent=51558"}],"wp:term":[{"taxonomy":"category","embeddable":true,"href":"https:\/\/fedai.az\/index.php?rest_route=%2Fwp%2Fv2%2Fcategories&post=51558"},{"taxonomy":"post_tag","embeddable":true,"href":"https:\/\/fedai.az\/index.php?rest_route=%2Fwp%2Fv2%2Ftags&post=51558"}],"curies":[{"name":"wp","href":"https:\/\/api.w.org\/{rel}","templated":true}]}}