{"id":51566,"date":"2021-10-21T00:20:39","date_gmt":"2021-10-20T20:20:39","guid":{"rendered":"https:\/\/fedai.az\/?p=51566"},"modified":"2021-10-21T00:20:42","modified_gmt":"2021-10-20T20:20:42","slug":"david-babayanin-rusiyaya-s%c9%99f%c9%99ri-il%c9%99-bagli-s%c9%99firlikd%c9%99n-aciqlama","status":"publish","type":"post","link":"https:\/\/fedai.az\/?p=51566","title":{"rendered":"David Babayan\u0131n Rusiyaya s\u0259f\u0259ri il\u0259 ba\u011fl\u0131 s\u0259firlikd\u0259n A\u00c7IQLAMA"},"content":{"rendered":"\n<p><strong>David Babayan\u0131n Rusiyaya s\u0259f\u0259ri \u015f\u0259xsi xarakter da\u015f\u0131y\u0131r.<\/strong><br><br>Bu bar\u0259d\u0259 Az\u0259rbaycan\u0131n Rusiyadak\u0131 S\u0259firliyinin m\u0259lumat\u0131nda deyilir.<\/p>\n\n\n\n<p><br>M\u0259lumatda bildirilir ki, \u00f6z\u00fcn\u00fc \u201cArtsax Respublikas\u0131n\u0131n xarici i\u015fl\u0259r naziri\u201d kimi t\u0259qdim ed\u0259n David Babayan\u0131n Rusiyaya \u201ci\u015fg\u00fczar s\u0259f\u0259r\u201d etm\u0259si v\u0259 bu \u00f6lk\u0259nin siyasi dair\u0259l\u0259ri il\u0259 g\u00f6r\u00fc\u015fl\u0259r ke\u00e7irm\u0259sin\u0259 dair bir s\u0131ra erm\u0259ni K\u0130V-d\u0259 yay\u0131lm\u0131\u015f x\u0259b\u0259rl\u0259rl\u0259 ba\u011fl\u0131 S\u0259firlik t\u0259r\u0259find\u0259n Rusiya Federasiyas\u0131n\u0131n aidiyy\u0259ti qurumlar\u0131na m\u00fcraci\u0259t olunub: &#171;Rusiya t\u0259r\u0259find\u0259n daxil olmu\u015f m\u0259lumata \u0259sas\u0259n bildiririk ki, s\u00f6z\u00fcged\u0259n s\u0259f\u0259r \u015f\u0259xsi xarakter da\u015f\u0131y\u0131r, qeyri-r\u0259smi q\u0259bul edilir v\u0259 ad\u0131\u00e7\u0259kil\u0259n \u015f\u0259xsl\u0259 he\u00e7 bir siyas\u0131 m\u0259sl\u0259h\u0259tl\u0259\u015fm\u0259l\u0259r apar\u0131lmam\u0131\u015fd\u0131r&#187;.<br><br>S\u0259firlik qeyd edir ki, bu kimi m\u0259lumatlar\u0131n erm\u0259ni m\u0259tbuat\u0131nda yay\u0131lmas\u0131 t\u0259xribatd\u0131r v\u0259 m\u0259qs\u0259di ictimaiyy\u0259ti \u00e7a\u015fd\u0131rmaq, u\u011furla inki\u015faf ed\u0259n Az\u0259rbaycan-Rusiya \u0259m\u0259kda\u015fl\u0131\u011f\u0131na k\u00f6lg\u0259 salmaqd\u0131r.<\/p>\n","protected":false},"excerpt":{"rendered":"<p>David Babayan\u0131n Rusiyaya s\u0259f\u0259ri \u015f\u0259xsi xarakter da\u015f\u0131y\u0131r. Bu bar\u0259d\u0259 Az\u0259rbaycan\u0131n Rusiyadak\u0131 S\u0259firliyinin m\u0259lumat\u0131nda deyilir. M\u0259lumatda bildirilir ki, \u00f6z\u00fcn\u00fc \u201cArtsax Respublikas\u0131n\u0131n xarici i\u015fl\u0259r naziri\u201d kimi<\/p>\n","protected":false},"author":2,"featured_media":51568,"comment_status":"closed","ping_status":"closed","sticky":false,"template":"","format":"standard","meta":{"footnotes":""},"categories":[1],"tags":[],"class_list":["post-51566","post","type-post","status-publish","format-standard","has-post-thumbnail","hentry","category-siyast"],"aioseo_notices":[],"_links":{"self":[{"href":"https:\/\/fedai.az\/index.php?rest_route=\/wp\/v2\/posts\/51566","targetHints":{"allow":["GET"]}}],"collection":[{"href":"https:\/\/fedai.az\/index.php?rest_route=\/wp\/v2\/posts"}],"about":[{"href":"https:\/\/fedai.az\/index.php?rest_route=\/wp\/v2\/types\/post"}],"author":[{"embeddable":true,"href":"https:\/\/fedai.az\/index.php?rest_route=\/wp\/v2\/users\/2"}],"replies":[{"embeddable":true,"href":"https:\/\/fedai.az\/index.php?rest_route=%2Fwp%2Fv2%2Fcomments&post=51566"}],"version-history":[{"count":1,"href":"https:\/\/fedai.az\/index.php?rest_route=\/wp\/v2\/posts\/51566\/revisions"}],"predecessor-version":[{"id":51569,"href":"https:\/\/fedai.az\/index.php?rest_route=\/wp\/v2\/posts\/51566\/revisions\/51569"}],"wp:featuredmedia":[{"embeddable":true,"href":"https:\/\/fedai.az\/index.php?rest_route=\/wp\/v2\/media\/51568"}],"wp:attachment":[{"href":"https:\/\/fedai.az\/index.php?rest_route=%2Fwp%2Fv2%2Fmedia&parent=51566"}],"wp:term":[{"taxonomy":"category","embeddable":true,"href":"https:\/\/fedai.az\/index.php?rest_route=%2Fwp%2Fv2%2Fcategories&post=51566"},{"taxonomy":"post_tag","embeddable":true,"href":"https:\/\/fedai.az\/index.php?rest_route=%2Fwp%2Fv2%2Ftags&post=51566"}],"curies":[{"name":"wp","href":"https:\/\/api.w.org\/{rel}","templated":true}]}}