{"id":51570,"date":"2021-10-21T00:25:22","date_gmt":"2021-10-20T20:25:22","guid":{"rendered":"https:\/\/fedai.az\/?p=51570"},"modified":"2021-10-21T00:25:26","modified_gmt":"2021-10-20T20:25:26","slug":"mincivanin-isgaldan-azad-olunmasindan-1-il-otur","status":"publish","type":"post","link":"https:\/\/fedai.az\/?p=51570","title":{"rendered":"Mincivan\u0131n i\u015f\u011faldan azad olunmas\u0131ndan 1 il \u00f6t\u00fcr"},"content":{"rendered":"\n<p><strong>Bu g\u00fcn &#8212; oktyabr\u0131n 21-i Z\u0259ngilan rayonunun Mincivan q\u0259s\u0259b\u0259sinin Erm\u0259nistan Silahl\u0131 Q\u00fcvv\u0259l\u0259rinin i\u015f\u011fal\u0131ndan azad edildiyi g\u00fcnd\u00fcr.<\/strong><\/p>\n\n\n\n<p>Az\u0259rbaycan\u0131n q\u0259dim ya\u015fay\u0131\u015f m\u0259nt\u0259q\u0259l\u0259rind\u0259n biri olan q\u0259s\u0259b\u0259nin erm\u0259ni i\u015f\u011fal\u00e7\u0131lar\u0131ndan t\u0259mizl\u0259nm\u0259sind\u0259n 1 il \u00f6t\u00fcr.<\/p>\n\n\n\n<p>2020-ci il oktyabr\u0131n 21-d\u0259 Mincivan q\u0259s\u0259b\u0259si il\u0259 yana\u015f\u0131, rayonun Babayl\u0131, \u00dc\u00e7\u00fcnc\u00fc A\u011fal\u0131, Sar\u0131l, Xumarl\u0131, Hacall\u0131, Xurama, Cahangirb\u0259yli, Turabad, \u0130\u00e7\u0259ri M\u00fc\u015flan, Q\u0131raq M\u00fc\u015flan, M\u0259likli, \u00dcdg\u00fcn, Baharl\u0131 k\u0259ndl\u0259ri, C\u0259bray\u0131l rayonunun Balyand, Pap\u0131, Tulus, Tinli k\u0259ndl\u0259ri, F\u00fczuli rayonunun Gec\u0259g\u00f6zl\u00fc, A\u015fa\u011f\u0131 Seyid\u0259hm\u0259dli v\u0259 Z\u0259rg\u0259r k\u0259ndl\u0259ri i\u015f\u011fal\u00e7\u0131lardan azad edilib.<\/p>\n\n\n\n<p>Azad olunan \u0259razil\u0259r\u0259 Az\u0259rbaycan\u0131n \u00fc\u00e7r\u0259ngli \u015fanl\u0131 bayra\u011f\u0131 sanc\u0131l\u0131b.<\/p>\n\n\n\n<p><strong>Azad Musayev<\/strong><\/p>\n\n\n\n<p><em><strong>AVMV\u0130B Z\u0259ngilan rayon \u015f\u00f6b\u0259sinin s\u0259dri<\/strong><\/em><\/p>\n","protected":false},"excerpt":{"rendered":"<p>Bu g\u00fcn &#8212; oktyabr\u0131n 21-i Z\u0259ngilan rayonunun Mincivan q\u0259s\u0259b\u0259sinin Erm\u0259nistan Silahl\u0131 Q\u00fcvv\u0259l\u0259rinin i\u015f\u011fal\u0131ndan azad edildiyi g\u00fcnd\u00fcr. Az\u0259rbaycan\u0131n q\u0259dim ya\u015fay\u0131\u015f m\u0259nt\u0259q\u0259l\u0259rind\u0259n biri olan q\u0259s\u0259b\u0259nin erm\u0259ni<\/p>\n","protected":false},"author":2,"featured_media":51572,"comment_status":"closed","ping_status":"closed","sticky":false,"template":"","format":"standard","meta":{"footnotes":""},"categories":[4],"tags":[],"class_list":["post-51570","post","type-post","status-publish","format-standard","has-post-thumbnail","hentry","category-qarabag"],"aioseo_notices":[],"_links":{"self":[{"href":"https:\/\/fedai.az\/index.php?rest_route=\/wp\/v2\/posts\/51570","targetHints":{"allow":["GET"]}}],"collection":[{"href":"https:\/\/fedai.az\/index.php?rest_route=\/wp\/v2\/posts"}],"about":[{"href":"https:\/\/fedai.az\/index.php?rest_route=\/wp\/v2\/types\/post"}],"author":[{"embeddable":true,"href":"https:\/\/fedai.az\/index.php?rest_route=\/wp\/v2\/users\/2"}],"replies":[{"embeddable":true,"href":"https:\/\/fedai.az\/index.php?rest_route=%2Fwp%2Fv2%2Fcomments&post=51570"}],"version-history":[{"count":1,"href":"https:\/\/fedai.az\/index.php?rest_route=\/wp\/v2\/posts\/51570\/revisions"}],"predecessor-version":[{"id":51573,"href":"https:\/\/fedai.az\/index.php?rest_route=\/wp\/v2\/posts\/51570\/revisions\/51573"}],"wp:featuredmedia":[{"embeddable":true,"href":"https:\/\/fedai.az\/index.php?rest_route=\/wp\/v2\/media\/51572"}],"wp:attachment":[{"href":"https:\/\/fedai.az\/index.php?rest_route=%2Fwp%2Fv2%2Fmedia&parent=51570"}],"wp:term":[{"taxonomy":"category","embeddable":true,"href":"https:\/\/fedai.az\/index.php?rest_route=%2Fwp%2Fv2%2Fcategories&post=51570"},{"taxonomy":"post_tag","embeddable":true,"href":"https:\/\/fedai.az\/index.php?rest_route=%2Fwp%2Fv2%2Ftags&post=51570"}],"curies":[{"name":"wp","href":"https:\/\/api.w.org\/{rel}","templated":true}]}}