{"id":51574,"date":"2021-10-21T00:34:20","date_gmt":"2021-10-20T20:34:20","guid":{"rendered":"https:\/\/fedai.az\/?p=51574"},"modified":"2021-10-21T00:34:27","modified_gmt":"2021-10-20T20:34:27","slug":"prezident-z%c9%99ngilanlilarin-kocurul%c9%99c%c9%99yi-vaxti-aciqladi","status":"publish","type":"post","link":"https:\/\/fedai.az\/?p=51574","title":{"rendered":"Prezident z\u0259ngilanl\u0131lar\u0131n k\u00f6\u00e7\u00fcr\u00fcl\u0259c\u0259yi vaxt\u0131 a\u00e7\u0131qlad\u0131"},"content":{"rendered":"\n<p><strong>&#171;\u0130ndi Z\u0259ngilan\u0131n yeni d\u00f6vr\u00fc ba\u015flay\u0131r v\u0259 \u015f\u0259h\u0259rin ba\u015f plan\u0131 art\u0131q haz\u0131rlan\u0131r. Bir xarici \u015firk\u0259t m\u00fcsabiq\u0259d\u0259 qalib g\u0259ldi v\u0259 hesab edir\u0259m ki, yax\u0131n aylarda ba\u015f plan t\u0259qdim edil\u0259c\u0259k\u201d.<\/strong><\/p>\n\n\n\n<p>Bunu Prezident \u0130lham \u018fliyev Z\u0259ngilan rayon ictimaiyy\u0259tinin n\u00fcmay\u0259nd\u0259l\u0259ri il\u0259 g\u00f6r\u00fc\u015f\u00fcnd\u0259 bildirib.<\/p>\n\n\n\n<p><br>D\u00f6vl\u0259t ba\u015f\u00e7\u0131s\u0131 deyib ki, bu t\u0259bii g\u00f6z\u0259lliyi n\u0259z\u0259r\u0259 alaraq m\u00fcasir, \u00e7ox g\u00f6z\u0259l bir \u015f\u0259h\u0259r qurulacaq:<\/p>\n\n\n\n<p><br>&#171;Azad edilmi\u015f torpaqlarda birinci a\u011f\u0131ll\u0131 k\u0259nd layih\u0259si m\u0259hz Z\u0259ngilan rayonunda h\u0259yata ke\u00e7irilir. Art\u0131q b\u0259zi binalar haz\u0131rd\u0131r v\u0259 \u00e7al\u0131\u015faca\u011f\u0131q ki, g\u0259l\u0259n ilin \u0259vv\u0259li, b\u0259lk\u0259 d\u0259, bu ilin sonu z\u0259ngilanl\u0131lar\u0131 Z\u0259ngilana k\u00f6\u00e7\u00fcrm\u0259y\u0259 ba\u015flayaq\u201d.<\/p>\n","protected":false},"excerpt":{"rendered":"<p>&#171;\u0130ndi Z\u0259ngilan\u0131n yeni d\u00f6vr\u00fc ba\u015flay\u0131r v\u0259 \u015f\u0259h\u0259rin ba\u015f plan\u0131 art\u0131q haz\u0131rlan\u0131r. Bir xarici \u015firk\u0259t m\u00fcsabiq\u0259d\u0259 qalib g\u0259ldi v\u0259 hesab edir\u0259m ki, yax\u0131n aylarda ba\u015f<\/p>\n","protected":false},"author":2,"featured_media":51575,"comment_status":"closed","ping_status":"closed","sticky":false,"template":"","format":"standard","meta":{"footnotes":""},"categories":[4],"tags":[],"class_list":["post-51574","post","type-post","status-publish","format-standard","has-post-thumbnail","hentry","category-qarabag"],"aioseo_notices":[],"_links":{"self":[{"href":"https:\/\/fedai.az\/index.php?rest_route=\/wp\/v2\/posts\/51574","targetHints":{"allow":["GET"]}}],"collection":[{"href":"https:\/\/fedai.az\/index.php?rest_route=\/wp\/v2\/posts"}],"about":[{"href":"https:\/\/fedai.az\/index.php?rest_route=\/wp\/v2\/types\/post"}],"author":[{"embeddable":true,"href":"https:\/\/fedai.az\/index.php?rest_route=\/wp\/v2\/users\/2"}],"replies":[{"embeddable":true,"href":"https:\/\/fedai.az\/index.php?rest_route=%2Fwp%2Fv2%2Fcomments&post=51574"}],"version-history":[{"count":1,"href":"https:\/\/fedai.az\/index.php?rest_route=\/wp\/v2\/posts\/51574\/revisions"}],"predecessor-version":[{"id":51576,"href":"https:\/\/fedai.az\/index.php?rest_route=\/wp\/v2\/posts\/51574\/revisions\/51576"}],"wp:featuredmedia":[{"embeddable":true,"href":"https:\/\/fedai.az\/index.php?rest_route=\/wp\/v2\/media\/51575"}],"wp:attachment":[{"href":"https:\/\/fedai.az\/index.php?rest_route=%2Fwp%2Fv2%2Fmedia&parent=51574"}],"wp:term":[{"taxonomy":"category","embeddable":true,"href":"https:\/\/fedai.az\/index.php?rest_route=%2Fwp%2Fv2%2Fcategories&post=51574"},{"taxonomy":"post_tag","embeddable":true,"href":"https:\/\/fedai.az\/index.php?rest_route=%2Fwp%2Fv2%2Ftags&post=51574"}],"curies":[{"name":"wp","href":"https:\/\/api.w.org\/{rel}","templated":true}]}}