{"id":51577,"date":"2021-10-21T00:40:13","date_gmt":"2021-10-20T20:40:13","guid":{"rendered":"https:\/\/fedai.az\/?p=51577"},"modified":"2021-10-21T00:40:16","modified_gmt":"2021-10-20T20:40:16","slug":"mehriban-%c9%99liyeva-z%c9%99ngilandan-paylasim-etdi","status":"publish","type":"post","link":"https:\/\/fedai.az\/?p=51577","title":{"rendered":"Mehriban \u018fliyeva Z\u0259ngilandan payla\u015f\u0131m etdi"},"content":{"rendered":"\n<p><strong>Az\u0259rbaycan Respublikas\u0131n\u0131n Birinci vitse-prezidenti Mehriban \u018fliyeva r\u0259smi \u0130nstaqram s\u0259hif\u0259sind\u0259 Z\u0259ngilanda rayon ictimaiyy\u0259tinin n\u00fcmay\u0259nd\u0259l\u0259ri il\u0259 g\u00f6r\u00fc\u015f\u00fcnd\u0259n payla\u015f\u0131m edib.<\/strong><\/p>\n\n\n\n<p>Payla\u015f\u0131mda deyilir:<\/p>\n\n\n\n<p><strong>\u201cDo\u011fma Z\u0259ngilanda Az\u0259rbaycan mu\u011fam\u0131n\u0131n valehedici s\u0259dalar\u0131!\u201d.<\/strong><\/p>\n\n\n\n<p>M\u0259nb\u0259: Axar.az<\/p>\n\n\n\n<figure class=\"wp-block-embed is-type-video is-provider-youtube wp-block-embed-youtube wp-embed-aspect-16-9 wp-has-aspect-ratio\"><div class=\"wp-block-embed__wrapper\">\n<iframe loading=\"lazy\" title=\"Mehriban \u018fliyeva Z\u0259ngilandan g\u00f6r\u00fcnt\u00fcl\u0259r\" width=\"715\" height=\"402\" src=\"https:\/\/www.youtube.com\/embed\/NuvdAQQgBDc?feature=oembed\" frameborder=\"0\" allow=\"accelerometer; autoplay; clipboard-write; encrypted-media; gyroscope; picture-in-picture\" allowfullscreen><\/iframe>\n<\/div><\/figure>\n","protected":false},"excerpt":{"rendered":"<p>Az\u0259rbaycan Respublikas\u0131n\u0131n Birinci vitse-prezidenti Mehriban \u018fliyeva r\u0259smi \u0130nstaqram s\u0259hif\u0259sind\u0259 Z\u0259ngilanda rayon ictimaiyy\u0259tinin n\u00fcmay\u0259nd\u0259l\u0259ri il\u0259 g\u00f6r\u00fc\u015f\u00fcnd\u0259n payla\u015f\u0131m edib. Payla\u015f\u0131mda deyilir: \u201cDo\u011fma Z\u0259ngilanda Az\u0259rbaycan mu\u011fam\u0131n\u0131n valehedici<\/p>\n","protected":false},"author":2,"featured_media":51579,"comment_status":"closed","ping_status":"closed","sticky":false,"template":"","format":"standard","meta":{"footnotes":""},"categories":[3],"tags":[],"class_list":["post-51577","post","type-post","status-publish","format-standard","has-post-thumbnail","hentry","category-gundm"],"aioseo_notices":[],"_links":{"self":[{"href":"https:\/\/fedai.az\/index.php?rest_route=\/wp\/v2\/posts\/51577","targetHints":{"allow":["GET"]}}],"collection":[{"href":"https:\/\/fedai.az\/index.php?rest_route=\/wp\/v2\/posts"}],"about":[{"href":"https:\/\/fedai.az\/index.php?rest_route=\/wp\/v2\/types\/post"}],"author":[{"embeddable":true,"href":"https:\/\/fedai.az\/index.php?rest_route=\/wp\/v2\/users\/2"}],"replies":[{"embeddable":true,"href":"https:\/\/fedai.az\/index.php?rest_route=%2Fwp%2Fv2%2Fcomments&post=51577"}],"version-history":[{"count":1,"href":"https:\/\/fedai.az\/index.php?rest_route=\/wp\/v2\/posts\/51577\/revisions"}],"predecessor-version":[{"id":51580,"href":"https:\/\/fedai.az\/index.php?rest_route=\/wp\/v2\/posts\/51577\/revisions\/51580"}],"wp:featuredmedia":[{"embeddable":true,"href":"https:\/\/fedai.az\/index.php?rest_route=\/wp\/v2\/media\/51579"}],"wp:attachment":[{"href":"https:\/\/fedai.az\/index.php?rest_route=%2Fwp%2Fv2%2Fmedia&parent=51577"}],"wp:term":[{"taxonomy":"category","embeddable":true,"href":"https:\/\/fedai.az\/index.php?rest_route=%2Fwp%2Fv2%2Fcategories&post=51577"},{"taxonomy":"post_tag","embeddable":true,"href":"https:\/\/fedai.az\/index.php?rest_route=%2Fwp%2Fv2%2Ftags&post=51577"}],"curies":[{"name":"wp","href":"https:\/\/api.w.org\/{rel}","templated":true}]}}