{"id":51584,"date":"2021-10-21T00:44:27","date_gmt":"2021-10-20T20:44:27","guid":{"rendered":"https:\/\/fedai.az\/?p=51584"},"modified":"2021-10-21T00:44:30","modified_gmt":"2021-10-20T20:44:30","slug":"avropa-ittifaqindan-turkiy%c9%99y%c9%99-sanksiya-x%c9%99b%c9%99rdarligi","status":"publish","type":"post","link":"https:\/\/fedai.az\/?p=51584","title":{"rendered":"Avropa \u0130ttifaq\u0131ndan T\u00fcrkiy\u0259y\u0259 sanksiya x\u0259b\u0259rdarl\u0131\u011f\u0131"},"content":{"rendered":"\n<p><strong>Eastnews.org-un verdiyi x\u0259b\u0259r\u0259 g\u00f6r\u0259, Avropa \u0130ttifaq\u0131n\u0131n (A\u0130) Xarici \u018flaq\u0259l\u0259r v\u0259 T\u0259hl\u00fck\u0259sizlik \u00fczr\u0259 ali n\u00fcmay\u0259nd\u0259si Jozep Borrel A\u0130 Xarici \u0130\u015fl\u0259r Nazirl\u0259rinin L\u00fcksemburqda ke\u00e7iril\u0259n iclas\u0131ndan sonra a\u00e7\u0131qlamalar verib.<\/strong> \u00a0<\/p>\n\n\n\n<p> Borrel jurnalistl\u0259rin sual\u0131na &#171;T\u00fcrkiy\u0259nin Avropa g\u0259mil\u0259rin\u0259 t\u0259cav\u00fcz\u00fc q\u0259buledilm\u0259zdir&#187; dey\u0259r\u0259k, A\u0130 xarici i\u015fl\u0259r nazirl\u0259rinin bu c\u00fcr h\u0259r\u0259k\u0259tl\u0259rin yayda davam ed\u0259c\u0259yi t\u0259qdird\u0259 v\u0259ziyy\u0259ti t\u0259hlil etm\u0259yi v\u0259 Avropa \u015euras\u0131n\u0131n qiym\u0259tl\u0259ndirm\u0259sin\u0259 t\u0259qdim edil\u0259c\u0259k f\u0259aliyy\u0259t t\u0259klifl\u0259rini ehtiva ed\u0259n bir t\u0259dbir g\u00f6rm\u0259yi q\u0259bul etdikl\u0259rini xat\u0131rlad\u0131b.<\/p>\n\n\n\n<p>\u00a0 Borrel bu s\u0259n\u0259din q\u0259rar q\u0259bul etm\u0259 prosesind\u0259 ilk add\u0131m oldu\u011funu vur\u011fulay\u0131b. \u00a0<\/p>\n\n\n\n<p> A\u0130 Mara\u015f\u0131n a\u00e7\u0131lmas\u0131 v\u0259 &#171;Nautical Geo&#187; adl\u0131 ara\u015fd\u0131rma g\u0259misinin f\u0259aliyy\u0259tinin bloklanmas\u0131 kimi m\u0259s\u0259l\u0259l\u0259rd\u0259 T\u00fcrkiy\u0259ni t\u0259nqid edir. <\/p>\n\n\n\n<p>M\u0259nb\u0259: Haber7 <\/p>\n","protected":false},"excerpt":{"rendered":"<p>Eastnews.org-un verdiyi x\u0259b\u0259r\u0259 g\u00f6r\u0259, Avropa \u0130ttifaq\u0131n\u0131n (A\u0130) Xarici \u018flaq\u0259l\u0259r v\u0259 T\u0259hl\u00fck\u0259sizlik \u00fczr\u0259 ali n\u00fcmay\u0259nd\u0259si Jozep Borrel A\u0130 Xarici \u0130\u015fl\u0259r Nazirl\u0259rinin L\u00fcksemburqda ke\u00e7iril\u0259n iclas\u0131ndan sonra<\/p>\n","protected":false},"author":2,"featured_media":51585,"comment_status":"closed","ping_status":"closed","sticky":false,"template":"","format":"standard","meta":{"footnotes":""},"categories":[13],"tags":[],"class_list":["post-51584","post","type-post","status-publish","format-standard","has-post-thumbnail","hentry","category-xarici"],"aioseo_notices":[],"_links":{"self":[{"href":"https:\/\/fedai.az\/index.php?rest_route=\/wp\/v2\/posts\/51584","targetHints":{"allow":["GET"]}}],"collection":[{"href":"https:\/\/fedai.az\/index.php?rest_route=\/wp\/v2\/posts"}],"about":[{"href":"https:\/\/fedai.az\/index.php?rest_route=\/wp\/v2\/types\/post"}],"author":[{"embeddable":true,"href":"https:\/\/fedai.az\/index.php?rest_route=\/wp\/v2\/users\/2"}],"replies":[{"embeddable":true,"href":"https:\/\/fedai.az\/index.php?rest_route=%2Fwp%2Fv2%2Fcomments&post=51584"}],"version-history":[{"count":1,"href":"https:\/\/fedai.az\/index.php?rest_route=\/wp\/v2\/posts\/51584\/revisions"}],"predecessor-version":[{"id":51586,"href":"https:\/\/fedai.az\/index.php?rest_route=\/wp\/v2\/posts\/51584\/revisions\/51586"}],"wp:featuredmedia":[{"embeddable":true,"href":"https:\/\/fedai.az\/index.php?rest_route=\/wp\/v2\/media\/51585"}],"wp:attachment":[{"href":"https:\/\/fedai.az\/index.php?rest_route=%2Fwp%2Fv2%2Fmedia&parent=51584"}],"wp:term":[{"taxonomy":"category","embeddable":true,"href":"https:\/\/fedai.az\/index.php?rest_route=%2Fwp%2Fv2%2Fcategories&post=51584"},{"taxonomy":"post_tag","embeddable":true,"href":"https:\/\/fedai.az\/index.php?rest_route=%2Fwp%2Fv2%2Ftags&post=51584"}],"curies":[{"name":"wp","href":"https:\/\/api.w.org\/{rel}","templated":true}]}}