{"id":51587,"date":"2021-10-21T01:01:12","date_gmt":"2021-10-20T21:01:12","guid":{"rendered":"https:\/\/fedai.az\/?p=51587"},"modified":"2021-10-21T13:45:50","modified_gmt":"2021-10-21T09:45:50","slug":"avropa-komissiyasi-v%c9%99-ona-daxil-olan-butun-qurumlar-turk-dunyasina-qarsi-%c9%99n-riyakar-%c9%99n-s%c9%99r%c9%99fsiz-q%c9%99rarlari-il%c9%99-taninir","status":"publish","type":"post","link":"https:\/\/fedai.az\/?p=51587","title":{"rendered":"Avropa Komissiyas\u0131 v\u0259 ona daxil olan b\u00fct\u00fcn qurumlar T\u00fcrk d\u00fcnyas\u0131na qar\u015f\u0131 \u0259n riyakar, \u0259n \u015f\u0259r\u0259fsiz q\u0259rarlar\u0131 il\u0259 tan\u0131n\u0131r"},"content":{"rendered":"\n<div class=\"wp-block-media-text alignwide is-stacked-on-mobile\" style=\"grid-template-columns:34% auto\"><figure class=\"wp-block-media-text__media\"><img loading=\"lazy\" decoding=\"async\" width=\"927\" height=\"1024\" src=\"https:\/\/fedai.az\/wp-content\/uploads\/2021\/10\/245456640_412050120300449_2265455956381747170_n-927x1024.jpg\" alt=\"\" class=\"wp-image-51666 size-full\" srcset=\"https:\/\/fedai.az\/wp-content\/uploads\/2021\/10\/245456640_412050120300449_2265455956381747170_n-927x1024.jpg 927w, https:\/\/fedai.az\/wp-content\/uploads\/2021\/10\/245456640_412050120300449_2265455956381747170_n-272x300.jpg 272w, https:\/\/fedai.az\/wp-content\/uploads\/2021\/10\/245456640_412050120300449_2265455956381747170_n-136x150.jpg 136w, https:\/\/fedai.az\/wp-content\/uploads\/2021\/10\/245456640_412050120300449_2265455956381747170_n-768x848.jpg 768w, https:\/\/fedai.az\/wp-content\/uploads\/2021\/10\/245456640_412050120300449_2265455956381747170_n-1390x1536.jpg 1390w, https:\/\/fedai.az\/wp-content\/uploads\/2021\/10\/245456640_412050120300449_2265455956381747170_n.jpg 1824w\" sizes=\"auto, (max-width: 927px) 100vw, 927px\" \/><\/figure><div class=\"wp-block-media-text__content\">\n<p class=\"has-large-font-size\"><strong>ELNUR S\u018fL\u0130M<\/strong><\/p>\n\n\n\n<p><strong><em>Redaktor<\/em><\/strong><\/p>\n<\/div><\/div>\n\n\n\n<p><strong>Q\u0259rb h\u0259r c\u00fcr r\u0259zilliy\u0259 ged\u0259n, riyakar, iki\u00fczl\u00fc, demokratiya p\u0259rd\u0259si arxas\u0131nda siyasi iyr\u0259nclikl\u0259rl\u0259 m\u0259\u015f\u011ful olan siyas\u0259t\u00e7il\u0259rin y\u0131\u011fna\u011f\u0131d\u0131r. Onun yaratd\u0131\u011f\u0131 Avropa Komissiyas\u0131, AT\u018fT, A\u015ePA v\u0259 s. qurumlar xisl\u0259tc\u0259 madam Avropan\u0131n stunyorlar\u0131d\u0131r.<\/strong><\/p>\n\n\n\n<p><br>\u00c7\u00fcnki 30 il \u0259rzind\u0259 800 min insan\u0131n h\u00fcququnu g\u00f6rm\u0259zd\u0259n g\u0259l\u0259n bu vicdans\u0131z qurumlar, 40 minlik erm\u0259ni toplumunun &#171;pozulmu\u015f&#187; h\u00fcququndan d\u0259m vurma\u011fa ba\u015flay\u0131blar. Bu \u015f\u0259r\u0259fsizliyi ba\u015f tac\u0131 ed\u0259nl\u0259r bunca da\u011f\u0131d\u0131lm\u0131\u015f k\u0259nd v\u0259 \u015f\u0259h\u0259rl\u0259ri, maddi-m\u0259n\u0259vi tarixi abid\u0259l\u0259ri g\u00f6rm\u0259zd\u0259n g\u0259l\u0259r\u0259k bizi vandalizmd\u0259 su\u00e7lama\u011fa ba\u015flay\u0131blar. Da\u011f\u0131d\u0131lm\u0131\u015f on minl\u0259rl\u0259 m\u00fcs\u0259lman q\u0259birl\u0259rini g\u00f6rm\u0259y\u0259c\u0259k q\u0259d\u0259r kor olan bu Avropa Komissiyas\u0131n\u0131n \u0259xlaqs\u0131z siyas\u0259t\u00e7il\u0259ri m\u0259zarlar\u0131n da\u011f\u0131lmas\u0131ndan dan\u0131\u015f\u0131rlar. B\u00f6lg\u0259y\u0259 800 n\u0259f\u0259rlik ilk terror d\u0259st\u0259sini v\u0259 beyn\u0259lxalq terror\u00e7u Monte Melkonyan\u0131 g\u00f6nd\u0259r\u0259nl\u0259r v\u0259 maliyy\u0259l\u0259\u015fdir\u0259nl\u0259r Az\u0259rbaycan xalq\u0131n\u0131n \u00f6z h\u00fcquqlar\u0131 u\u011frunda m\u00fcbariz\u0259sin\u0259 qara yaxmaq kimi erm\u0259ni yalan\u0131yla bizi terror\u00e7ulardan istifad\u0259 etm\u0259kd\u0259 ittiham edirl\u0259r. \u018fn ba\u015fl\u0131cas\u0131 bu problem\u0259 ald\u0131qlar\u0131 r\u00fc\u015fv\u0259tl\u0259r hesab\u0131na Kazimirovun uydurdu\u011fu h\u0259rbi h\u0259lli olmayan problem yarl\u0131\u011f\u0131 vuran vicdans\u0131zlar, T\u00fcrkiy\u0259nin beyn\u0259lxalq v\u0259 b\u0259\u015f\u0259ri h\u00fcququn m\u00fcdafi\u0259sind\u0259ki d\u0259st\u0259yin\u0259 al\u00e7aqcas\u0131na etiraz bildirirl\u0259r.<\/p>\n\n\n\n<p><br>Batmaqda olan Avropan\u0131n g\u00fcn\u0259\u015fidir. Bu sevdiyiniz v\u0259 xisl\u0259tc\u0259 sizl\u0259r kimi h\u0259yas\u0131z olan erm\u0259nil\u0259ri sizl\u0259r\u0259 &#171;h\u0259diyy\u0259&#187; edirik. Apar\u0131n Parisd\u0259, Berlind\u0259, Kopanhagend\u0259, Bernd\u0259 v\u0259 ist\u0259diyiniz xaraban\u0131zda yerl\u0259\u015fdirin. Biz bizim olan\u0131 ald\u0131q v\u0259 onu bir daha n\u0259 k\u00f6p\u0259kl\u0259r\u0259, n\u0259 d\u0259 onun sahibl\u0259rin\u0259 yem etm\u0259m\u0259y\u0259 q\u0259rarl\u0131y\u0131q. Amma Qaraba\u011fda t\u00f6r\u0259dilmi\u015f Xocal\u0131 soyq\u0131r\u0131m\u0131nda, Qaraba\u011f\u0131n talan edilm\u0259sind\u0259 erm\u0259ni fa\u015fizmin\u0259 d\u0259st\u0259k verm\u0259kl\u0259 birba\u015fa i\u015ftirak edibl\u0259r.<\/p>\n\n\n\n<figure class=\"wp-block-gallery columns-3 is-cropped wp-block-gallery-1 is-layout-flex wp-block-gallery-is-layout-flex\"><ul class=\"blocks-gallery-grid\"><li class=\"blocks-gallery-item\"><figure><img loading=\"lazy\" decoding=\"async\" width=\"271\" height=\"186\" src=\"https:\/\/fedai.az\/wp-content\/uploads\/2021\/10\/\u0411\u0435\u0437-\u043d\u0430\u0437\u0432\u0430\u043d\u0438\u044f-3-3.jpg\" alt=\"\" data-id=\"51589\" data-link=\"https:\/\/fedai.az\/?attachment_id=51589\" class=\"wp-image-51589\" srcset=\"https:\/\/fedai.az\/wp-content\/uploads\/2021\/10\/\u0411\u0435\u0437-\u043d\u0430\u0437\u0432\u0430\u043d\u0438\u044f-3-3.jpg 271w, https:\/\/fedai.az\/wp-content\/uploads\/2021\/10\/\u0411\u0435\u0437-\u043d\u0430\u0437\u0432\u0430\u043d\u0438\u044f-3-3-150x103.jpg 150w\" sizes=\"auto, (max-width: 271px) 100vw, 271px\" \/><\/figure><\/li><li class=\"blocks-gallery-item\"><figure><img loading=\"lazy\" decoding=\"async\" width=\"307\" height=\"164\" src=\"https:\/\/fedai.az\/wp-content\/uploads\/2021\/10\/\u0411\u0435\u0437-\u043d\u0430\u0437\u0432\u0430\u043d\u0438\u044f-1-3.jpg\" alt=\"\" data-id=\"51590\" data-link=\"https:\/\/fedai.az\/?attachment_id=51590\" class=\"wp-image-51590\" srcset=\"https:\/\/fedai.az\/wp-content\/uploads\/2021\/10\/\u0411\u0435\u0437-\u043d\u0430\u0437\u0432\u0430\u043d\u0438\u044f-1-3.jpg 307w, https:\/\/fedai.az\/wp-content\/uploads\/2021\/10\/\u0411\u0435\u0437-\u043d\u0430\u0437\u0432\u0430\u043d\u0438\u044f-1-3-300x160.jpg 300w, https:\/\/fedai.az\/wp-content\/uploads\/2021\/10\/\u0411\u0435\u0437-\u043d\u0430\u0437\u0432\u0430\u043d\u0438\u044f-1-3-150x80.jpg 150w\" sizes=\"auto, (max-width: 307px) 100vw, 307px\" \/><\/figure><\/li><li class=\"blocks-gallery-item\"><figure><img loading=\"lazy\" decoding=\"async\" width=\"284\" height=\"177\" src=\"https:\/\/fedai.az\/wp-content\/uploads\/2021\/10\/\u0411\u0435\u0437-\u043d\u0430\u0437\u0432\u0430\u043d\u0438\u044f-4-3.jpg\" alt=\"\" data-id=\"51591\" data-full-url=\"https:\/\/fedai.az\/wp-content\/uploads\/2021\/10\/\u0411\u0435\u0437-\u043d\u0430\u0437\u0432\u0430\u043d\u0438\u044f-4-3.jpg\" data-link=\"https:\/\/fedai.az\/?attachment_id=51591\" class=\"wp-image-51591\" srcset=\"https:\/\/fedai.az\/wp-content\/uploads\/2021\/10\/\u0411\u0435\u0437-\u043d\u0430\u0437\u0432\u0430\u043d\u0438\u044f-4-3.jpg 284w, https:\/\/fedai.az\/wp-content\/uploads\/2021\/10\/\u0411\u0435\u0437-\u043d\u0430\u0437\u0432\u0430\u043d\u0438\u044f-4-3-150x93.jpg 150w, https:\/\/fedai.az\/wp-content\/uploads\/2021\/10\/\u0411\u0435\u0437-\u043d\u0430\u0437\u0432\u0430\u043d\u0438\u044f-4-3-115x73.jpg 115w\" sizes=\"auto, (max-width: 284px) 100vw, 284px\" \/><\/figure><\/li><\/ul><figcaption class=\"blocks-gallery-caption\"><strong><span class=\"has-inline-color has-vivid-red-color\">Madam Avropan\u0131n \u0259l i\u015fl\u0259ri-Qafqazda t\u00f6r\u0259tdikl\u0259ri cinay\u0259tl\u0259r. Bu g\u00fcn d\u0259 bu cinay\u0259tkarlara d\u0259st\u0259k verirl\u0259r&#8230;<\/span><\/strong><\/figcaption><\/figure>\n\n\n\n<p><br>\u0130ndis\u0259 Avropa Komissiyas\u0131 d\u00fcn\u0259n T\u00fcrkiy\u0259 il\u0259 ba\u011fl\u0131 2021 -ci il \u00fc\u00e7\u00fcn bir hesabat d\u0259rc etdiyi hesabat\u0131 bir erm\u0259ni siyas\u0259t\u00e7isinin \u015f\u0259rh etm\u0259sini diqq\u0259tiniz\u0259 \u00e7atd\u0131rmaq ist\u0259yirik.<\/p>\n\n\n\n<p><br>Erm\u0259ni news.am sayt\u0131 yazd\u0131\u011f\u0131na g\u00f6r\u0259, Avropa Komissiyas\u0131 d\u00fcn\u0259n T\u00fcrkiy\u0259 il\u0259 ba\u011fl\u0131 2021 -ci il \u00fc\u00e7\u00fcn bir hesabat d\u0259rc edib v\u0259 bu hesabata g\u00f6r\u0259 &#171;T\u00fcrkiy\u0259 islahatlarda ir\u0259lil\u0259yi\u015f \u0259ld\u0259 etm\u0259yib v\u0259 demokratiyadan geri \u00e7\u0259kilm\u0259y\u0259 davam edib&#187;. Ankaran\u0131n Az\u0259rbaycan\u0131n &#171;Da\u011fl\u0131q Qaraba\u011fdak\u0131&#187; h\u0259rbi s\u0259yl\u0259rind\u0259 h\u0259rbi v\u0259 k\u0259\u015ffiyyat yard\u0131m\u0131, silah v\u0259 xarici d\u00f6y\u00fc\u015f\u00e7\u00fcl\u0259r\u0259 yard\u0131m g\u00f6st\u0259rm\u0259sind\u0259 \u00f6n\u0259mli rol oynad\u0131\u011f\u0131 qeyd edilir. Bu bar\u0259d\u0259 Erm\u0259nistan Respublika Partiyas\u0131n\u0131n s\u0259dr m\u00fcavini Armen A\u015fotyan \u00f6z Facebook s\u0259hif\u0259sind\u0259 yaz\u0131b.<\/p>\n\n\n\n<p><br>&#171;Hesabat bunu da vur\u011fulay\u0131r ki, nifr\u0259t hissi v\u0259 nifr\u0259td\u0259n do\u011fan cinay\u0259tl\u0259r milli azl\u0131qlar \u00fc\u00e7\u00fcn ciddi problemdir (abid\u0259l\u0259r\u0259 v\u0259 q\u0259biristanl\u0131qlara qar\u015f\u0131 vandalizm hallar\u0131 d\u00fczg\u00fcn ara\u015fd\u0131r\u0131lm\u0131r);<\/p>\n\n\n\n<p><br>D\u0259rslikl\u0259rd\u0259 milli azl\u0131qlar\u0131n bir hiss\u0259si il\u0259 ba\u011fl\u0131 ayr\u0131 -se\u00e7kilik m\u0259nb\u0259l\u0259rin\u0259 yenid\u0259n bax\u0131lmal\u0131 v\u0259 milli azl\u0131qlar \u00fc\u00e7\u00fcn m\u0259kt\u0259bl\u0259r\u0259 d\u00f6vl\u0259t d\u0259st\u0259yi praktiki olaraq dayand\u0131r\u0131lm\u0131\u015fd\u0131r;<\/p>\n\n\n\n<p><br>T\u00fcrkiy\u0259 Parlamentinin \u0130nsan Haqlar\u0131 Komissiyas\u0131 son zamanlar Erm\u0259nistanla Az\u0259rbaycan aras\u0131nda ba\u015f ver\u0259n m\u00fcharib\u0259 zaman\u0131 insan haqlar\u0131n\u0131n pozulmas\u0131n\u0131 ara\u015fd\u0131rmaq \u00fc\u00e7\u00fcn alt komissiya yarad\u0131b (parlament m\u00fcxalif\u0259tinin diqq\u0259tini bu m\u0259s\u0259l\u0259y\u0259 \u00e7\u0259kir\u0259m).<\/p>\n\n\n\n<p>Hesabat\u0131n bu v\u0259 bir s\u0131ra dig\u0259r m\u00fcdd\u0259alar\u0131ndan, \u00f6lk\u0259d\u0259 milli hakimiyy\u0259t olsayd\u0131, ciddi sur\u0259td\u0259 istifad\u0259 oluna bil\u0259rdi.<\/p>\n\n\n\n<p><br>T\u0259\u0259ss\u00fcf ki, hesabatda T\u00fcrkiy\u0259nin Erm\u0259ni Soyq\u0131r\u0131m\u0131n\u0131 q\u0259tiyy\u0259tl\u0259 inkar etm\u0259y\u0259 davam etm\u0259si fakt\u0131 qeyd edilmir (bu m\u0259s\u0259l\u0259y\u0259 parlament m\u00fcxalif\u0259tinin diqq\u0259tini \u00e7\u0259kir\u0259m) \u201d, &#8212; dey\u0259 A\u015fotyan yaz\u0131r.<\/p>\n\n\n\n<p><\/p>\n","protected":false},"excerpt":{"rendered":"<p>ELNUR S\u018fL\u0130M Redaktor Q\u0259rb h\u0259r c\u00fcr r\u0259zilliy\u0259 ged\u0259n, riyakar, iki\u00fczl\u00fc, demokratiya p\u0259rd\u0259si arxas\u0131nda siyasi iyr\u0259nclikl\u0259rl\u0259 m\u0259\u015f\u011ful olan siyas\u0259t\u00e7il\u0259rin y\u0131\u011fna\u011f\u0131d\u0131r. Onun yaratd\u0131\u011f\u0131 Avropa Komissiyas\u0131, AT\u018fT,<\/p>\n","protected":false},"author":2,"featured_media":51592,"comment_status":"closed","ping_status":"closed","sticky":false,"template":"","format":"standard","meta":{"footnotes":""},"categories":[14],"tags":[],"class_list":["post-51587","post","type-post","status-publish","format-standard","has-post-thumbnail","hentry","category-kos"],"aioseo_notices":[],"_links":{"self":[{"href":"https:\/\/fedai.az\/index.php?rest_route=\/wp\/v2\/posts\/51587","targetHints":{"allow":["GET"]}}],"collection":[{"href":"https:\/\/fedai.az\/index.php?rest_route=\/wp\/v2\/posts"}],"about":[{"href":"https:\/\/fedai.az\/index.php?rest_route=\/wp\/v2\/types\/post"}],"author":[{"embeddable":true,"href":"https:\/\/fedai.az\/index.php?rest_route=\/wp\/v2\/users\/2"}],"replies":[{"embeddable":true,"href":"https:\/\/fedai.az\/index.php?rest_route=%2Fwp%2Fv2%2Fcomments&post=51587"}],"version-history":[{"count":2,"href":"https:\/\/fedai.az\/index.php?rest_route=\/wp\/v2\/posts\/51587\/revisions"}],"predecessor-version":[{"id":51667,"href":"https:\/\/fedai.az\/index.php?rest_route=\/wp\/v2\/posts\/51587\/revisions\/51667"}],"wp:featuredmedia":[{"embeddable":true,"href":"https:\/\/fedai.az\/index.php?rest_route=\/wp\/v2\/media\/51592"}],"wp:attachment":[{"href":"https:\/\/fedai.az\/index.php?rest_route=%2Fwp%2Fv2%2Fmedia&parent=51587"}],"wp:term":[{"taxonomy":"category","embeddable":true,"href":"https:\/\/fedai.az\/index.php?rest_route=%2Fwp%2Fv2%2Fcategories&post=51587"},{"taxonomy":"post_tag","embeddable":true,"href":"https:\/\/fedai.az\/index.php?rest_route=%2Fwp%2Fv2%2Ftags&post=51587"}],"curies":[{"name":"wp","href":"https:\/\/api.w.org\/{rel}","templated":true}]}}