{"id":51594,"date":"2021-10-21T01:06:24","date_gmt":"2021-10-20T21:06:24","guid":{"rendered":"https:\/\/fedai.az\/?p=51594"},"modified":"2021-10-21T01:06:27","modified_gmt":"2021-10-20T21:06:27","slug":"minimum-maas-v%c9%99-pensiyalarin-n%c9%99-q%c9%99d%c9%99r-artirila-bil%c9%99c%c9%99yi-aciqlanib","status":"publish","type":"post","link":"https:\/\/fedai.az\/?p=51594","title":{"rendered":"Minimum maa\u015f v\u0259 pensiyalar\u0131n n\u0259 q\u0259d\u0259r art\u0131r\u0131la bil\u0259c\u0259yi a\u00e7\u0131qlan\u0131b"},"content":{"rendered":"\n<p><strong>\u018fm\u0259k v\u0259 \u0259halinin sosial m\u00fcdafi\u0259si nazirinin m\u00fcavini Anar K\u0259rimovun s\u00f6zl\u0259rin\u0259 g\u00f6r\u0259, &#171;pensiya, minimum \u0259m\u0259khaqq\u0131, m\u00fcavin\u0259t v\u0259 t\u0259qa\u00fcdl\u0259r g\u0259l\u0259n il 20-40% art\u0131r\u0131la bil\u0259r&#187;.<\/strong><\/p>\n\n\n\n<p>Prezident \u0130lham \u018fliyevin oktyabr\u0131n 16-da imzalad\u0131\u011f\u0131 s\u0259r\u0259ncamda h\u00f6kum\u0259t\u0259 g\u0259l\u0259n ilin d\u00f6vl\u0259t b\u00fcdc\u0259si layih\u0259sind\u0259 maa\u015flar v\u0259 dig\u0259r art\u0131mlar\u0131n t\u0259min edilm\u0259si \u00fc\u00e7\u00fcn t\u0259klifl\u0259r haz\u0131rlamaq&nbsp;<a href=\"https:\/\/www.bbc.com\/azeri\/azerbaijan-58945396\">tap\u015f\u0131r\u0131l\u0131b<\/a>.<\/p>\n\n\n\n<p>\u0130qtisad\u00e7\u0131 ekspertl\u0259rin q\u0259na\u0259tin\u0259 g\u00f6r\u0259 bu s\u0259r\u0259ncam\u0131n indi elan olunmas\u0131 &#171;\u0259haliy\u0259 \u00fcmid verm\u0259k m\u0259qs\u0259di da\u015f\u0131y\u0131r.&#187;<\/p>\n\n\n\n<p>&#171;Haz\u0131rda 2022-ci il d\u00f6vl\u0259t b\u00fcdc\u0259sinin layih\u0259si il\u0259 ba\u011fl\u0131 m\u00fczakir\u0259l\u0259r gedir. Vacibdir ki, g\u0259l\u0259n il sosial art\u0131mlarla ba\u011fl\u0131 b\u00fcdc\u0259d\u0259 m\u00fcvafiq v\u0259saitl\u0259r ayr\u0131ls\u0131n v\u0259 \u0259hali q\u0131sa m\u00fcdd\u0259td\u0259 bu art\u0131mlardan faydalana bilsin&#187;.<\/p>\n\n\n\n<p>Nazir m\u00fcavini bunu APA-ya a\u00e7\u0131qlamas\u0131nda bildirib.<\/p>\n\n\n\n<p>O deyib ki, Prezident \u0130lham \u018fliyevin s\u0259r\u0259ncam\u0131na uy\u011fun olaraq, \u0259sas\u0259n minimum pensiyalar, minimum \u0259m\u0259khaqq\u0131, m\u00fcavin\u0259t v\u0259 t\u0259qa\u00fcdl\u0259rin 20-40 faiz art\u0131r\u0131lmas\u0131 n\u0259z\u0259rd\u0259 tutulur.<\/p>\n\n\n\n<p>&#171;Art\u0131mlar 1,8 milyon n\u0259f\u0259ri \u0259hat\u0259 ed\u0259c\u0259k&#187;,- Anar K\u0259rimov qeyd edib.<\/p>\n\n\n\n<p>M\u0259nb\u0259: BBC<\/p>\n","protected":false},"excerpt":{"rendered":"<p>\u018fm\u0259k v\u0259 \u0259halinin sosial m\u00fcdafi\u0259si nazirinin m\u00fcavini Anar K\u0259rimovun s\u00f6zl\u0259rin\u0259 g\u00f6r\u0259, &#171;pensiya, minimum \u0259m\u0259khaqq\u0131, m\u00fcavin\u0259t v\u0259 t\u0259qa\u00fcdl\u0259r g\u0259l\u0259n il 20-40% art\u0131r\u0131la bil\u0259r&#187;. Prezident \u0130lham<\/p>\n","protected":false},"author":2,"featured_media":51595,"comment_status":"closed","ping_status":"closed","sticky":false,"template":"","format":"standard","meta":{"footnotes":""},"categories":[12],"tags":[],"class_list":["post-51594","post","type-post","status-publish","format-standard","has-post-thumbnail","hentry","category-sosial"],"aioseo_notices":[],"_links":{"self":[{"href":"https:\/\/fedai.az\/index.php?rest_route=\/wp\/v2\/posts\/51594","targetHints":{"allow":["GET"]}}],"collection":[{"href":"https:\/\/fedai.az\/index.php?rest_route=\/wp\/v2\/posts"}],"about":[{"href":"https:\/\/fedai.az\/index.php?rest_route=\/wp\/v2\/types\/post"}],"author":[{"embeddable":true,"href":"https:\/\/fedai.az\/index.php?rest_route=\/wp\/v2\/users\/2"}],"replies":[{"embeddable":true,"href":"https:\/\/fedai.az\/index.php?rest_route=%2Fwp%2Fv2%2Fcomments&post=51594"}],"version-history":[{"count":1,"href":"https:\/\/fedai.az\/index.php?rest_route=\/wp\/v2\/posts\/51594\/revisions"}],"predecessor-version":[{"id":51596,"href":"https:\/\/fedai.az\/index.php?rest_route=\/wp\/v2\/posts\/51594\/revisions\/51596"}],"wp:featuredmedia":[{"embeddable":true,"href":"https:\/\/fedai.az\/index.php?rest_route=\/wp\/v2\/media\/51595"}],"wp:attachment":[{"href":"https:\/\/fedai.az\/index.php?rest_route=%2Fwp%2Fv2%2Fmedia&parent=51594"}],"wp:term":[{"taxonomy":"category","embeddable":true,"href":"https:\/\/fedai.az\/index.php?rest_route=%2Fwp%2Fv2%2Fcategories&post=51594"},{"taxonomy":"post_tag","embeddable":true,"href":"https:\/\/fedai.az\/index.php?rest_route=%2Fwp%2Fv2%2Ftags&post=51594"}],"curies":[{"name":"wp","href":"https:\/\/api.w.org\/{rel}","templated":true}]}}