{"id":51604,"date":"2021-10-21T01:46:23","date_gmt":"2021-10-20T21:46:23","guid":{"rendered":"https:\/\/fedai.az\/?p=51604"},"modified":"2021-10-21T12:30:03","modified_gmt":"2021-10-21T08:30:03","slug":"s%c9%99n%c9%99tiyl%c9%99-xalqa-xidm%c9%99t-ed%c9%99n-r%c9%99ssama-niy%c9%99-ad-verilmir","status":"publish","type":"post","link":"https:\/\/fedai.az\/?p=51604","title":{"rendered":"S\u0259n\u0259tiyl\u0259 xalqa xidm\u0259t ed\u0259n r\u0259ssama niy\u0259 ad verilmir?"},"content":{"rendered":"\n<p><strong>Az\u0259rbaycan R\u0259ssamlar \u0130ttifaq\u0131 v\u0259 Karikatura\u00e7\u0131 R\u0259ssamlar Birliyinin \u00fczv\u00fc, beyn\u0259lxalq s\u0259rgil\u0259rin, m\u00fcsabiq\u0259l\u0259rin laureat\u0131 Kirman Abdin 62 illik \u00f6mr\u00fcn\u00fcn yar\u0131dan \u00e7oxunu t\u0259sviri s\u0259n\u0259t\u0259 h\u0259sr edib.<\/strong><\/p>\n\n\n\n<div class=\"wp-block-media-text alignwide has-media-on-the-right is-stacked-on-mobile\" style=\"grid-template-columns:auto 39%\"><figure class=\"wp-block-media-text__media\"><img loading=\"lazy\" decoding=\"async\" width=\"158\" height=\"200\" src=\"https:\/\/fedai.az\/wp-content\/uploads\/2021\/10\/unnamed-2-1.jpg\" alt=\"\" class=\"wp-image-51605 size-full\" srcset=\"https:\/\/fedai.az\/wp-content\/uploads\/2021\/10\/unnamed-2-1.jpg 158w, https:\/\/fedai.az\/wp-content\/uploads\/2021\/10\/unnamed-2-1-119x150.jpg 119w\" sizes=\"auto, (max-width: 158px) 100vw, 158px\" \/><\/figure><div class=\"wp-block-media-text__content\">\n<p class=\"has-large-font-size\"><strong>K\u0130RMAN ABD\u0130N<\/strong><\/p>\n\n\n\n<p><strong><em>R\u0259ssam<\/em><\/strong><\/p>\n<\/div><\/div>\n\n\n\n<p><br>\u018f. \u018fzimzad\u0259 ad\u0131na D\u00f6vl\u0259t R\u0259ssaml\u0131q Texnikumunda v\u0259 Az\u0259rbaycan D\u00f6vl\u0259t \u0130nc\u0259s\u0259n\u0259t \u0130nstitutunun (indiki ADM\u0130U) R\u0259ssaml\u0131q fak\u00fclt\u0259sind\u0259 t\u0259hsil alan Kirman Abdin \u0259sas\u0259n plakat ustas\u0131 kimi tan\u0131n\u0131r. S\u0259n\u0259tkar\u0131n yarad\u0131c\u0131l\u0131\u011f\u0131nda prioqrafiya (a\u011fac, d\u0259ri, tikm\u0259 \u00fcz\u0259rind\u0259 yand\u0131rma \u00fcsulu il\u0259 nax\u0131\u015f a\u00e7ma) v\u0259 qrafika \u0259s\u0259rl\u0259ri apar\u0131c\u0131 yer tutur. O, xalq\u0131m\u0131z\u0131n tarixi-m\u0259d\u0259ni yadda\u015f\u0131nda iz salan bir \u00e7ox \u0259lam\u0259tdar hadis\u0259l\u0259r\u0259 \u0259s\u0259rl\u0259r h\u0259sr edib.<\/p>\n\n\n\n<figure class=\"wp-block-image size-large is-resized\"><img loading=\"lazy\" decoding=\"async\" src=\"https:\/\/fedai.az\/wp-content\/uploads\/2021\/10\/118148_78lsyize7o.jpg\" alt=\"\" class=\"wp-image-51606\" width=\"1093\" height=\"768\" srcset=\"https:\/\/fedai.az\/wp-content\/uploads\/2021\/10\/118148_78lsyize7o.jpg 861w, https:\/\/fedai.az\/wp-content\/uploads\/2021\/10\/118148_78lsyize7o-300x211.jpg 300w, https:\/\/fedai.az\/wp-content\/uploads\/2021\/10\/118148_78lsyize7o-150x105.jpg 150w, https:\/\/fedai.az\/wp-content\/uploads\/2021\/10\/118148_78lsyize7o-768x540.jpg 768w\" sizes=\"auto, (max-width: 1093px) 100vw, 1093px\" \/><\/figure>\n\n\n\n<p><br>M\u0259n Kirman Abdini birg\u0259 i\u015fl\u0259diyimiz &#171;G\u0259nclik&#187; jurnal\u0131ndan tan\u0131m\u0131\u015fam. \u00d6z d\u00f6vr\u00fcnd\u0259 \u00f6lk\u0259nin \u0259n oxunaql\u0131 jurnal\u0131n\u0131n dizayn\u0131nda r\u0259ssam G\u00fcnd\u00fcz \u018flizad\u0259 il\u0259 birg\u0259 Kirman Abdinin illist\u00fcrasiyalar\u0131 jurnal\u0131 oxucular \u00fc\u00e7\u00fcn daha cazib\u0259dar edirdi. Bu i\u015fd\u0259 \u00f6lk\u0259mizd\u0259 az sayda olan qrafik r\u0259ssam kimi Kirman Abdinin \u00f6z pay\u0131 vard\u0131. Bu ill\u0259r \u0259rzind\u0259 daim yarad\u0131c\u0131l\u0131qla m\u0259\u015f\u011ful olan bir r\u0259ssam\u0131n bu g\u00fcn diqq\u0259td\u0259n k\u0259narda qalmas\u0131 q\u0259lbimizi a\u011fr\u0131d\u0131r. Onlarla t\u0259krars\u0131z r\u0259sm \u0259s\u0259rinin m\u00fc\u0259llifi v\u0259 onlarla u\u011furlu s\u0259rgi ke\u00e7irmi\u015f r\u0259ssam Kirman Abdinl\u0259 son z\u0259ngl\u0259\u015fm\u0259d\u0259, istedads\u0131zlara sa\u011fa-sola paylanan adlardan, he\u00e7 olmasa bir istedadl\u0131 yarad\u0131c\u0131 \u015f\u0259xs\u0259 pay d\u00fc\u015fd\u00fcy\u00fcn\u00fc soru\u015fdum. Bu faci\u0259dir. Bir r\u0259ssam\u0131 qiym\u0259tl\u0259ndirm\u0259k \u00fc\u00e7\u00fcn d\u0259f\u0259l\u0259rl\u0259 \u00e7ox olan orjinal \u0259s\u0259ri olan bir \u015f\u0259xsin 40 illik yarad\u0131c\u0131l\u0131\u011f\u0131na bigan\u0259 m\u00fcnasib\u0259t, yaln\u0131z Az\u0259rbaycan\u0131n aidiyyatl\u0131 nazirliyind\u0259 ola bil\u0259c\u0259yini bir daha anlad\u0131m.<\/p>\n\n\n\n<figure class=\"wp-block-gallery columns-3 is-cropped wp-block-gallery-1 is-layout-flex wp-block-gallery-is-layout-flex\"><ul class=\"blocks-gallery-grid\"><li class=\"blocks-gallery-item\"><figure><img loading=\"lazy\" decoding=\"async\" width=\"229\" height=\"316\" src=\"https:\/\/fedai.az\/wp-content\/uploads\/2021\/10\/album_5966_6l89c1jpzl.jpg\" alt=\"\" data-id=\"51607\" data-link=\"https:\/\/fedai.az\/?attachment_id=51607\" class=\"wp-image-51607\" srcset=\"https:\/\/fedai.az\/wp-content\/uploads\/2021\/10\/album_5966_6l89c1jpzl.jpg 229w, https:\/\/fedai.az\/wp-content\/uploads\/2021\/10\/album_5966_6l89c1jpzl-217x300.jpg 217w, https:\/\/fedai.az\/wp-content\/uploads\/2021\/10\/album_5966_6l89c1jpzl-109x150.jpg 109w\" sizes=\"auto, (max-width: 229px) 100vw, 229px\" \/><\/figure><\/li><li class=\"blocks-gallery-item\"><figure><img loading=\"lazy\" decoding=\"async\" width=\"230\" height=\"333\" src=\"https:\/\/fedai.az\/wp-content\/uploads\/2021\/10\/album_5964_91is1wntna.jpg\" alt=\"\" data-id=\"51608\" data-link=\"https:\/\/fedai.az\/?attachment_id=51608\" class=\"wp-image-51608\" srcset=\"https:\/\/fedai.az\/wp-content\/uploads\/2021\/10\/album_5964_91is1wntna.jpg 230w, https:\/\/fedai.az\/wp-content\/uploads\/2021\/10\/album_5964_91is1wntna-207x300.jpg 207w, https:\/\/fedai.az\/wp-content\/uploads\/2021\/10\/album_5964_91is1wntna-104x150.jpg 104w\" sizes=\"auto, (max-width: 230px) 100vw, 230px\" \/><\/figure><\/li><li class=\"blocks-gallery-item\"><figure><img loading=\"lazy\" decoding=\"async\" width=\"231\" height=\"338\" src=\"https:\/\/fedai.az\/wp-content\/uploads\/2021\/10\/album_5965_j4jbzgge4l.jpg\" alt=\"\" data-id=\"51609\" data-full-url=\"https:\/\/fedai.az\/wp-content\/uploads\/2021\/10\/album_5965_j4jbzgge4l.jpg\" data-link=\"https:\/\/fedai.az\/?attachment_id=51609\" class=\"wp-image-51609\" srcset=\"https:\/\/fedai.az\/wp-content\/uploads\/2021\/10\/album_5965_j4jbzgge4l.jpg 231w, https:\/\/fedai.az\/wp-content\/uploads\/2021\/10\/album_5965_j4jbzgge4l-205x300.jpg 205w, https:\/\/fedai.az\/wp-content\/uploads\/2021\/10\/album_5965_j4jbzgge4l-103x150.jpg 103w\" sizes=\"auto, (max-width: 231px) 100vw, 231px\" \/><\/figure><\/li><\/ul><\/figure>\n\n\n\n<p><br>2016-c\u0131 il aprelin 28-d\u0259 R\u0259ssanlar \u0130ttifaq\u0131n\u0131n V\u0259cih\u0259 S\u0259m\u0259dova ad\u0131na S\u0259rgi Salonunda r\u0259ssam Kirman Abdinin M\u0259mm\u0259d Araz yarad\u0131c\u0131l\u0131\u011f\u0131na h\u0259sr olunmu\u015f \u201c\u0130sinsin azac\u0131q bu da\u015f duy\u011fular\u201d adl\u0131 f\u0259rdi yarad\u0131c\u0131l\u0131q s\u0259rgisind\u0259 baxd\u0131\u011f\u0131m v\u0259 valeh oldu\u011fum s\u0259rgini xat\u0131rlad\u0131m. S\u0259rgid\u0259 n\u00fcmayi\u015f etdiril\u0259n h\u0259r bir \u0259s\u0259rd\u0259 r\u0259ssam K. Abdin sanki s\u00f6z\u00fcn r\u0259smini \u00e7\u0259kmi\u015fdi. Bu heyr\u0259tamiz \u0259s\u0259rl\u0259rin h\u0259r birini ayr\u0131l\u0131qda \u015fedevr saymaq olard\u0131. El\u0259 ona g\u00f6r\u0259 d\u0259 s\u0259n\u0259t adamlar\u0131 v\u0259 geni\u015f ictimaiyy\u0259t t\u0259r\u0259find\u0259n d\u0259rin maraq v\u0259 r\u0259\u011fb\u0259tl\u0259 qar\u015f\u0131lanm\u0131\u015fd\u0131. \u00c7\u00fcnki M\u0259mm\u0259d Araz poeziyas\u0131na v\u0259 f\u0259ls\u0259f\u0259sin\u0259 Az\u0259rbaycan t\u0259sviri s\u0259n\u0259t al\u0259mind\u0259 \u00e7ox az r\u0259ssamlar m\u00fcraci\u0259t edib. Do\u011frudan da M\u0259mm\u0259d Araz poeziyas\u0131n\u0131n v\u0259 yarad\u0131c\u0131 t\u0259x\u0259yy\u00fcl\u00fcn\u00fcn b\u0259dii g\u00f6r\u00fcnt\u00fcs\u00fcn\u00fc v\u0259 b\u0259dii estetik obraz\u0131n\u0131 yaratmaq ilk n\u00f6vb\u0259d\u0259, r\u0259ssamdan x\u00fcsusi m\u0259suliyy\u0259t t\u0259l\u0259b edir. R\u0259ssam kimi bu i\u015fi bacarm\u0131\u015fd\u0131 Kirman Abdin. M. Araz\u0131n b\u0259dii ustal\u0131qla dediyi fikir v\u0259 d\u00fc\u015f\u00fcnc\u0259l\u0259rin r\u0259sm\u0259 k\u00f6\u00e7\u00fcr\u0259 bilmi\u015fdi. S\u0259rgid\u0259 i\u015ftirak ed\u0259nl\u0259ri heyr\u0259tl\u0259ndir\u0259n d\u0259 el\u0259 bu \u00fcslub idi. S\u0259rgid\u0259 n\u00fcmayi\u015f olunmu\u015f \u0259s\u0259rl\u0259r \u201cM\u0259mm\u0259d Araz qrafik albomu\u201d ad\u0131 alt\u0131nda \u00e7ap olunub.<\/p>\n\n\n\n<figure class=\"wp-block-gallery columns-2 is-cropped wp-block-gallery-2 is-layout-flex wp-block-gallery-is-layout-flex\"><ul class=\"blocks-gallery-grid\"><li class=\"blocks-gallery-item\"><figure><img loading=\"lazy\" decoding=\"async\" width=\"461\" height=\"1024\" src=\"https:\/\/fedai.az\/wp-content\/uploads\/2021\/10\/244970573_270910261597837_836069671331448853_n-461x1024.jpg\" alt=\"\" data-id=\"51610\" data-link=\"https:\/\/fedai.az\/?attachment_id=51610\" class=\"wp-image-51610\" srcset=\"https:\/\/fedai.az\/wp-content\/uploads\/2021\/10\/244970573_270910261597837_836069671331448853_n-461x1024.jpg 461w, https:\/\/fedai.az\/wp-content\/uploads\/2021\/10\/244970573_270910261597837_836069671331448853_n-135x300.jpg 135w, https:\/\/fedai.az\/wp-content\/uploads\/2021\/10\/244970573_270910261597837_836069671331448853_n-68x150.jpg 68w, https:\/\/fedai.az\/wp-content\/uploads\/2021\/10\/244970573_270910261597837_836069671331448853_n.jpg 576w\" sizes=\"auto, (max-width: 461px) 100vw, 461px\" \/><\/figure><\/li><li class=\"blocks-gallery-item\"><figure><img loading=\"lazy\" decoding=\"async\" width=\"461\" height=\"1024\" src=\"https:\/\/fedai.az\/wp-content\/uploads\/2021\/10\/246665088_177838744511292_7569832959094190150_n-461x1024.jpg\" alt=\"\" data-id=\"51612\" data-full-url=\"https:\/\/fedai.az\/wp-content\/uploads\/2021\/10\/246665088_177838744511292_7569832959094190150_n.jpg\" data-link=\"https:\/\/fedai.az\/?attachment_id=51612\" class=\"wp-image-51612\" srcset=\"https:\/\/fedai.az\/wp-content\/uploads\/2021\/10\/246665088_177838744511292_7569832959094190150_n-461x1024.jpg 461w, https:\/\/fedai.az\/wp-content\/uploads\/2021\/10\/246665088_177838744511292_7569832959094190150_n-135x300.jpg 135w, https:\/\/fedai.az\/wp-content\/uploads\/2021\/10\/246665088_177838744511292_7569832959094190150_n-68x150.jpg 68w, https:\/\/fedai.az\/wp-content\/uploads\/2021\/10\/246665088_177838744511292_7569832959094190150_n.jpg 576w\" sizes=\"auto, (max-width: 461px) 100vw, 461px\" \/><\/figure><\/li><\/ul><\/figure>\n\n\n\n<p><br>Qaraba\u011f u\u011frunda ged\u0259n d\u00f6y\u00fc\u015fl\u0259r v\u0259 apard\u0131\u011f\u0131m\u0131z milli m\u00fccadil\u0259 d\u0259 r\u0259ssam\u0131n daimi m\u00f6vzular\u0131ndand\u0131r. H\u0259m &#171;G\u0259nclik&#187; jurnal\u0131nda, h\u0259m d\u0259 &#171;F\u0259dai&#187; q\u0259zetinin yarad\u0131lmas\u0131nda (1994-c\u00fc il) \u00f6z ideoloji \u0259s\u0259rl\u0259ri il\u0259 daim \u00f6nd\u0259 olan r\u0259ssamlar\u0131m\u0131zdan olub. 2020-ci ilin V\u0259t\u0259n m\u00fcharib\u0259sind\u0259 qazand\u0131\u011f\u0131m\u0131z parlaq Q\u0259l\u0259b\u0259d\u0259n t\u0259sirl\u0259n\u0259n r\u0259ssam \u201cZ\u0259f\u0259r tarixinin \u015fahidi\u201d qrafik \u0259s\u0259rini yarad\u0131b. Prioqrafiya \u00fcsulu il\u0259 i\u015fl\u0259n\u0259n \u0259s\u0259rd\u0259 Z\u0259f\u0259rin \u015fahidi a\u011fsa\u00e7l\u0131 anad\u0131r. M\u00fc\u0259llif Q\u0259l\u0259b\u0259nin \u015eu\u015fan\u0131n azad olunmas\u0131 il\u0259 t\u0259min edildiyini m\u0259d\u0259niyy\u0259t paytaxt\u0131m\u0131z\u0131n r\u0259mzi say\u0131lan xar\u0131b\u00fclb\u00fcl \u00e7i\u00e7\u0259yi, 28 illik i\u015f\u011fal zaman\u0131 nisb\u0259t\u0259n salamat qalm\u0131\u015f Yuxar\u0131 G\u00f6vh\u0259r a\u011fa m\u0259scidi v\u0259 Az\u0259rbaycan-T\u00fcrkiy\u0259 birliyinin simvolla\u015fd\u0131ran iki qarda\u015f \u00f6lk\u0259nin birl\u0259\u015fmi\u015f bayraqlar\u0131 fonunda t\u0259qdim edib.<\/p>\n\n\n\n<p><br>Kirman Abdin yarad\u0131c\u0131l\u0131\u011f\u0131nda v\u0259t\u0259nda\u015fl\u0131q m\u00f6vqeyi v\u0259 V\u0259t\u0259n m\u00f6vzusu qabar\u0131q \u015f\u0259kild\u0259 \u00f6z\u00fcn\u00fc biruz\u0259 verir. X\u00fcsusiyl\u0259 plakat r\u0259ssaml\u0131\u011f\u0131 sah\u0259sind\u0259 u\u011furlu \u0259l i\u015fl\u0259ri il\u0259 tan\u0131nmas\u0131nda r\u0259ssam\u0131n yarad\u0131c\u0131l\u0131\u011f\u0131nda \u00f6z\u00fcn\u0259m\u0259xsusluq \u0259sas rol oynay\u0131b.<\/p>\n\n\n\n<figure class=\"wp-block-gallery columns-2 is-cropped wp-block-gallery-3 is-layout-flex wp-block-gallery-is-layout-flex\"><ul class=\"blocks-gallery-grid\"><li class=\"blocks-gallery-item\"><figure><img loading=\"lazy\" decoding=\"async\" width=\"461\" height=\"1024\" src=\"https:\/\/fedai.az\/wp-content\/uploads\/2021\/10\/244938954_1900417580118668_6123222771238354484_n-461x1024.jpg\" alt=\"\" data-id=\"51614\" data-link=\"https:\/\/fedai.az\/?attachment_id=51614\" class=\"wp-image-51614\" srcset=\"https:\/\/fedai.az\/wp-content\/uploads\/2021\/10\/244938954_1900417580118668_6123222771238354484_n-461x1024.jpg 461w, https:\/\/fedai.az\/wp-content\/uploads\/2021\/10\/244938954_1900417580118668_6123222771238354484_n-135x300.jpg 135w, https:\/\/fedai.az\/wp-content\/uploads\/2021\/10\/244938954_1900417580118668_6123222771238354484_n-68x150.jpg 68w, https:\/\/fedai.az\/wp-content\/uploads\/2021\/10\/244938954_1900417580118668_6123222771238354484_n.jpg 576w\" sizes=\"auto, (max-width: 461px) 100vw, 461px\" \/><\/figure><\/li><li class=\"blocks-gallery-item\"><figure><img loading=\"lazy\" decoding=\"async\" width=\"461\" height=\"1024\" src=\"https:\/\/fedai.az\/wp-content\/uploads\/2021\/10\/244962345_276773024323365_5751533932618131078_n-461x1024.jpg\" alt=\"\" data-id=\"51616\" data-full-url=\"https:\/\/fedai.az\/wp-content\/uploads\/2021\/10\/244962345_276773024323365_5751533932618131078_n.jpg\" data-link=\"https:\/\/fedai.az\/?attachment_id=51616\" class=\"wp-image-51616\" srcset=\"https:\/\/fedai.az\/wp-content\/uploads\/2021\/10\/244962345_276773024323365_5751533932618131078_n-461x1024.jpg 461w, https:\/\/fedai.az\/wp-content\/uploads\/2021\/10\/244962345_276773024323365_5751533932618131078_n-135x300.jpg 135w, https:\/\/fedai.az\/wp-content\/uploads\/2021\/10\/244962345_276773024323365_5751533932618131078_n-68x150.jpg 68w, https:\/\/fedai.az\/wp-content\/uploads\/2021\/10\/244962345_276773024323365_5751533932618131078_n.jpg 576w\" sizes=\"auto, (max-width: 461px) 100vw, 461px\" \/><\/figure><\/li><\/ul><\/figure>\n\n\n\n<p>Bunca \u00e7ox\u015fax\u0259li v\u0259 d\u0259y\u0259rli \u0259s\u0259rl\u0259r yaratm\u0131\u015f, h\u0259yat\u0131n\u0131 yarad\u0131c\u0131l\u0131\u011fa h\u0259sr etmi\u015f r\u0259ssama bu g\u00fcn\u0259d\u0259k he\u00e7 bir diqq\u0259tin g\u00f6st\u0259rilm\u0259m\u0259sini ictimail\u0259\u015fdirm\u0259yi \u00f6z borcum bildim. \u0130nanmaq ist\u0259rdik ki, R\u0259ssamlar \u0130ttifaq\u0131 v\u0259 M\u0259d\u0259niyy\u0259t Nazirliyi d\u0259y\u0259rli r\u0259ssam\u0131m\u0131z Kirman Abdin yarad\u0259c\u0131l\u0131\u011f\u0131na layiq oldu\u011fu qiym\u0259ti ver\u0259c\u0259kl\u0259r.<\/p>\n\n\n\n<p><br>Xat\u0131rladaq ki, Kirman Abdinin R\u0259ssamlar \u0130ttifaq\u0131n\u0131n V\u0259cih\u0259 S\u0259m\u0259dova ad\u0131na s\u0259rgi salonunda (2012, 2016) v\u0259 Nax\u00e7\u0131van R\u0259ssamlar Birliyinin B\u0259hruz K\u0259ng\u0259rli ad\u0131na s\u0259rgi zal\u0131nda (2016) s\u0259rgil\u0259ri ke\u00e7irilib. O, 2006-c\u0131 ild\u0259n Beyn\u0259lxalq Karikatura\u00e7\u0131lar T\u0259\u015fkilatlar\u0131 Federasiyas\u0131 (FECO) Az\u0259rbaycan qrupunun \u00fczv\u00fcd\u00fcr.<\/p>\n\n\n\n<p><strong>Xaqani \u018fd\u0259bo\u011flu<\/strong><\/p>\n\n\n\n<figure class=\"wp-block-image size-large is-resized\"><img loading=\"lazy\" decoding=\"async\" src=\"https:\/\/fedai.az\/wp-content\/uploads\/2021\/10\/karikatura-igra_kirman-abdin_9928.jpg\" alt=\"\" class=\"wp-image-51615\" width=\"1091\" height=\"789\" srcset=\"https:\/\/fedai.az\/wp-content\/uploads\/2021\/10\/karikatura-igra_kirman-abdin_9928.jpg 600w, https:\/\/fedai.az\/wp-content\/uploads\/2021\/10\/karikatura-igra_kirman-abdin_9928-300x217.jpg 300w, https:\/\/fedai.az\/wp-content\/uploads\/2021\/10\/karikatura-igra_kirman-abdin_9928-150x109.jpg 150w\" sizes=\"auto, (max-width: 1091px) 100vw, 1091px\" \/><\/figure>\n\n\n\n<figure class=\"wp-block-image size-large is-resized\"><img loading=\"lazy\" decoding=\"async\" src=\"https:\/\/fedai.az\/wp-content\/uploads\/2021\/10\/m8.jpg\" alt=\"\" class=\"wp-image-51617\" width=\"1094\" height=\"1547\" srcset=\"https:\/\/fedai.az\/wp-content\/uploads\/2021\/10\/m8.jpg 539w, https:\/\/fedai.az\/wp-content\/uploads\/2021\/10\/m8-212x300.jpg 212w, https:\/\/fedai.az\/wp-content\/uploads\/2021\/10\/m8-106x150.jpg 106w\" sizes=\"auto, (max-width: 1094px) 100vw, 1094px\" \/><\/figure>\n\n\n\n<figure class=\"wp-block-image size-large is-resized\"><img loading=\"lazy\" decoding=\"async\" src=\"https:\/\/fedai.az\/wp-content\/uploads\/2021\/10\/1562270873.jpg\" alt=\"\" class=\"wp-image-51618\" width=\"1090\" height=\"654\" srcset=\"https:\/\/fedai.az\/wp-content\/uploads\/2021\/10\/1562270873.jpg 900w, https:\/\/fedai.az\/wp-content\/uploads\/2021\/10\/1562270873-300x180.jpg 300w, https:\/\/fedai.az\/wp-content\/uploads\/2021\/10\/1562270873-150x90.jpg 150w, https:\/\/fedai.az\/wp-content\/uploads\/2021\/10\/1562270873-768x461.jpg 768w, https:\/\/fedai.az\/wp-content\/uploads\/2021\/10\/1562270873-184x109.jpg 184w\" sizes=\"auto, (max-width: 1090px) 100vw, 1090px\" \/><\/figure>\n\n\n\n<figure class=\"wp-block-image size-large is-resized\"><img loading=\"lazy\" decoding=\"async\" src=\"https:\/\/fedai.az\/wp-content\/uploads\/2021\/10\/o9-1.jpg\" alt=\"\" class=\"wp-image-51619\" width=\"923\" height=\"1114\" srcset=\"https:\/\/fedai.az\/wp-content\/uploads\/2021\/10\/o9-1.jpg 420w, https:\/\/fedai.az\/wp-content\/uploads\/2021\/10\/o9-1-249x300.jpg 249w, https:\/\/fedai.az\/wp-content\/uploads\/2021\/10\/o9-1-124x150.jpg 124w\" sizes=\"auto, (max-width: 923px) 100vw, 923px\" \/><\/figure>\n","protected":false},"excerpt":{"rendered":"<p>Az\u0259rbaycan R\u0259ssamlar \u0130ttifaq\u0131 v\u0259 Karikatura\u00e7\u0131 R\u0259ssamlar Birliyinin \u00fczv\u00fc, beyn\u0259lxalq s\u0259rgil\u0259rin, m\u00fcsabiq\u0259l\u0259rin laureat\u0131 Kirman Abdin 62 illik \u00f6mr\u00fcn\u00fcn yar\u0131dan \u00e7oxunu t\u0259sviri s\u0259n\u0259t\u0259 h\u0259sr edib. K\u0130RMAN<\/p>\n","protected":false},"author":2,"featured_media":51620,"comment_status":"closed","ping_status":"closed","sticky":false,"template":"","format":"standard","meta":{"footnotes":""},"categories":[8],"tags":[],"class_list":["post-51604","post","type-post","status-publish","format-standard","has-post-thumbnail","hentry","category-thsil"],"aioseo_notices":[],"_links":{"self":[{"href":"https:\/\/fedai.az\/index.php?rest_route=\/wp\/v2\/posts\/51604","targetHints":{"allow":["GET"]}}],"collection":[{"href":"https:\/\/fedai.az\/index.php?rest_route=\/wp\/v2\/posts"}],"about":[{"href":"https:\/\/fedai.az\/index.php?rest_route=\/wp\/v2\/types\/post"}],"author":[{"embeddable":true,"href":"https:\/\/fedai.az\/index.php?rest_route=\/wp\/v2\/users\/2"}],"replies":[{"embeddable":true,"href":"https:\/\/fedai.az\/index.php?rest_route=%2Fwp%2Fv2%2Fcomments&post=51604"}],"version-history":[{"count":5,"href":"https:\/\/fedai.az\/index.php?rest_route=\/wp\/v2\/posts\/51604\/revisions"}],"predecessor-version":[{"id":51656,"href":"https:\/\/fedai.az\/index.php?rest_route=\/wp\/v2\/posts\/51604\/revisions\/51656"}],"wp:featuredmedia":[{"embeddable":true,"href":"https:\/\/fedai.az\/index.php?rest_route=\/wp\/v2\/media\/51620"}],"wp:attachment":[{"href":"https:\/\/fedai.az\/index.php?rest_route=%2Fwp%2Fv2%2Fmedia&parent=51604"}],"wp:term":[{"taxonomy":"category","embeddable":true,"href":"https:\/\/fedai.az\/index.php?rest_route=%2Fwp%2Fv2%2Fcategories&post=51604"},{"taxonomy":"post_tag","embeddable":true,"href":"https:\/\/fedai.az\/index.php?rest_route=%2Fwp%2Fv2%2Ftags&post=51604"}],"curies":[{"name":"wp","href":"https:\/\/api.w.org\/{rel}","templated":true}]}}