{"id":51662,"date":"2021-10-21T13:18:32","date_gmt":"2021-10-21T09:18:32","guid":{"rendered":"https:\/\/fedai.az\/?p=51662"},"modified":"2021-10-21T13:18:35","modified_gmt":"2021-10-21T09:18:35","slug":"t%c9%99hsil-nazirliyid%c9%99n-m%c9%99kt%c9%99bl%c9%99rin-baglanmasi-il%c9%99-bagli-aciqlama","status":"publish","type":"post","link":"https:\/\/fedai.az\/?p=51662","title":{"rendered":"T\u0259hsil Nazirliyid\u0259n m\u0259kt\u0259bl\u0259rin ba\u011flanmas\u0131 il\u0259 ba\u011fl\u0131 a\u00e7\u0131qlama"},"content":{"rendered":"\n<p><strong>T\u0259hsil Nazirliyi koronavirusa yoluxma hallar\u0131n\u0131n artmas\u0131na g\u00f6r\u0259 m\u0259kt\u0259bl\u0259rin ba\u011flanaca\u011f\u0131 v\u0259 t\u0259drisin distant formada davam etdiril\u0259c\u0259yi bar\u0259d\u0259 m\u0259lumatlara ayd\u0131nl\u0131q g\u0259tirib.<\/strong><\/p>\n\n\n\n<p>Nazirlikd\u0259n Milli.Az-\u0131n sor\u011fusuna cavab olaraq bildirilib ki, m\u0259s\u0259l\u0259 il\u0259 ba\u011fl\u0131 m\u00fcvafiq qurumlar t\u0259r\u0259find\u0259n q\u0259rar oldu\u011fu halda ictimaiyy\u0259t\u0259 a\u00e7\u0131qlanacaq.<\/p>\n\n\n\n<p>Qeyd ed\u0259k ki, Az\u0259rbaycanda sentyabr\u0131n 22-d\u0259n a\u015fa\u011f\u0131 sinifl\u0259rd\u0259 (I-IV), sentyabr\u0131n 29-dan is\u0259 yuxar\u0131 sinifl\u0259rd\u0259 (V-XI) \u0259yani t\u0259dris b\u0259rpa olunub.<\/p>\n\n\n\n<p>Son g\u00fcnl\u0259r koronavirusa yoluxma s\u0259b\u0259bind\u0259n Bak\u0131dak\u0131 20 n\u00f6mr\u0259li m\u0259kt\u0259b-lisey, 245 n\u00f6mr\u0259li tam orta m\u0259kt\u0259b, &#171;Ankara m\u0259kt\u0259bi&#187; m\u0259kt\u0259b-lisey ba\u011flan\u0131b, bir ne\u00e7\u0259 t\u0259hsil m\u00fc\u0259ssis\u0259sind\u0259 200-d\u0259n \u00e7ox sinif 14 g\u00fcn m\u00fcdd\u0259tin\u0259 distant t\u0259hsil\u0259 ke\u00e7ib.<\/p>\n","protected":false},"excerpt":{"rendered":"<p>T\u0259hsil Nazirliyi koronavirusa yoluxma hallar\u0131n\u0131n artmas\u0131na g\u00f6r\u0259 m\u0259kt\u0259bl\u0259rin ba\u011flanaca\u011f\u0131 v\u0259 t\u0259drisin distant formada davam etdiril\u0259c\u0259yi bar\u0259d\u0259 m\u0259lumatlara ayd\u0131nl\u0131q g\u0259tirib. Nazirlikd\u0259n Milli.Az-\u0131n sor\u011fusuna cavab olaraq<\/p>\n","protected":false},"author":2,"featured_media":51663,"comment_status":"closed","ping_status":"closed","sticky":false,"template":"","format":"standard","meta":{"footnotes":""},"categories":[8],"tags":[],"class_list":["post-51662","post","type-post","status-publish","format-standard","has-post-thumbnail","hentry","category-thsil"],"aioseo_notices":[],"_links":{"self":[{"href":"https:\/\/fedai.az\/index.php?rest_route=\/wp\/v2\/posts\/51662","targetHints":{"allow":["GET"]}}],"collection":[{"href":"https:\/\/fedai.az\/index.php?rest_route=\/wp\/v2\/posts"}],"about":[{"href":"https:\/\/fedai.az\/index.php?rest_route=\/wp\/v2\/types\/post"}],"author":[{"embeddable":true,"href":"https:\/\/fedai.az\/index.php?rest_route=\/wp\/v2\/users\/2"}],"replies":[{"embeddable":true,"href":"https:\/\/fedai.az\/index.php?rest_route=%2Fwp%2Fv2%2Fcomments&post=51662"}],"version-history":[{"count":1,"href":"https:\/\/fedai.az\/index.php?rest_route=\/wp\/v2\/posts\/51662\/revisions"}],"predecessor-version":[{"id":51664,"href":"https:\/\/fedai.az\/index.php?rest_route=\/wp\/v2\/posts\/51662\/revisions\/51664"}],"wp:featuredmedia":[{"embeddable":true,"href":"https:\/\/fedai.az\/index.php?rest_route=\/wp\/v2\/media\/51663"}],"wp:attachment":[{"href":"https:\/\/fedai.az\/index.php?rest_route=%2Fwp%2Fv2%2Fmedia&parent=51662"}],"wp:term":[{"taxonomy":"category","embeddable":true,"href":"https:\/\/fedai.az\/index.php?rest_route=%2Fwp%2Fv2%2Fcategories&post=51662"},{"taxonomy":"post_tag","embeddable":true,"href":"https:\/\/fedai.az\/index.php?rest_route=%2Fwp%2Fv2%2Ftags&post=51662"}],"curies":[{"name":"wp","href":"https:\/\/api.w.org\/{rel}","templated":true}]}}