{"id":51671,"date":"2021-10-21T18:09:05","date_gmt":"2021-10-21T14:09:05","guid":{"rendered":"https:\/\/fedai.az\/?p=51671"},"modified":"2021-10-21T18:09:08","modified_gmt":"2021-10-21T14:09:08","slug":"turkiy%c9%99-prezidenti-iranin-kecirdiyi-h%c9%99rbi-t%c9%99liml%c9%99r%c9%99-munasib%c9%99t-bildirib","status":"publish","type":"post","link":"https:\/\/fedai.az\/?p=51671","title":{"rendered":"T\u00fcrkiy\u0259 Prezidenti \u0130ran\u0131n ke\u00e7irdiyi h\u0259rbi t\u0259liml\u0259r\u0259 m\u00fcnasib\u0259t bildirib"},"content":{"rendered":"\n<p><strong>T\u00fcrkiy\u0259 Prezidenti&nbsp;R\u0259c\u0259b Tayyib \u018frdo\u011fan&nbsp;\u0130ran\u0131n Az\u0259rbaycanla s\u0259rh\u0259dd\u0259 ke\u00e7irdiyi h\u0259rbi t\u0259liml\u0259r\u0259 m\u00fcnasib\u0259t bildirib.<\/strong><\/p>\n\n\n\n<p>D\u00f6vl\u0259t ba\u015f\u00e7\u0131s\u0131 Afrikadan qay\u0131dark\u0259n jurnalistl\u0259rin bununla ba\u011fl\u0131 sual\u0131n\u0131 cavabland\u0131r\u0131b.<\/p>\n\n\n\n<p><strong>&#171;M\u0259n \u015f\u0259xs\u0259n \u0130ranla Az\u0259rbaycan aras\u0131nda h\u0259rbi qar\u015f\u0131durman\u0131n olaca\u011f\u0131na inanm\u0131ram. \u0130srailin Az\u0259rbaycanla \u0259laq\u0259l\u0259rin\u0259 g\u00f6r\u0259 \u0130ran Az\u0259rbaycan\u0131 h\u0259d\u0259f se\u00e7\u0259 bilm\u0259z. \u00c7\u00fcnki bu g\u00fcn \u0130randa ya\u015fayan az\u0259rbaycanl\u0131lar\u0131n\u0131n say\u0131 g\u00f6z qaba\u011f\u0131ndad\u0131r. Bu t\u0259bii ki, d\u00fc\u015f\u00fcnd\u00fcr\u00fcr. O q\u0259d\u0259r d\u0259 asan deyil. G\u00f6r\u00fcl\u0259n i\u015fl\u0259r s\u0259hvdir. D\u00fc\u015f\u00fcn\u00fcr\u0259m ki, \u0130ran\u0131n yeni r\u0259hb\u0259rliyi bu s\u0259hvi davam etdirm\u0259y\u0259c\u0259k&#187;,<\/strong> &#8212; d\u00f6vl\u0259t ba\u015f\u00e7\u0131s\u0131 vur\u011fulay\u0131b.<\/p>\n","protected":false},"excerpt":{"rendered":"<p>T\u00fcrkiy\u0259 Prezidenti&nbsp;R\u0259c\u0259b Tayyib \u018frdo\u011fan&nbsp;\u0130ran\u0131n Az\u0259rbaycanla s\u0259rh\u0259dd\u0259 ke\u00e7irdiyi h\u0259rbi t\u0259liml\u0259r\u0259 m\u00fcnasib\u0259t bildirib. D\u00f6vl\u0259t ba\u015f\u00e7\u0131s\u0131 Afrikadan qay\u0131dark\u0259n jurnalistl\u0259rin bununla ba\u011fl\u0131 sual\u0131n\u0131 cavabland\u0131r\u0131b. &#171;M\u0259n \u015f\u0259xs\u0259n \u0130ranla Az\u0259rbaycan<\/p>\n","protected":false},"author":2,"featured_media":50944,"comment_status":"closed","ping_status":"closed","sticky":false,"template":"","format":"standard","meta":{"footnotes":""},"categories":[3],"tags":[],"class_list":["post-51671","post","type-post","status-publish","format-standard","has-post-thumbnail","hentry","category-gundm"],"aioseo_notices":[],"_links":{"self":[{"href":"https:\/\/fedai.az\/index.php?rest_route=\/wp\/v2\/posts\/51671","targetHints":{"allow":["GET"]}}],"collection":[{"href":"https:\/\/fedai.az\/index.php?rest_route=\/wp\/v2\/posts"}],"about":[{"href":"https:\/\/fedai.az\/index.php?rest_route=\/wp\/v2\/types\/post"}],"author":[{"embeddable":true,"href":"https:\/\/fedai.az\/index.php?rest_route=\/wp\/v2\/users\/2"}],"replies":[{"embeddable":true,"href":"https:\/\/fedai.az\/index.php?rest_route=%2Fwp%2Fv2%2Fcomments&post=51671"}],"version-history":[{"count":1,"href":"https:\/\/fedai.az\/index.php?rest_route=\/wp\/v2\/posts\/51671\/revisions"}],"predecessor-version":[{"id":51673,"href":"https:\/\/fedai.az\/index.php?rest_route=\/wp\/v2\/posts\/51671\/revisions\/51673"}],"wp:featuredmedia":[{"embeddable":true,"href":"https:\/\/fedai.az\/index.php?rest_route=\/wp\/v2\/media\/50944"}],"wp:attachment":[{"href":"https:\/\/fedai.az\/index.php?rest_route=%2Fwp%2Fv2%2Fmedia&parent=51671"}],"wp:term":[{"taxonomy":"category","embeddable":true,"href":"https:\/\/fedai.az\/index.php?rest_route=%2Fwp%2Fv2%2Fcategories&post=51671"},{"taxonomy":"post_tag","embeddable":true,"href":"https:\/\/fedai.az\/index.php?rest_route=%2Fwp%2Fv2%2Ftags&post=51671"}],"curies":[{"name":"wp","href":"https:\/\/api.w.org\/{rel}","templated":true}]}}