{"id":51674,"date":"2021-10-21T21:25:47","date_gmt":"2021-10-21T17:25:47","guid":{"rendered":"https:\/\/fedai.az\/?p=51674"},"modified":"2021-10-21T21:25:51","modified_gmt":"2021-10-21T17:25:51","slug":"mehriban-%c9%99liyeva-ilham-%c9%99liyevl%c9%99-maraqli-goruntusunu-paylasdi","status":"publish","type":"post","link":"https:\/\/fedai.az\/?p=51674","title":{"rendered":"Mehriban \u018fliyeva \u0130lham \u018fliyevl\u0259 maraql\u0131 g\u00f6r\u00fcnt\u00fcs\u00fcn\u00fc payla\u015fd\u0131"},"content":{"rendered":"\n<p><strong>Birinci vitse-prezident Mehriban \u018fliyeva Feysbuk hesab\u0131nda maraql\u0131 payla\u015f\u0131m edib.<\/strong><\/p>\n\n\n\n<p><br>Qafqazinfo\u00a0 x\u0259b\u0259r verir ki, o, Prezident \u0130lham \u018fliyevl\u0259 radioda &#171;Ey V\u0259t\u0259n&#187; mahn\u0131s\u0131n\u0131 dinl\u0259y\u0259rk\u0259n \u00e7\u0259kdiyi videonu payla\u015f\u0131b.<\/p>\n\n\n\n<figure class=\"wp-block-embed is-type-video is-provider-youtube wp-block-embed-youtube wp-embed-aspect-16-9 wp-has-aspect-ratio\"><div class=\"wp-block-embed__wrapper\">\n<iframe loading=\"lazy\" title=\"Mehriban \u018fliyeva \u0130lham \u018fliyevl\u0259 maraql\u0131 g\u00f6r\u00fcnt\u00fcs\u00fcn\u00fc payla\u015fd\u0131\" width=\"715\" height=\"402\" src=\"https:\/\/www.youtube.com\/embed\/j0OQ4tRYcis?feature=oembed\" frameborder=\"0\" allow=\"accelerometer; autoplay; clipboard-write; encrypted-media; gyroscope; picture-in-picture\" allowfullscreen><\/iframe>\n<\/div><\/figure>\n","protected":false},"excerpt":{"rendered":"<p>Birinci vitse-prezident Mehriban \u018fliyeva Feysbuk hesab\u0131nda maraql\u0131 payla\u015f\u0131m edib. Qafqazinfo\u00a0 x\u0259b\u0259r verir ki, o, Prezident \u0130lham \u018fliyevl\u0259 radioda &#171;Ey V\u0259t\u0259n&#187; mahn\u0131s\u0131n\u0131 dinl\u0259y\u0259rk\u0259n \u00e7\u0259kdiyi videonu<\/p>\n","protected":false},"author":2,"featured_media":51675,"comment_status":"closed","ping_status":"closed","sticky":false,"template":"","format":"standard","meta":{"footnotes":""},"categories":[4],"tags":[],"class_list":["post-51674","post","type-post","status-publish","format-standard","has-post-thumbnail","hentry","category-qarabag"],"aioseo_notices":[],"_links":{"self":[{"href":"https:\/\/fedai.az\/index.php?rest_route=\/wp\/v2\/posts\/51674","targetHints":{"allow":["GET"]}}],"collection":[{"href":"https:\/\/fedai.az\/index.php?rest_route=\/wp\/v2\/posts"}],"about":[{"href":"https:\/\/fedai.az\/index.php?rest_route=\/wp\/v2\/types\/post"}],"author":[{"embeddable":true,"href":"https:\/\/fedai.az\/index.php?rest_route=\/wp\/v2\/users\/2"}],"replies":[{"embeddable":true,"href":"https:\/\/fedai.az\/index.php?rest_route=%2Fwp%2Fv2%2Fcomments&post=51674"}],"version-history":[{"count":1,"href":"https:\/\/fedai.az\/index.php?rest_route=\/wp\/v2\/posts\/51674\/revisions"}],"predecessor-version":[{"id":51676,"href":"https:\/\/fedai.az\/index.php?rest_route=\/wp\/v2\/posts\/51674\/revisions\/51676"}],"wp:featuredmedia":[{"embeddable":true,"href":"https:\/\/fedai.az\/index.php?rest_route=\/wp\/v2\/media\/51675"}],"wp:attachment":[{"href":"https:\/\/fedai.az\/index.php?rest_route=%2Fwp%2Fv2%2Fmedia&parent=51674"}],"wp:term":[{"taxonomy":"category","embeddable":true,"href":"https:\/\/fedai.az\/index.php?rest_route=%2Fwp%2Fv2%2Fcategories&post=51674"},{"taxonomy":"post_tag","embeddable":true,"href":"https:\/\/fedai.az\/index.php?rest_route=%2Fwp%2Fv2%2Ftags&post=51674"}],"curies":[{"name":"wp","href":"https:\/\/api.w.org\/{rel}","templated":true}]}}