{"id":51682,"date":"2021-10-22T00:21:34","date_gmt":"2021-10-21T20:21:34","guid":{"rendered":"https:\/\/fedai.az\/?p=51682"},"modified":"2021-10-22T01:02:29","modified_gmt":"2021-10-21T21:02:29","slug":"putin-n%c9%99l%c9%99rd%c9%99n-danisib","status":"publish","type":"post","link":"https:\/\/fedai.az\/?p=51682","title":{"rendered":"Putin n\u0259l\u0259rd\u0259n dan\u0131\u015f\u0131b?"},"content":{"rendered":"\n<p><strong>Az\u0259rbaycan Prezidenti \u0130lham \u018fliyev v\u0259 Erm\u0259nistan\u0131n Ba\u015f naziri Nikol Pa\u015finyan b\u00fct\u00fcn \u00e7\u0259tinlikl\u0259r\u0259 baxmayaraq Qaraba\u011fda qan t\u00f6k\u00fclm\u0259sini dayand\u0131rmaq q\u0259rar\u0131na g\u0259ldikd\u0259 siyasi m\u00fcdriklik n\u00fcmayi\u015f etdirdil\u0259r.<\/strong><\/p>\n\n\n\n<p> Rusiya prezidenti Vladimir Putin \u201cValday\u201d beyn\u0259lxalq klubunun iclas\u0131nda \u00e7\u0131x\u0131\u015f\u0131nda bel\u0259 deyib.<\/p>\n\n\n\n<p>&#171;Birincisi, h\u0259m Az\u0259rbaycan Prezidentinin,&nbsp;h\u0259m d\u0259 Erm\u0259nistan\u0131n Ba\u015f nazirinin siyasi m\u00fcdrikliyin\u0259 h\u00f6rm\u0259tl\u0259 yana\u015fmal\u0131yam. Yen\u0259 d\u0259 hadis\u0259l\u0259rin b\u00fct\u00fcn faci\u0259l\u0259rin\u0259 baxmayaraq, onlar bir anl\u0131q siyasi v\u0259ziyy\u0259td\u0259n yuxar\u0131 qalxma\u011f\u0131 v\u0259 \u00e7ox m\u0259suliyy\u0259tli q\u0259rar q\u0259bul etm\u0259yi bacard\u0131lar&#187;, &#8212; dey\u0259 Putin vur\u011fulay\u0131b.<\/p>\n\n\n\n<p>&#171;Yen\u0259 d\u0259 Prezident \u018fliyev v\u0259 ba\u015f nazir Pa\u015finyan qan t\u00f6k\u00fclm\u0259sinin qar\u015f\u0131s\u0131n\u0131 ala bildil\u0259r&#187;, &#8212; Rusiya lideri qeyd edib.<\/p>\n\n\n\n<p><strong>\u00dcmumiyy\u0259tl\u0259, Qaraba\u011fda v\u0259ziyy\u0259ti qoruyub saxlamaq al\u0131n\u0131r, h\u0259mi\u015f\u0259 insidentl\u0259rd\u0259n qa\u00e7maq olmur v\u0259 bu q\u0259d\u0259r illik qar\u015f\u0131durmadan sonra idealist m\u0259nz\u0259r\u0259ni t\u0259s\u0259vv\u00fcr etm\u0259k \u00e7\u0259tindir.<\/strong><\/p>\n\n\n\n<p><br>Rusiya Prezidenti Vladimir Putinin s\u00f6zl\u0259rin\u0259 g\u00f6r\u0259, \u0259sas m\u0259qs\u0259d t\u0259hl\u00fck\u0259siz birg\u0259 ya\u015fay\u0131\u015f\u0131 v\u0259 iqtisadi inki\u015fafa \u015f\u0259rait yaratmaqd\u0131r: &#171;\u0130ndi \u0259n vacibi s\u0259rh\u0259dd\u0259ki v\u0259ziyy\u0259ti tamamil\u0259 nizamlamaqd\u0131r&#187;.<\/p>\n\n\n\n<p><strong>H\u0259m\u00e7inin,<\/strong> <strong>Rusiya Prezidenti Vladimir Putin T\u00fcrkiy\u0259 Prezidenti R\u0259c\u0259b Tayyib \u018frdo\u011fan\u0131n b\u0259\u015f\u0259riyy\u0259tin taleyinin haz\u0131rda \u0130kinci D\u00fcnya M\u00fcharib\u0259sini qazanan v\u0259 BMT T\u0259hl\u00fck\u0259sizlik \u015euras\u0131n\u0131n daimi \u00fczvl\u0259ri olan m\u0259hdud sayl\u0131 \u00f6lk\u0259l\u0259rd\u0259n as\u0131l\u0131 oldu\u011fu fikrin\u0259 m\u00fcnasib\u0259t bildirib.<\/strong><\/p>\n\n\n\n<p><br>Putin Valday Beyn\u0259lxalq Klubunun iclas\u0131n\u0131n moderatorunun sual\u0131n\u0131 cavabland\u0131rark\u0259n \u018frdo\u011fan\u0131n bu c\u00fcr a\u00e7\u0131qlamas\u0131n\u0131n s\u0259b\u0259bl\u0259rini ba\u015fa d\u00fc\u015fd\u00fcy\u00fcn\u00fc s\u00f6yl\u0259yib: &#171;G\u00f6r\u00fcn\u00fcr, o hesab edir ki, T\u00fcrkiy\u0259 d\u0259 T\u0259hl\u00fck\u0259sizlik \u015euras\u0131n\u0131n daimi \u00fczv\u00fc ola bil\u0259r. Ancaq q\u0259rar\u0131 Rusiya vermir &#8212; bu c\u00fcr m\u0259s\u0259l\u0259l\u0259rin h\u0259lli \u00fc\u00e7\u00fcn q\u0259rar konsensus \u0259sas\u0131nda verilir.<\/p>\n\n\n\n<p><br>Putin bir s\u0131ra \u00f6lk\u0259l\u0259rin BMT T\u0259hl\u00fck\u0259sizlik \u015euras\u0131n\u0131n daimi \u00fczvl\u0259ri siyah\u0131s\u0131na daxil edilm\u0259si m\u0259s\u0259l\u0259sinin qald\u0131r\u0131lmas\u0131n\u0131 \u0259dal\u0259tli hesab etdiyini d\u0259 s\u00f6yl\u0259yib: &#171;Burada f\u0259rqli h\u0259ll\u0259r m\u00fcmk\u00fcnd\u00fcr&#187;.<\/p>\n\n\n\n<p>Putin AB\u015e-\u0131n \u0130raqdan sonra \u018ffqan\u0131stan\u0131 t\u0259rk etm\u0259sini v\u0259 b\u00f6lg\u0259d\u0259 xaosa s\u0259b\u0259b olmas\u0131n\u0131 t\u0259nqid edib: &#171;20 ildir d\u00fcnyan\u0131n \u0259n g\u00fccl\u00fc \u00f6lk\u0259si \u00f6z\u00fcn\u0259 b\u0259rab\u0259r olmayan iki b\u00f6lg\u0259d\u0259 h\u0259rbi \u0259m\u0259liyyatlar apar\u0131r. 20 ildir ki, \u00f6z m\u0259qs\u0259dl\u0259ri \u00fc\u00e7\u00fcn daxil oldu\u011fu b\u00f6lg\u0259l\u0259ri t\u0259rk ed\u0259rk\u0259n b\u00f6y\u00fck ziyan vurdu. AB\u015e-\u0131n apard\u0131\u011f\u0131 m\u00fcharib\u0259l\u0259r \u0259m\u0259liyyat b\u00f6lg\u0259l\u0259rin\u0259 b\u00f6y\u00fck z\u0259rb\u0259 vurdu\u201d.<\/p>\n\n\n\n<p>Rusiya lideri \u018ffqan\u0131standa n\u0259zar\u0259ti \u0259l\u0259 ke\u00e7irdikd\u0259n sonra m\u00fcv\u0259qq\u0259ti h\u00f6kum\u0259t quran v\u0259 d\u00fcnya ictimai r\u0259yind\u0259 narahatl\u0131qla qar\u015f\u0131lanan Taliban rejimin\u0259 m\u00f6t\u0259dil yana\u015fib: \u201cTaliban\u0131n \u00f6lk\u0259d\u0259ki radikal qrupla\u015fmalardan qurtulma\u011f\u0131 h\u0259d\u0259fl\u0259yir. Rusiya olaraq g\u00f6r\u00fcr\u00fck ki, Taliban \u018ffqan\u0131standa radikal qruplardan xilas olmaq ist\u0259yir\u201d.<\/p>\n\n\n\n<p>Q\u0259rbi t\u0259nqid ed\u0259n Putin Q\u0259rb \u00f6lk\u0259l\u0259rinin bir \u00e7ox \u00f6lk\u0259y\u0259 t\u0259zyiql\u0259r t\u0259tbiq etdiyini v\u0259 bunun ail\u0259 qurulu\u015funa z\u0259r\u0259r verdiyini iddia edib: \u201cAzl\u0131qlar\u0131n xeyrin\u0259, \u00e7oxlu\u011fun \u0259ksin\u0259 ayr\u0131-se\u00e7kilik v\u0259 ya valideynl\u0259r, ail\u0259 v\u0259 h\u0259tta cinsi m\u0259nsubiyy\u0259t kimi \u0259sas d\u0259y\u0259rl\u0259rd\u0259n imtina etm\u0259k t\u0259l\u0259bi onlar \u00fc\u00e7\u00fcn sosial yenil\u0259nm\u0259y\u0259 ged\u0259n yolda m\u0259rh\u0259l\u0259l\u0259rdir. Amma Q\u0259rb bizim evimiz\u0259 soxulma\u011fa \u00e7al\u0131\u015fmas\u0131n. \u00c7\u00fcnki ruslar\u0131n b\u00f6y\u00fck \u0259ks\u0259riyy\u0259ti m\u0259n\u0259vi d\u0259y\u0259rl\u0259rin, tarixi \u0259n\u0259n\u0259nin, m\u0259d\u0259niyy\u0259tin \u0259sas g\u00f6t\u00fcr\u00fclm\u0259li oldu\u011funu d\u00fc\u015f\u00fcn\u00fcr\u201d.<\/p>\n\n\n\n<p><strong>Rusiya prezidenti Vladimir Putin Valday Beyn\u0259lxalq Diskussiya Klubunun iclas\u0131nda \u00e7\u0131x\u0131\u015f\u0131 zaman\u0131 bildirib:<\/strong><\/p>\n\n\n\n<p>&#171;\u0130ndi \u0259n vacib \u015fey s\u0259rh\u0259dd\u0259ki v\u0259ziyy\u0259ti h\u0259ll etm\u0259kdir. \u018flb\u0259tt\u0259 ki, Rusiyan\u0131n i\u015ftirak\u0131 olmadan burada he\u00e7 n\u0259 etm\u0259k m\u00fcmk\u00fcn deyil. \u0130ki t\u0259r\u0259f v\u0259 Rusiyadan ba\u015fqa he\u00e7 kim laz\u0131m deyil. Burada \u00e7ox sad\u0259, praqmatik \u015feyl\u0259r var. \u00c7\u00fcnki Rusiya ordusunun Ba\u015f Q\u0259rargah\u0131nda SSR\u0130 respublikalar\u0131 aras\u0131ndak\u0131 s\u0259rh\u0259dl\u0259rin haradan ke\u00e7diyini g\u00f6st\u0259r\u0259n x\u0259rit\u0259l\u0259r var\u201d.<\/p>\n\n\n\n<p>Putin daha sonra \u0259lav\u0259 edib ki, birincisi, h\u0259m Az\u0259rbaycan Prezidentinin, h\u0259m d\u0259 Erm\u0259nistan Ba\u015f nazirinin siyasi m\u00fcdrikliyin\u0259 h\u00f6rm\u0259tl\u0259 yana\u015f\u0131lmal\u0131d\u0131r: <strong>\u201cBa\u015f vermi\u015f hadis\u0259l\u0259rin faci\u0259l\u0259rin\u0259 baxmayaraq, onlar siyasi konyukturadan yuxar\u0131 qalxma\u011f\u0131 bacard\u0131lar v\u0259 \u00e7ox m\u0259suliyy\u0259tli q\u0259rar verdil\u0259r. Yen\u0259 d\u0259 Prezident \u018fliyev v\u0259 Ba\u015f nazir Pa\u015finyan qan t\u00f6k\u00fclm\u0259sini dayand\u0131ra bildil\u0259r.<\/strong><\/p>\n\n\n\n<p>B\u00fct\u00f6vl\u00fckd\u0259 regionda uzunm\u00fcdd\u0259tli h\u0259ll \u00fc\u00e7\u00fcn \u015f\u0259rait yaratmaq laz\u0131md\u0131r. Bu \u015f\u0259rtl\u0259r yaln\u0131z h\u0259r iki t\u0259r\u0259fin \u0259ld\u0259 etdiyi raz\u0131la\u015fmalar\u0131 uzunm\u00fcdd\u0259tli olaraq q\u0259bul etm\u0259si v\u0259 h\u0259r iki t\u0259r\u0259fin \u00fcst\u00fcnl\u00fckl\u0259ri qiym\u0259tl\u0259ndirm\u0259si \u015f\u0259rti il\u0259 yarad\u0131la bil\u0259r. M\u0259n burada dinc, yana\u015f\u0131 ya\u015fama\u011f\u0131 vur\u011fulamaq ist\u0259yir\u0259m. Bunda is\u0259 ham\u0131 maraql\u0131d\u0131r\u201d.<\/p>\n\n\n\n<p><strong>\u018fli N\u0259sib Z\u0259rdabi<\/strong><\/p>\n","protected":false},"excerpt":{"rendered":"<p>Az\u0259rbaycan Prezidenti \u0130lham \u018fliyev v\u0259 Erm\u0259nistan\u0131n Ba\u015f naziri Nikol Pa\u015finyan b\u00fct\u00fcn \u00e7\u0259tinlikl\u0259r\u0259 baxmayaraq Qaraba\u011fda qan t\u00f6k\u00fclm\u0259sini dayand\u0131rmaq q\u0259rar\u0131na g\u0259ldikd\u0259 siyasi m\u00fcdriklik n\u00fcmayi\u015f etdirdil\u0259r. Rusiya<\/p>\n","protected":false},"author":2,"featured_media":51683,"comment_status":"closed","ping_status":"closed","sticky":false,"template":"","format":"standard","meta":{"footnotes":""},"categories":[13],"tags":[],"class_list":["post-51682","post","type-post","status-publish","format-standard","has-post-thumbnail","hentry","category-xarici"],"aioseo_notices":[],"_links":{"self":[{"href":"https:\/\/fedai.az\/index.php?rest_route=\/wp\/v2\/posts\/51682","targetHints":{"allow":["GET"]}}],"collection":[{"href":"https:\/\/fedai.az\/index.php?rest_route=\/wp\/v2\/posts"}],"about":[{"href":"https:\/\/fedai.az\/index.php?rest_route=\/wp\/v2\/types\/post"}],"author":[{"embeddable":true,"href":"https:\/\/fedai.az\/index.php?rest_route=\/wp\/v2\/users\/2"}],"replies":[{"embeddable":true,"href":"https:\/\/fedai.az\/index.php?rest_route=%2Fwp%2Fv2%2Fcomments&post=51682"}],"version-history":[{"count":2,"href":"https:\/\/fedai.az\/index.php?rest_route=\/wp\/v2\/posts\/51682\/revisions"}],"predecessor-version":[{"id":51714,"href":"https:\/\/fedai.az\/index.php?rest_route=\/wp\/v2\/posts\/51682\/revisions\/51714"}],"wp:featuredmedia":[{"embeddable":true,"href":"https:\/\/fedai.az\/index.php?rest_route=\/wp\/v2\/media\/51683"}],"wp:attachment":[{"href":"https:\/\/fedai.az\/index.php?rest_route=%2Fwp%2Fv2%2Fmedia&parent=51682"}],"wp:term":[{"taxonomy":"category","embeddable":true,"href":"https:\/\/fedai.az\/index.php?rest_route=%2Fwp%2Fv2%2Fcategories&post=51682"},{"taxonomy":"post_tag","embeddable":true,"href":"https:\/\/fedai.az\/index.php?rest_route=%2Fwp%2Fv2%2Ftags&post=51682"}],"curies":[{"name":"wp","href":"https:\/\/api.w.org\/{rel}","templated":true}]}}