{"id":51685,"date":"2021-10-22T00:25:10","date_gmt":"2021-10-21T20:25:10","guid":{"rendered":"https:\/\/fedai.az\/?p=51685"},"modified":"2021-10-22T00:25:15","modified_gmt":"2021-10-21T20:25:15","slug":"v%c9%99t%c9%99n-muharib%c9%99si-s%c9%99hidl%c9%99rinin-yeni-siyahisi-aciqlandi","status":"publish","type":"post","link":"https:\/\/fedai.az\/?p=51685","title":{"rendered":"V\u0259t\u0259n m\u00fcharib\u0259si \u015f\u0259hidl\u0259rinin yeni siyah\u0131s\u0131 A\u00c7IQLANDI"},"content":{"rendered":"\n<p><strong>M\u00fcdafi\u0259 Nazirliyi V\u0259t\u0259n m\u00fcharib\u0259sind\u0259 \u015f\u0259hid olmu\u015f h\u0259rbi qulluq\u00e7ular\u0131n yeni siyah\u0131s\u0131n\u0131 a\u00e7\u0131qlay\u0131b.<\/strong><\/p>\n\n\n\n<p>Nazirlikd\u0259n\u00a0bildirilib ki, Az\u0259rbaycan Respublikas\u0131 Silahl\u0131 Q\u00fcvv\u0259l\u0259rinin V\u0259t\u0259n m\u00fcharib\u0259sind\u0259 \u015f\u0259hid olmu\u015f h\u0259rbi qulluq\u00e7ular\u0131ndan oktyabr\u0131n 21-d\u0259k d\u0259fn edil\u0259n 2908 n\u0259f\u0259rin, el\u0259c\u0259 d\u0259 itkin d\u00fc\u015fm\u00fc\u015f hesab olunan 6 n\u0259f\u0259rin foto \u015f\u0259kill\u0259ri, adlar\u0131, soyadlar\u0131, h\u0259rbi r\u00fctb\u0259si v\u0259 do\u011fum tarixi haqq\u0131nda m\u0259lumat t\u0259qdim olunub.<\/p>\n\n\n\n<p>&#171;\u0130tkin d\u00fc\u015fm\u00fc\u015f hesab olunan h\u0259rbi qulluq\u00e7ular\u0131n tap\u0131lmas\u0131 v\u0259 identifikasiyas\u0131 \u00fczr\u0259 i\u015fl\u0259r davam etdirilir. Allah b\u00fct\u00fcn \u015f\u0259hidl\u0259rimiz\u0259 r\u0259hm\u0259t el\u0259sin! \u015e\u0259hidl\u0259rimizin ruhu qar\u015f\u0131s\u0131nda ba\u015f \u0259yirik!&#187;, &#8212; m\u0259lumatda bildirilib.<\/p>\n\n\n\n<p><a href=\"https:\/\/mod.gov.az\/\/images\/pdf\/6b064b1312428f62f842328a94b85f09.pdf\" target=\"_blank\" rel=\"noreferrer noopener\"><strong>V\u0259t\u0259n m\u00fcharib\u0259sind\u0259 \u015f\u0259hid olmu\u015f h\u0259rbi qulluq\u00e7ular\u0131n siyah\u0131s\u0131<\/strong><\/a> &#8212; <strong>****<\/strong><\/p>\n","protected":false},"excerpt":{"rendered":"<p>M\u00fcdafi\u0259 Nazirliyi V\u0259t\u0259n m\u00fcharib\u0259sind\u0259 \u015f\u0259hid olmu\u015f h\u0259rbi qulluq\u00e7ular\u0131n yeni siyah\u0131s\u0131n\u0131 a\u00e7\u0131qlay\u0131b. Nazirlikd\u0259n\u00a0bildirilib ki, Az\u0259rbaycan Respublikas\u0131 Silahl\u0131 Q\u00fcvv\u0259l\u0259rinin V\u0259t\u0259n m\u00fcharib\u0259sind\u0259 \u015f\u0259hid olmu\u015f h\u0259rbi qulluq\u00e7ular\u0131ndan oktyabr\u0131n<\/p>\n","protected":false},"author":2,"featured_media":51686,"comment_status":"closed","ping_status":"closed","sticky":false,"template":"","format":"standard","meta":{"footnotes":""},"categories":[4],"tags":[],"class_list":["post-51685","post","type-post","status-publish","format-standard","has-post-thumbnail","hentry","category-qarabag"],"aioseo_notices":[],"_links":{"self":[{"href":"https:\/\/fedai.az\/index.php?rest_route=\/wp\/v2\/posts\/51685","targetHints":{"allow":["GET"]}}],"collection":[{"href":"https:\/\/fedai.az\/index.php?rest_route=\/wp\/v2\/posts"}],"about":[{"href":"https:\/\/fedai.az\/index.php?rest_route=\/wp\/v2\/types\/post"}],"author":[{"embeddable":true,"href":"https:\/\/fedai.az\/index.php?rest_route=\/wp\/v2\/users\/2"}],"replies":[{"embeddable":true,"href":"https:\/\/fedai.az\/index.php?rest_route=%2Fwp%2Fv2%2Fcomments&post=51685"}],"version-history":[{"count":1,"href":"https:\/\/fedai.az\/index.php?rest_route=\/wp\/v2\/posts\/51685\/revisions"}],"predecessor-version":[{"id":51687,"href":"https:\/\/fedai.az\/index.php?rest_route=\/wp\/v2\/posts\/51685\/revisions\/51687"}],"wp:featuredmedia":[{"embeddable":true,"href":"https:\/\/fedai.az\/index.php?rest_route=\/wp\/v2\/media\/51686"}],"wp:attachment":[{"href":"https:\/\/fedai.az\/index.php?rest_route=%2Fwp%2Fv2%2Fmedia&parent=51685"}],"wp:term":[{"taxonomy":"category","embeddable":true,"href":"https:\/\/fedai.az\/index.php?rest_route=%2Fwp%2Fv2%2Fcategories&post=51685"},{"taxonomy":"post_tag","embeddable":true,"href":"https:\/\/fedai.az\/index.php?rest_route=%2Fwp%2Fv2%2Ftags&post=51685"}],"curies":[{"name":"wp","href":"https:\/\/api.w.org\/{rel}","templated":true}]}}