{"id":51704,"date":"2021-10-22T00:53:32","date_gmt":"2021-10-21T20:53:32","guid":{"rendered":"https:\/\/fedai.az\/?p=51704"},"modified":"2021-10-22T00:53:47","modified_gmt":"2021-10-21T20:53:47","slug":"ilham-%c9%99liyev-z%c9%99ngilan-ictimaiyy%c9%99tinin-numay%c9%99nd%c9%99l%c9%99ri-il%c9%99-gorusub","status":"publish","type":"post","link":"https:\/\/fedai.az\/?p=51704","title":{"rendered":"\u0130lham \u018fliyev Z\u0259ngilan ictimaiyy\u0259tinin n\u00fcmay\u0259nd\u0259l\u0259ri il\u0259 g\u00f6r\u00fc\u015f\u00fcb"},"content":{"rendered":"\n<p><strong>Az\u0259rbaycan Respublikas\u0131n\u0131n Prezidenti \u0130lham \u018fliyev v\u0259 birinci xan\u0131m Mehriban \u018fliyeva oktyabr\u0131n 20-d\u0259 Z\u0259ngilan rayon ictimaiyy\u0259tinin n\u00fcmay\u0259nd\u0259l\u0259ri il\u0259 g\u00f6r\u00fc\u015f\u00fcbl\u0259r.<\/strong><\/p>\n\n\n\n<p>Rayon ictimaiyy\u0259tinin n\u00fcmay\u0259nd\u0259l\u0259rini salamlayan Prezident \u0130lham \u018fliyev dedi: Xo\u015f g\u0259lmisiniz Z\u0259ngilana. Uzun fasil\u0259d\u0259n sonra \u2013 27 il erm\u0259ni i\u015f\u011fal\u0131ndan sonra art\u0131q Z\u0259ngilan V\u0259t\u0259n\u0259 qay\u0131td\u0131, qaytard\u0131q. \u015eanl\u0131 Ordumuz q\u0259hr\u0259manl\u0131q g\u00f6st\u0259r\u0259r\u0259k Z\u0259ngilan \u015f\u0259h\u0259rini v\u0259 bir ne\u00e7\u0259 k\u0259ndi m\u0259hz d\u00fcz bir il bundan \u0259vv\u0259l i\u015f\u011fal\u00e7\u0131lardan azad etdi v\u0259 bel\u0259likl\u0259, 27 illik i\u015f\u011fala son qoyuldu. \u0130ndi m\u0259n \u201cXo\u015f g\u0259lmisiniz\u201d deyir\u0259m, \u00e7\u00fcnki m\u0259n sizi d\u0259v\u0259t etmi\u015f\u0259m ki, bu g\u00f6z\u0259l tarixi birlikd\u0259 burada qeyd ed\u0259k. Amma bundan sonra m\u0259n Z\u0259ngilana g\u0259l\u0259nd\u0259 z\u0259ngilanl\u0131lar \u201cXo\u015f g\u0259lmisiniz\u201d dey\u0259c\u0259kl\u0259r.<\/p>\n\n\n\n<p>Milli M\u0259clisin deputat\u0131 \u0130mamverdi \u0130smay\u0131lov: C\u0259nab Prezident, sa\u011f olun. M\u00f6ht\u0259r\u0259m c\u0259nab Prezident, h\u00f6rm\u0259tli Mehriban xan\u0131m, icaz\u0259 vers\u0259ydiniz, Sizi q\u0259dim Z\u0259ng\u0259zurumuzun bu dilb\u0259r gu\u015f\u0259si olan Z\u0259ngilanda salamlayard\u0131q. Siz bizi art\u0131q m\u0259cburi k\u00f6\u00e7k\u00fcnl\u00fckd\u0259n \u00e7\u0131xarm\u0131s\u0131n\u0131z. Z\u0259ngilan \u00e7ox b\u0259r\u0259k\u0259tli torpa\u011fa malik olan bir diyard\u0131r, g\u00f6z\u0259l me\u015f\u0259l\u0259ri, t\u0259bii s\u0259rv\u0259tl\u0259ri, filiz yataqlar\u0131, \u00e7aylar\u0131 v\u0259 d\u00fcnyada ikinci, Avropada birinci olan t\u0259bii \u00e7inar me\u015f\u0259l\u0259ri &#8212; saymaqla qurtaran deyil. Amma c\u0259nab Prezident, vaxt var idi ki, biz g\u0259lirdik Horadiz\u0259, sonra da Cocuq M\u0259rcanl\u0131ya, oradan h\u0259sr\u0259tl\u0259 boylan\u0131rd\u0131q \u00f6z yurdumuza. Amma taleyin h\u00f6km\u00fcn\u0259 bax, d\u00fcn\u0259n aya\u011f\u0131m\u0131zla g\u0259l\u0259 bilm\u0259diyimiz, ma\u015f\u0131n\u0131m\u0131zla g\u0259l\u0259 bilm\u0259diyimiz diyar\u0131m\u0131za indi h\u0259tta m\u00fcasir hava liman\u0131 olan t\u0259yyar\u0259l\u0259rimizl\u0259 g\u0259l\u0259 bilirik. \u00c7ox sa\u011f olun, var olun. Arzular\u0131m\u0131zdan Qaraba\u011fdak\u0131 reall\u0131\u011fa g\u0259ldik. G\u00f6rd\u00fckl\u0259rimiz d\u00fc\u015f\u00fcnc\u0259l\u0259rimizi \u00e7ox gerid\u0259 qoyub. Bu g\u00fcn ulu \u00f6nd\u0259rimiz, b\u00f6y\u00fck tarixi \u015f\u0259xsiyy\u0259t olan Heyd\u0259r \u018fliyevin ruhu \u015fadd\u0131r. \u00c7\u00fcnki z\u0259ngilanl\u0131lar Heyd\u0259r \u018fliyevin xilaskarl\u0131q missiyas\u0131n\u0131 he\u00e7 vaxt unutmurlar v\u0259 unutmayacaqlar. \u018fg\u0259r o, b\u00f6y\u00fck tarixi \u015f\u0259xsiyy\u0259t olmasayd\u0131, 1993-c\u00fc ild\u0259 z\u0259ngilanl\u0131lar \u00f6z\u00fcn\u00fc Araza vurar, yollar\u0131 h\u0259r yerd\u0259n ba\u011flanm\u0131\u015f v\u0259 Araza q\u0259rq olmu\u015f camaat n\u00f6vb\u0259ti Xocal\u0131 sakinl\u0259rinin taleyini ya\u015fayacaqd\u0131. \u0130ndi taleyin \u0259dal\u0259tli m\u0259ntiqin\u0259 bax\u0131n. Heyd\u0259r \u018fliyev z\u0259ngilanl\u0131lar\u0131n xilaskar\u0131 oldu, Siz is\u0259 Z\u0259ngilan\u0131n xilaskar\u0131 oldunuz.<\/p>\n\n\n\n<figure class=\"wp-block-image size-large\"><img loading=\"lazy\" decoding=\"async\" width=\"1024\" height=\"683\" src=\"https:\/\/fedai.az\/wp-content\/uploads\/2021\/10\/068-1024x683.jpg\" alt=\"\" class=\"wp-image-51706\" srcset=\"https:\/\/fedai.az\/wp-content\/uploads\/2021\/10\/068-1024x683.jpg 1024w, https:\/\/fedai.az\/wp-content\/uploads\/2021\/10\/068-300x200.jpg 300w, https:\/\/fedai.az\/wp-content\/uploads\/2021\/10\/068-150x100.jpg 150w, https:\/\/fedai.az\/wp-content\/uploads\/2021\/10\/068-768x512.jpg 768w, https:\/\/fedai.az\/wp-content\/uploads\/2021\/10\/068.jpg 1340w\" sizes=\"auto, (max-width: 1024px) 100vw, 1024px\" \/><\/figure>\n\n\n\n<p>Prezident \u0130lham \u018fliyev: Sa\u011f olun. Z\u0259ngilan do\u011frudan da \u00e7ox f\u00fcsunkar t\u0259bi\u0259t\u0259 malik olan bir diyard\u0131r. M\u0259n ilk d\u0259f\u0259 Z\u0259ngilana ke\u00e7\u0259n ilin sonlar\u0131nda g\u0259ldim, dekabr ay\u0131nda v\u0259 o vaxt heyran oldum bu diyara. \u018fz\u0259m\u0259tli da\u011flar, ya\u015f\u0131l me\u015f\u0259l\u0259r, \u00e7aylar, iqlim &#8212; bura do\u011frudan da Az\u0259rbaycan\u0131n \u0259n g\u00f6z\u0259l yerl\u0259rind\u0259n biridir v\u0259 m\u0259qs\u0259dimiz d\u0259 odur ki, Z\u0259ngilan\u0131 yenid\u0259n quraq. \u00c7\u00fcnki k\u00f6hn\u0259 Z\u0259ngilandan bir \u015fey qalmay\u0131b. Siz indi g\u00f6r\u00fcrs\u00fcn\u00fcz, m\u0259nfur d\u00fc\u015fm\u0259n dem\u0259k olar ki, b\u00fct\u00fcn binalar\u0131 da\u011f\u0131tm\u0131\u015fd\u0131r. Bir ne\u00e7\u0259 bina qal\u0131b ki, orada h\u0259rb\u00e7il\u0259r yerl\u0259\u015firdi. Qalan b\u00fct\u00fcn binalar\u0131, b\u00fct\u00fcn k\u0259ndl\u0259rin binalar\u0131n\u0131 bir m\u0259qs\u0259dl\u0259 da\u011f\u0131tm\u0131\u015flar ki, biz buraya qay\u0131tmayaq. Amma biz qay\u0131tm\u0131\u015f\u0131q, \u015fanl\u0131 Ordumuz d\u00fcz bir il bundan \u0259vv\u0259l Az\u0259rbaycan bayra\u011f\u0131n\u0131 Z\u0259ngilanda qald\u0131rd\u0131 v\u0259 d\u00fc\u015fm\u0259ni bu torpaqlardan qovdu. Z\u0259ngilan azad olunandan sonra art\u0131q yolumuz Qubadl\u0131ya a\u00e7\u0131ld\u0131 v\u0259 be\u015f g\u00fcn sonra Qubadl\u0131 azad olundu, ondan sonra da La\u00e7\u0131n d\u0259hlizin\u0259 \u00e7\u0131xd\u0131q. La\u00e7\u0131n d\u0259hlizin\u0259 \u00e7\u0131xd\u0131qda dem\u0259k olar, d\u00fc\u015fm\u0259n d\u0259 bildi ki, art\u0131q m\u00fcqavim\u0259t g\u00f6st\u0259rm\u0259yin m\u0259nas\u0131 qalmay\u0131b.<\/p>\n\n\n\n<figure class=\"wp-block-image size-large\"><img loading=\"lazy\" decoding=\"async\" width=\"1024\" height=\"678\" src=\"https:\/\/fedai.az\/wp-content\/uploads\/2021\/10\/062-1024x678.jpg\" alt=\"\" class=\"wp-image-51707\" srcset=\"https:\/\/fedai.az\/wp-content\/uploads\/2021\/10\/062-1024x678.jpg 1024w, https:\/\/fedai.az\/wp-content\/uploads\/2021\/10\/062-300x199.jpg 300w, https:\/\/fedai.az\/wp-content\/uploads\/2021\/10\/062-150x99.jpg 150w, https:\/\/fedai.az\/wp-content\/uploads\/2021\/10\/062-768x508.jpg 768w, https:\/\/fedai.az\/wp-content\/uploads\/2021\/10\/062.jpg 1340w\" sizes=\"auto, (max-width: 1024px) 100vw, 1024px\" \/><\/figure>\n\n\n\n<p>Amma indi Z\u0259ngilan\u0131n yeni d\u00f6vr\u00fc ba\u015flay\u0131r v\u0259 \u015f\u0259h\u0259rin ba\u015f plan\u0131 art\u0131q haz\u0131rlan\u0131r. Bir xarici \u015firk\u0259t m\u00fcsabiq\u0259d\u0259 qalib g\u0259ldi v\u0259 hesab edir\u0259m ki, yax\u0131n aylarda ba\u015f plan t\u0259qdim edil\u0259c\u0259k. B\u00fct\u00fcn bu t\u0259bii g\u00f6z\u0259llik n\u0259z\u0259r\u0259 al\u0131naraq m\u00fcasir, \u00e7ox g\u00f6z\u0259l bir \u015f\u0259h\u0259r qurulacaq, h\u0259m\u00e7inin d\u0259 k\u0259ndl\u0259r. Siz d\u0259 bilirsiniz ki, azad edilmi\u015f b\u00fct\u00fcn torpaqlarda birinci \u201cA\u011f\u0131ll\u0131 k\u0259nd\u201d layih\u0259si m\u0259hz Z\u0259ngilan rayonunda h\u0259yata ke\u00e7irildi.<\/p>\n\n\n\n<p>Aprel ay\u0131nda A\u011fal\u0131 k\u0259ndinin t\u0259m\u0259li qoyuldu. Bu g\u00fcn m\u0259n buraya g\u0259lm\u0259zd\u0259n \u0259vv\u0259l i\u015fin gedi\u015fat\u0131 il\u0259 tan\u0131\u015f oldum. Art\u0131q b\u0259zi binalar haz\u0131rd\u0131r v\u0259 \u00e7al\u0131\u015faca\u011f\u0131q ki, g\u0259l\u0259n ilin \u0259vv\u0259li, b\u0259lk\u0259 d\u0259 bu ilin sonu z\u0259ngilanl\u0131lar\u0131 Z\u0259ngilana k\u00f6\u00e7\u00fcrm\u0259y\u0259 ba\u015flayaq.<\/p>\n\n\n\n<p>Sakin: C\u0259nab Prezident, d\u00fcnyan\u0131n bir \u00e7ox apar\u0131c\u0131 d\u00f6vl\u0259tl\u0259ri indi Az\u0259rbaycan\u0131n h\u0259rb modelini \u00f6yr\u0259nir. \u00d6z\u00fc d\u0259 o model ki, Z\u0259f\u0259r tarixi modelidir v\u0259 d\u0259rsliy\u0259 d\u00fc\u015f\u00fcb. Siz Qaraba\u011f\u0131n v\u0259 Z\u0259ng\u0259zurun xilaskar\u0131, Ali Ba\u015f Komandan kimi Az\u0259rbaycan d\u00f6vl\u0259tini d\u0259, Az\u0259rbaycan Ordusunu da, Az\u0259rbaycan xalq\u0131n\u0131 da m\u00fcz\u0259ff\u0259r ed\u0259n tarixi \u015f\u0259xsiyy\u0259t olaraq \u00f6z ad\u0131n\u0131z\u0131 tarix\u0259 q\u0131z\u0131l h\u0259rfl\u0259rl\u0259 yazd\u0131rd\u0131n\u0131z.<\/p>\n\n\n\n<figure class=\"wp-block-image size-large\"><img loading=\"lazy\" decoding=\"async\" width=\"1024\" height=\"715\" src=\"https:\/\/fedai.az\/wp-content\/uploads\/2021\/10\/044-1024x715.jpg\" alt=\"\" class=\"wp-image-51708\" srcset=\"https:\/\/fedai.az\/wp-content\/uploads\/2021\/10\/044-1024x715.jpg 1024w, https:\/\/fedai.az\/wp-content\/uploads\/2021\/10\/044-300x209.jpg 300w, https:\/\/fedai.az\/wp-content\/uploads\/2021\/10\/044-150x105.jpg 150w, https:\/\/fedai.az\/wp-content\/uploads\/2021\/10\/044-768x536.jpg 768w, https:\/\/fedai.az\/wp-content\/uploads\/2021\/10\/044.jpg 1340w\" sizes=\"auto, (max-width: 1024px) 100vw, 1024px\" \/><\/figure>\n\n\n\n<p>Prezident \u0130lham \u018fliyev: Sa\u011f olun.<\/p>\n\n\n\n<p>Sakin: \u0130yirmi birinci \u0259srd\u0259 indiy\u0259d\u0259k g\u00f6r\u00fcnm\u0259mi\u015f tarixi m\u00f6c\u00fcz\u0259 yaratd\u0131n\u0131z. Bu Q\u0259l\u0259b\u0259nin m\u00fc\u0259llifi, memar\u0131 \u00f6z\u00fcn\u00fczs\u00fcn\u00fcz. Ona g\u00f6r\u0259 d\u0259 biz ham\u0131m\u0131z, b\u00fct\u00fcn Az\u0259rbaycan xalq\u0131 Sizi \u00e7ox ist\u0259yir v\u0259 q\u0259lb\u0259n sevir.<\/p>\n\n\n\n<p>Prezident \u0130lham \u018fliyev: Sa\u011f olun. Bu, ham\u0131m\u0131z\u0131n q\u0259l\u0259b\u0259sidir, Az\u0259rbaycan xalq\u0131n\u0131n q\u0259l\u0259b\u0259sidir. \u00c7\u00fcnki xalq\u0131m\u0131z i\u015f\u011fal d\u00f6vr\u00fcnd\u0259 \u0259yilm\u0259di, v\u0259ziyy\u0259tl\u0259 bar\u0131\u015fmad\u0131, \u00f6z do\u011fma torpaqlar\u0131n\u0131 unutmad\u0131. H\u0259tta bu torpaqlar\u0131 g\u00f6rm\u0259y\u0259n g\u0259ncl\u0259r d\u0259 bu torpaqlar\u0131n azad edilm\u0259si e\u015fqi il\u0259 ya\u015fam\u0131\u015flar v\u0259 \u00f6l\u00fcm\u0259 ged\u0259n d\u0259 m\u0259hz onlar oldu. Birinci s\u0131rada ged\u0259n m\u0259hz o u\u015faqlar idi ki, i\u015f\u011faldan sonra d\u00fcnyaya g\u0259libl\u0259r v\u0259 b\u0259lk\u0259 d\u0259 i\u015f\u011fal d\u00f6vr\u00fcnd\u0259 onlar\u0131n 5-10 ya\u015f\u0131 var idi. Y\u0259ni, bu, onu g\u00f6st\u0259rir ki, xalq\u0131m\u0131z m\u00fcq\u0259dd\u0259s Z\u0259f\u0259r g\u00fcn\u00fcn\u00fc g\u00f6zl\u0259yirdi, b\u00fct\u00fcn \u00e7\u0259tinlikl\u0259r\u0259, \u0259zab-\u0259ziyy\u0259tl\u0259r\u0259 baxmayaraq, bu g\u00fcn\u00fc g\u00f6zl\u0259yirdi v\u0259 inan\u0131rd\u0131 ki, bu g\u00fcn g\u0259l\u0259c\u0259k v\u0259 biz d\u0259, sad\u0259c\u0259 olaraq, b\u00fct\u00fcn xalq\u0131m\u0131z\u0131 s\u0259f\u0259rb\u0259r etm\u0259k, g\u0259ncl\u0259ri v\u0259t\u0259np\u0259rv\u0259rlik ruhunda t\u0259rbiy\u0259 etm\u0259k \u00fc\u00e7\u00fcn s\u0259yl\u0259r g\u00f6st\u0259rdik. \u018flb\u0259tt\u0259 ki, ordumuzu g\u00fccl\u0259ndirdik, iqtisadiyyat\u0131 g\u00fccl\u0259ndirdik, beyn\u0259lxalq m\u00f6vqel\u0259rimizi geni\u015fl\u0259ndirdik v\u0259 ist\u0259diyimiz\u0259 nail olduq, tarixi \u0259dal\u0259t\u0259 nail olduq. Bu g\u00fcn sizinl\u0259 b\u0259rab\u0259r buraday\u0131q. M\u0259n d\u00f6rd\u00fcnc\u00fc d\u0259f\u0259dir ki, Z\u0259ngilana g\u0259lir\u0259m. Dekabr ay\u0131nda g\u0259lmi\u015fdim, o vaxt v\u0259ziyy\u0259tl\u0259 tan\u0131\u015f olduq. Ondan sonra fevral ay\u0131nda g\u0259lmi\u015fdim, o vaxt erm\u0259nil\u0259r t\u0259r\u0259find\u0259n bir \u00e7ox hiss\u0259si da\u011f\u0131d\u0131lm\u0131\u015f B\u0259sit\u00e7ay qoru\u011funda \u00e7inar a\u011faclar\u0131 \u0259kdik. Aprel ay\u0131nda g\u0259l\u0259nd\u0259 hava liman\u0131n\u0131n t\u0259m\u0259li qoyuldu. \u0130ndi oraya ba\u015f \u00e7\u0259kdim, art\u0131q zola\u011f\u0131n torpaq i\u015fl\u0259ri haz\u0131rlan\u0131r. Bilirsiniz ki, sovet vaxt\u0131nda Z\u0259ngilanda hava liman\u0131 yox idi. Amma indi n\u0259inki hava liman\u0131, beyn\u0259lxalq hava liman\u0131 olacaq v\u0259 Z\u0259ngilan \u00f6lk\u0259mizin n\u0259qliyyat-logistika m\u0259rk\u0259zin\u0259 \u00e7evril\u0259c\u0259k. \u00c7\u00fcnki Z\u0259ng\u0259zur d\u0259hlizi buradan ke\u00e7ir, d\u0259mir yolu, Horadiz-A\u011fb\u0259nd avtomobil yolu tikilir. Z\u0259ng\u0259zur d\u0259hlizinin a\u00e7\u0131lmas\u0131 il\u0259 ba\u011fl\u0131 son hadis\u0259l\u0259r onu g\u00f6st\u0259rir ki, ist\u0259diyimiz\u0259 nail oluruq. Birinci m\u0259rh\u0259l\u0259d\u0259 Erm\u0259nistan t\u0259r\u0259fi m\u00fcqavim\u0259t g\u00f6st\u0259rs\u0259 d\u0259, indi \u00f6zl\u0259ri art\u0131q buna raz\u0131la\u015f\u0131blar. Burada, \u0259lb\u0259tt\u0259 ki, yum\u015faq des\u0259k, bizim rolumuz az deyil. Ona g\u00f6r\u0259 art\u0131q avtomobil yolunun a\u00e7\u0131l\u0131\u015f\u0131 m\u0259s\u0259l\u0259si h\u0259ll olunur, d\u0259mir yolu m\u0259s\u0259l\u0259si h\u0259ll olunur. Bu g\u00fcn Moskvada Az\u0259rbaycan, Rusiya, Erm\u0259nistan ba\u015f nazirl\u0259rinin m\u00fcavinl\u0259ri n\u00f6vb\u0259ti d\u0259f\u0259 g\u00f6r\u00fc\u015f\u0259c\u0259kl\u0259r v\u0259 bizim m\u00f6vqeyimiz orada bir daha s\u0259sl\u0259n\u0259c\u0259k. Bel\u0259likl\u0259, Z\u0259ngilanda m\u00fcasir logistika-n\u0259qliyyat m\u0259rk\u0259zi, y\u00fck t\u0259yyar\u0259l\u0259ri, s\u0259rni\u015fin t\u0259yyar\u0259l\u0259ri, d\u0259mir yolu qov\u015fa\u011f\u0131, avtomobil yollar\u0131 &#8212; b\u00fct\u00fcn infrastruktur qurulacaq, paralel olaraq t\u0259bi\u0259tin qorunmas\u0131, \u00e7aylar\u0131n qorunmas\u0131. Bilirsiniz ki, Ox\u00e7u\u00e7ay\u0131 erm\u0259nil\u0259r n\u0259 g\u00fcn\u0259 qoymu\u015flar. Ox\u00e7u\u00e7ay t\u0259bii f\u0259lak\u0259t zonas\u0131d\u0131r. Oradan g\u00f6t\u00fcr\u00fcl\u0259n analizl\u0259r g\u00f6st\u0259rir ki, z\u0259h\u0259rli madd\u0259l\u0259rin h\u0259cmi normadan b\u0259lk\u0259 d\u0259 10 d\u0259f\u0259, 20 d\u0259f\u0259 art\u0131qd\u0131r. Biz bu \u00e7aylar\u0131 t\u0259mizl\u0259y\u0259c\u0259yik v\u0259 burada da\u011f-m\u0259d\u0259n s\u0259nayesi inki\u015faf ed\u0259c\u0259k. Vejn\u0259li q\u0131z\u0131l yata\u011f\u0131n\u0131 erm\u0259nil\u0259r xarici \u015firk\u0259tl\u0259rl\u0259 birlikd\u0259 qanunsuz olaraq istismar edirdil\u0259r. O xarici \u015firk\u0259tl\u0259rin m\u0259hk\u0259m\u0259y\u0259 verilm\u0259si prosesin\u0259 start verdik, yax\u0131n g\u0259l\u0259c\u0259kd\u0259 e\u015fid\u0259c\u0259ksiniz. Onlar\u0131n bu i\u015fd\u0259n boyun qa\u00e7\u0131rmaq c\u0259hdl\u0259ri dem\u0259k olar ki, imkans\u0131zd\u0131r. \u00c7\u00fcnki h\u0259r \u015fey g\u00f6z qaba\u011f\u0131ndad\u0131r. Ba\u015fqa \u00f6lk\u0259nin \u0259razisind\u0259 qanunsuz i\u015fl\u0259r g\u00f6r\u00fcb, buradan q\u0131z\u0131l\u0131 qanunsuz olaraq da\u015f\u0131y\u0131b v\u0259 d\u00fcnya bazarlar\u0131nda sat\u0131b. Biz onlarla \u0259lbir olanlar\u0131 da m\u0259suliyy\u0259t\u0259 c\u0259lb ed\u0259c\u0259yik. Beyn\u0259lxalq h\u00fcquq\u015f\u00fcnaslar\u0131 da c\u0259lb etdik.<\/p>\n\n\n\n<figure class=\"wp-block-image size-large\"><img loading=\"lazy\" decoding=\"async\" width=\"1024\" height=\"619\" src=\"https:\/\/fedai.az\/wp-content\/uploads\/2021\/10\/016-1024x619.jpg\" alt=\"\" class=\"wp-image-51710\" srcset=\"https:\/\/fedai.az\/wp-content\/uploads\/2021\/10\/016-1024x619.jpg 1024w, https:\/\/fedai.az\/wp-content\/uploads\/2021\/10\/016-300x181.jpg 300w, https:\/\/fedai.az\/wp-content\/uploads\/2021\/10\/016-150x91.jpg 150w, https:\/\/fedai.az\/wp-content\/uploads\/2021\/10\/016-768x464.jpg 768w, https:\/\/fedai.az\/wp-content\/uploads\/2021\/10\/016.jpg 1340w\" sizes=\"auto, (max-width: 1024px) 100vw, 1024px\" \/><\/figure>\n\n\n\n<p>Art\u0131q turizm, k\u0259nd t\u0259s\u0259rr\u00fcfat\u0131, n\u0259qliyyat, logistika, \u0259traf m\u00fchitin qorunmas\u0131 v\u0259 \u0259lb\u0259tt\u0259 ki, insanlar \u00fc\u00e7\u00fcn \u015f\u0259raitin yarad\u0131lmas\u0131 istiqam\u0259tind\u0259 i\u015fl\u0259r g\u00f6r\u00fcl\u00fcr. \u0130ndi A\u011fal\u0131 k\u0259ndi in\u015fa edilir, Z\u0259ngilan \u015f\u0259h\u0259rinin ba\u015f plan\u0131 t\u0259sdiq olunandan sonra burada da in\u015faat i\u015fl\u0259rin\u0259 start ver\u0259c\u0259yik. Z\u0259ngilan \u00f6lk\u0259 \u00fczr\u0259 \u00e7ox m\u00fcasir v\u0259 b\u00f6y\u00fck \u0259h\u0259miyy\u0259t\u0259 malik olan b\u00f6lg\u0259y\u0259 \u00e7evril\u0259c\u0259kdir. \u015e\u00fcbh\u0259m yoxdur, bunu sizinl\u0259 birlikd\u0259 ed\u0259c\u0259yik v\u0259 sizin d\u0259 m\u0259sl\u0259h\u0259tiniz\u0259 ehtiyac olacaq. Ona g\u00f6r\u0259 ki, ba\u015f plan t\u0259qdim olunandan sonra g\u0259r\u0259k ictimaiyy\u0259t d\u0259 \u00f6z fikrini desin. \u00c7\u00fcnki siz &#8212; burada ya\u015fam\u0131\u015f insanlar yax\u015f\u0131 bilirsiniz, harada n\u0259 olub. Y\u0259qin ki, siz d\u0259 bu da\u011f\u0131nt\u0131lar\u0131 g\u00f6r\u00fcb yad\u0131n\u0131za sal\u0131rs\u0131n\u0131z ki, burada n\u0259 olub.<\/p>\n\n\n\n<p>Sakin: C\u0259nab Prezident, xat\u0131rlamasam, g\u00fcnah olar, bizim Z\u0259ngilan rayonunun \u0259razisind\u0259 b\u00f6y\u00fck Mincivan stansiyas\u0131 yerl\u0259\u015firdi. Sovetl\u0259r d\u00f6n\u0259mind\u0259 oraya hans\u0131 qatarlar g\u0259lmirdi &#8212; Bak\u0131-Qafan, Bak\u0131-Nora\u015fen, Bak\u0131-Mincivan. O qatarlar bizim arzular\u0131m\u0131z idi. Bu yerl\u0259rin, yurdlar\u0131n insanlar\u0131 \u00f6z vaxt\u0131n\u0131, zaman\u0131n\u0131n \u00f6l\u00e7\u00fcs\u00fcn\u00fc o qatarlar\u0131n h\u0259r\u0259k\u0259t qrafiki il\u0259 qururdular. \u0130ndi Siz Az\u0259rbaycan\u0131n d\u0259mir yollar\u0131n\u0131 Z\u0259ng\u0259zura v\u0259 d\u00fcnyaya a\u00e7\u0131rs\u0131n\u0131z. Tezlikl\u0259 o yollarla b\u00f6y\u00fck qatarlar g\u0259l\u0259c\u0259k. Bu qatarlar Az\u0259rbaycan\u0131 d\u00fcnya il\u0259 qovu\u015fduracaq. Bu da Sizin b\u00f6y\u00fck quruculuq \u0259zminizd\u0259n x\u0259b\u0259r verir.<\/p>\n\n\n\n<p>Prezident \u0130lham \u018fliyev: M\u0259n birinci d\u0259f\u0259 g\u0259l\u0259nd\u0259 Mincivana getdim, orada d\u0259mir yolu stansiyas\u0131n\u0131n \u00f6n\u00fcnd\u0259 Az\u0259rbaycan xalq\u0131na m\u00fcraci\u0259t etdim. Orada dem\u0259k olar ki, h\u0259r \u015fey da\u011f\u0131d\u0131l\u0131b. Bir \u015fey yoxdur, d\u0259mir yollar\u0131n\u0131 onlar \u00e7oxdan da\u015f\u0131y\u0131b aparm\u0131\u015fd\u0131lar. O relsl\u0259rd\u0259n tank \u0259leyhin\u0259 istehkamlar qurmu\u015fdular. Stansiyan\u0131n binas\u0131 da tamamil\u0259 da\u011f\u0131lm\u0131\u015f v\u0259ziyy\u0259td\u0259 idi.<\/p>\n\n\n\n<p>Sakin: C\u0259nab Prezident, Siz Mehriban xan\u0131mla qo\u015fa qanad kimi Az\u0259rbaycan\u0131n b\u00fct\u00fcn k\u0259ndl\u0259rini, Z\u0259ng\u0259zuru, Qaraba\u011f\u0131 diyar-diyar g\u0259zmisiniz, qar\u0131\u015f-qar\u0131\u015f g\u0259zib ziyar\u0259t etmisiniz. \u018fn vacibi n\u0259dir? Siz o k\u0259ndl\u0259ri, toponiml\u0259rin q\u0259dim adlar\u0131n\u0131 bilirsiniz, b\u0259rpa edirsiniz, onlar\u0131 biz\u0259 \u00f6yr\u0259dirsiniz, h\u0259m d\u0259 tarixi \u0259dal\u0259ti b\u0259rpa edirsiniz. Bu, \u00e7ox vacib amildir. \u00c7\u00fcnki bizim tariximizd\u0259 bunlar unudulmu\u015f m\u0259qamlard\u0131r. Biz bunlar\u0131 b\u0259rpa etm\u0259liyik. Ona g\u00f6r\u0259 d\u0259 biz Siz\u0259 b\u00f6y\u00fck minn\u0259tdarl\u0131\u011f\u0131m\u0131z\u0131 bildiririk.<\/p>\n\n\n\n<p>Prezident \u0130lham \u018fliyev: \u00c7ox sa\u011f olun, buradan Nax\u00e7\u0131vana yol a\u00e7\u0131lacaq. Oradan da T\u00fcrkiy\u0259y\u0259, oradan da Avropaya.<\/p>\n\n\n\n<p>\u018fm\u0259kdar artist Almaz Orucova: \u0130caz\u0259 verin, m\u0259n dayand\u0131\u011f\u0131m\u0131z bu torpa\u011f\u0131n m\u00fcq\u0259dd\u0259sliyini, \u015f\u0259r\u0259fini, q\u00fcrurunu, d\u00fcnyada ba\u015f\u0131m\u0131z\u0131n ucal\u0131\u011f\u0131n\u0131 biz\u0259 t\u0259qdim etdiyiniz \u00fc\u00e7\u00fcn Siz\u0259 d\u0259rin, sonsuz minn\u0259tdarl\u0131\u011f\u0131m\u0131 \u00e7atd\u0131r\u0131m.<\/p>\n\n\n\n<p>Prezident \u0130lham \u018fliyev: Sa\u011f olun.<\/p>\n\n\n\n<p>Almaz Orucova: Bir az \u0259vv\u0259l m\u0259n do\u011fma oca\u011f\u0131ma getdim.<\/p>\n\n\n\n<p>Prezident \u0130lham \u018fliyev: Haradad\u0131r, sizin eviniz burada idi?<\/p>\n\n\n\n<p>Almaz Orucova: B\u0259li, bir az qaba\u011fa gedib sola \u00e7\u0131x\u0131rsan, bizim evimizdir.<\/p>\n\n\n\n<p>Prezident \u0130lham \u018fliyev: Ev qal\u0131b, yoxsa da\u011f\u0131d\u0131l\u0131b?<\/p>\n\n\n\n<p>Almaz Orucova: He\u00e7 n\u0259 qalmay\u0131b, bir az yeri qal\u0131b, da\u015f qal\u0131b. O do\u011fma hissl\u0259ri, o \u015firin hissl\u0259ri, o xatir\u0259l\u0259ri ya\u015fama\u011f\u0131 he\u00e7 n\u0259 il\u0259 \u0259v\u0259z ed\u0259 bilm\u0259r\u0259m. Siz bizim ba\u015f\u0131m\u0131z\u0131 d\u00fcnyada uca etdiniz. Az\u0259rbaycan Ordusunun, Az\u0259rbaycan xalq\u0131n\u0131n d\u0259y\u0259rli bir s\u0259rk\u0259rd\u0259sinin oldu\u011funu g\u00f6st\u0259rdiniz. Var olun, sa\u011f olun. Varl\u0131\u011f\u0131n\u0131zla, sa\u011fl\u0131\u011f\u0131n\u0131zla h\u0259r zaman bu xalq\u0131n, bu Ordunun ba\u015f\u0131nda olas\u0131n\u0131z.<\/p>\n\n\n\n<p>Sakin: C\u0259nab Prezident, Elnur m\u0259n\u0259 dedi ki, kaman\u00e7an\u0131 g\u0259tirm\u0259mi\u015fik. Mehriban xan\u0131m, dedim ki, kaman\u00e7as\u0131z Z\u0259ngilana g\u0259lm\u0259k olmaz.<\/p>\n\n\n\n<p>\u018fm\u0259kdar artist Elnur \u018fhm\u0259dov: Do\u011fma Z\u0259ngilan torpa\u011f\u0131nda Sizi salamlay\u0131ram, Mehriban xan\u0131m\u0131 \u00fcr\u0259kd\u0259n salamlay\u0131ram. M\u0259n bu torpaqda d\u00fcnyaya g\u00f6z a\u00e7m\u0131\u015fam, m\u0259hz da\u015f\u0131y\u0131c\u0131s\u0131 oldu\u011fum bu s\u0259n\u0259ti Z\u0259ngilan rayonunun M\u0259mm\u0259db\u0259yli k\u0259ndind\u0259 sevmi\u015f\u0259m. Allah Sizl\u0259ri var el\u0259sin. Mehriban xan\u0131ma m\u0259n m\u0259xsusi t\u0259\u015f\u0259kk\u00fcr\u00fcm\u00fc bildirir\u0259m ki, bizim mu\u011fam\u0131m\u0131z\u0131n d\u00fcnyaya inteqrasiya olunmas\u0131nda m\u0259xsusi xidm\u0259tl\u0259ri var.<\/p>\n\n\n\n<p>C\u0259nab Prezident, biz \u201cQaraba\u011f\u201d mu\u011fam qrupu olaraq xan\u0259nd\u0259, Xalq artisti M\u0259nsum \u0130brahimov, s\u0259n\u0259t dostlar\u0131m El\u00e7in H\u0259\u015fimov v\u0259 Kamran K\u0259rimov il\u0259 birg\u0259 d\u00fcnyan\u0131n dem\u0259k olar, el\u0259 bir \u00f6lk\u0259si yoxdur ki, orada konsert proqram\u0131 il\u0259 \u00e7\u0131x\u0131\u015f etm\u0259y\u0259k. Amma h\u0259r birimizin b\u00f6y\u00fck arzumuz, bizim \u00fc\u00e7\u00fcn d\u00fcnyan\u0131n \u0259n b\u00f6y\u00fck s\u0259hn\u0259si Siz ba\u015fda olmaqla, Mehriban xan\u0131m ba\u015fda olmaqla \u015eu\u015fada C\u0131d\u0131r d\u00fcz\u00fcnd\u0259 ke\u00e7iril\u0259n \u201cXar\u0131b\u00fclb\u00fcl\u201d festival\u0131 idi. \u00c7\u00fcnki bizim \u00fc\u00e7\u00fcn ondan b\u00f6y\u00fck, \u015f\u0259r\u0259fli g\u00fcn yox idi. C\u0259nab Prezident, h\u00f6rm\u0259tli Mehriban xan\u0131m, m\u0259nim \u0259n b\u00f6y\u00fck arzum o idi ki, anadan oldu\u011fum o k\u0259ndd\u0259, u\u00e7uq da olsa, o evd\u0259 kaman\u00e7am\u0131n s\u0259si g\u0259lsin.<\/p>\n\n\n\n<p>Sakin: Kaman\u00e7an\u0131n s\u0259si g\u0259lsin.<\/p>\n\n\n\n<p>Elnur \u018fhm\u0259dov: O \u015f\u0259raiti biz\u0259 yaratd\u0131\u011f\u0131n\u0131za g\u00f6r\u0259 Siz\u0259 d\u0259rin t\u0259\u015f\u0259kk\u00fcr\u00fcm\u00fc bildirir\u0259m.<\/p>\n\n\n\n<p>Almaz Orucova Elnur \u018fhm\u0259dovun m\u00fc\u015fayi\u0259ti il\u0259 mu\u011fam ifa edir.<\/p>\n\n\n\n<p>Sakinl\u0259r: Sa\u011f olun.<\/p>\n\n\n\n<p>Almaz Orucova: \u00c7ox sa\u011f olun, Mehriban xan\u0131m.<\/p>\n\n\n\n<p>Prezident \u0130lham \u018fliyev: Salam, nec\u0259siniz? Bu ki\u015fini tan\u0131y\u0131rsan, Mehriban?<\/p>\n\n\n\n<p>Birinci xan\u0131m Mehriban \u018fliyeva: Salam, nec\u0259siniz? \u015e\u0259hriyar M\u0259mm\u0259dyarovun atas\u0131d\u0131r?<\/p>\n\n\n\n<p>Prezident \u0130lham \u018fliyev: \u015e\u0259hriyar M\u0259mm\u0259dyarovun atas\u0131d\u0131r.<\/p>\n\n\n\n<p>Birinci xan\u0131m Mehriban \u018fliyeva: Xo\u015f g\u00f6rd\u00fck.<\/p>\n\n\n\n<p>Prezident \u0130lham \u018fliyev: \u015e\u0259hriyar nec\u0259dir?<\/p>\n\n\n\n<p>H\u0259mid M\u0259mm\u0259dyarov: \u00c7ox sa\u011f olun. H\u0259r \u015fey g\u00f6z\u0259ldir, sa\u011f olun.<\/p>\n\n\n\n<p>Prezident \u0130lham \u018fliyev: Sa\u011f ol.<\/p>\n\n\n\n<p>Sakin: C\u0259nab Prezident, m\u0259n d\u0259 t\u0259\u015f\u0259kk\u00fcr edir\u0259m. Biz 27 il idi ki, h\u0259mi\u015f\u0259 oktyabr\u0131n 30-u dost-tan\u0131\u015fla m\u00fczakir\u0259 edirdik ki, Z\u0259ngilan\u0131n i\u015f\u011fal\u0131 g\u00fcn\u00fc g\u0259lir, n\u0259 ed\u0259k, n\u0259 t\u0259dbir ke\u00e7ir\u0259k? Daim o q\u0259mi, q\u00fcss\u0259ni ya\u015fay\u0131rd\u0131q. Sa\u011f olun ki, biz bu g\u00fcn art\u0131q Z\u0259ngilan\u0131n i\u015f\u011faldan azad olunmas\u0131n\u0131n bir illiyini qeyd edirik. Siz az \u00f6nc\u0259 qeyd etdiniz ki, Z\u0259ngilan b\u00f6y\u00fck n\u0259qliyyat d\u0259hlizin\u0259 \u00e7evrilir v\u0259 bu, b\u00f6lg\u0259nin inki\u015faf\u0131na \u00e7ox b\u00f6y\u00fck t\u0259sir g\u00f6st\u0259r\u0259c\u0259k. D\u00fcnyan\u0131n super g\u00fccl\u0259ri bu g\u00fcn n\u0259qliyyat d\u0259hlizl\u0259ri u\u011frunda m\u00fcbariz\u0259 apar\u0131rlar. Siz b\u00f6y\u00fck i\u015fl\u0259r\u0259 imza atm\u0131s\u0131n\u0131z. B\u00fct\u00fcn z\u0259ngilanl\u0131lar, b\u00fct\u00fcn Az\u0259rbaycan bu i\u015fd\u0259 Siz\u0259 u\u011furlar arzulay\u0131r. Biz Sizi h\u0259mi\u015f\u0259 d\u0259st\u0259kl\u0259yirik, yan\u0131n\u0131zday\u0131q. U\u011furlar arzulay\u0131r\u0131q. Sa\u011f olun.<\/p>\n\n\n\n<p>Prezident \u0130lham \u018fliyev: Sa\u011f olun. \u0130\u015f\u011fal tarixi art\u0131q tarixd\u0259 qald\u0131, \u0259b\u0259di silindi. \u0130ndi yeni tarix var &#8212; 20 oktyabr tarixi.<\/p>\n\n\n\n<p>Sakin: \u018fsas m\u0259s\u0259l\u0259 d\u0259 odur. Bu g\u00fcn Z\u0259ngilan\u0131n azad olunan g\u00fcn\u00fcd\u00fcr, c\u0259nab Prezident. Z\u0259ngilana \u0259n b\u00f6y\u00fck pay\u0131n\u0131z, \u0259n b\u00f6y\u00fck \u0259rm\u0259\u011fan\u0131n\u0131z budur. Sa\u011f olun.<\/p>\n\n\n\n<p>Sakin: C\u0259nab Prezident, m\u0259n d\u0259 Z\u0259ngilan g\u0259ncl\u0259ri v\u0259 idman\u00e7\u0131lar\u0131 ad\u0131ndan Siz\u0259 d\u0259rin t\u0259\u015f\u0259kk\u00fcr\u00fcm\u00fc bildirir\u0259m ki, bizi g\u00f6rm\u0259diyimiz bu ata-baba yurdumuza g\u0259tirib \u00e7\u0131xard\u0131n\u0131z. Allah Siz\u0259 bu i\u015fl\u0259rinizd\u0259 k\u00f6m\u0259k olsun, var olun.<\/p>\n\n\n\n<p>Professor Adil\u0259 Abbasova: C\u0259nab Prezident, Siz\u0259 \u00e7ox b\u00f6y\u00fck minn\u0259tdarl\u0131\u011f\u0131m\u0131z\u0131 bildiririk. Bu g\u00f6z\u0259l diyarda, Odlar Yurdu Az\u0259rbaycan\u0131m\u0131z\u0131n dilb\u0259r gu\u015f\u0259si olan Z\u0259ngilanda, q\u0131z\u0131l Z\u0259ngilanda, azad Z\u0259ngilanda, z\u0259ngin Z\u0259ngilanday\u0131q. Bu hissl\u0259ri Siz biz\u0259 ya\u015fatd\u0131n\u0131z. Biz bu d\u0259qiq\u0259 Siz\u0259 q\u00fcrurla bax\u0131r\u0131q, Sizinl\u0259 dan\u0131\u015f\u0131r\u0131q, s\u00f6hb\u0259t edirik. \u00c7ox h\u0259y\u0259canl\u0131y\u0131q. Allah biz\u0259 bunu qism\u0259t etdi. M\u0259n Siz\u0259 b\u00fct\u00fcn z\u0259ngilanl\u0131lar ad\u0131ndan minn\u0259tdarl\u0131\u011f\u0131m\u0131 bildirir\u0259m. C\u0259nab Prezident, Siz Az\u0259rbaycan xalq\u0131n\u0131n b\u00fct\u00fcn arzular\u0131n\u0131 yerin\u0259 yetir\u0259n b\u00f6y\u00fck \u015f\u0259xsiyy\u0259tsiniz. Siz b\u00f6y\u00fck, M\u00fcz\u0259ff\u0259r S\u0259rk\u0259rd\u0259siniz. D\u00fcnyan\u0131n he\u00e7 bir yerind\u0259 Sizin kimi d\u00f6vl\u0259t xadimi g\u00f6rm\u0259mi\u015fik. Siz 44 g\u00fcnl\u00fck V\u0259t\u0259n m\u00fcharib\u0259si \u0259rzind\u0259 Qaraba\u011f m\u0259s\u0259l\u0259sinin m\u00fcmk\u00fcns\u00fczl\u00fcy\u00fcn\u00fc m\u00fcmk\u00fcn etdiniz. Siz Az\u0259rbaycan\u0131n Z\u0259f\u0259r tarixin\u0259 ad\u0131n\u0131z\u0131 \u0259b\u0259di yazd\u0131n\u0131z. \u0130ndi bizim n\u0259sild\u0259n qalanlardan biri m\u0259n\u0259m. Atam da Z\u0259ngilan rayonunda \u00e7ox i\u015fl\u0259yib, 14 il icraiyy\u0259 komit\u0259sinin s\u0259dri olub. Dem\u0259k ist\u0259yir\u0259m ki, u\u015faql\u0131q ill\u0259rim burada ke\u00e7ib. Siz Z\u0259ngilan\u0131 b\u00fct\u00fcn d\u00fcnyaya tan\u0131td\u0131n\u0131z. Ulu \u00d6nd\u0259r Sizin haqq\u0131n\u0131zda bel\u0259 deyirdi: \u201cM\u0259n ona \u00f6z\u00fcm q\u0259d\u0259r inan\u0131ram v\u0259 onun g\u0259l\u0259c\u0259yin\u0259 \u00e7ox b\u00f6y\u00fck \u00fcmid b\u0259sl\u0259yir\u0259m\u201d. Siz h\u0259r bir az\u0259rbaycanl\u0131n\u0131n Prezidentisiniz. Ata v\u0259siyy\u0259tini yerin\u0259 yetirdiniz, Az\u0259rbaycan xalq\u0131n\u0131n ba\u015f\u0131n\u0131 uca etdiniz, Az\u0259rbaycan\u0131 qalib d\u00f6vl\u0259t\u0259 \u00e7evirdiniz.<\/p>\n\n\n\n<p>Prezident \u0130lham \u018fliyev: \u00c7ox sa\u011f olun, \u00e7ox t\u0259\u015f\u0259kk\u00fcr edir\u0259m.<\/p>\n\n\n\n<p>Adil\u0259 Abbasova: Bu haqda \u00e7ox fikirl\u0259\u015fmi\u015f\u0259m, m\u0259n\u0259 el\u0259 g\u0259lir, d\u00fcnyada el\u0259 bir d\u00f6vl\u0259t xadimi yoxdur ki, Sizin kimi 44 g\u00fcn \u0259rzind\u0259 bel\u0259 bir Z\u0259f\u0259r \u0259ld\u0259 etsin. Ona g\u00f6r\u0259 Siz d\u00fcnyan\u0131n \u0259n b\u00f6y\u00fck m\u00fckafat\u0131na layiqsiniz. Siz\u0259 \u00e7ox minn\u0259tdar\u0131q.<\/p>\n\n\n\n<p>Prezident \u0130lham \u018fliyev: \u00c7ox sa\u011f olun. Biz h\u0259l\u0259 Moskvadan bir-birimizi tan\u0131y\u0131r\u0131q. O vaxt az\u0259rbaycanl\u0131lar\u0131n v\u0259t\u0259nda\u015f c\u0259miyy\u0259tind\u0259, Az\u0259rbaycan Assambleyas\u0131nda b\u0259rab\u0259r i\u015ftirak etmi\u015fik.<\/p>\n\n\n\n<p>Adil\u0259 Abbasova: Sizin f\u0259aliyy\u0259tinizi m\u0259n h\u0259l\u0259 Moskvadan bilir\u0259m, \u00e7ox g\u00f6rm\u00fc\u015f\u0259m, e\u015fitmi\u015f\u0259m. M\u0259nim yad\u0131mdad\u0131r, o c\u0259miyy\u0259t yarad\u0131landa Ulu \u00d6nd\u0259r onunla maraqlan\u0131rd\u0131. Az\u0259rbaycanl\u0131lar\u0131n qurultay\u0131 ke\u00e7irildi.<\/p>\n\n\n\n<p>Dem\u0259k ist\u0259yir\u0259m ki, Sizin Az\u0259rbaycana b\u0259x\u015f etdiyiniz bu hissl\u0259r, bu sevinc x\u00fcsusi qeyd olunmal\u0131d\u0131r. M\u0259n \u00fcr\u0259kd\u0259n dan\u0131\u015fan adamam, b\u0259lk\u0259 d\u0259 bir az h\u0259y\u0259canla dan\u0131\u015f\u0131ram. Amma \u00fcr\u0259kd\u0259n dan\u0131\u015f\u0131ram. C\u0259nab Prezident, Sizi b\u00fct\u00fcn Az\u0259rbaycan xalq\u0131 \u00fcr\u0259kd\u0259n sevir. Siz d\u00fcnyan\u0131n \u0259n b\u00f6y\u00fck m\u00fckafat\u0131na layiqsiniz.<\/p>\n\n\n\n<p>Prezident \u0130lham \u018fliyev: \u00c7ox sa\u011f olun. \u018fn b\u00f6y\u00fck m\u00fckafat\u0131m bu g\u00fcn burada Sizinl\u0259 b\u0259rab\u0259r olma\u011f\u0131md\u0131r.<\/p>\n\n\n\n<p>Adil\u0259 Abbasova: Az\u0259rbaycan xalq\u0131n\u0131n milli q\u00fcruruna \u00e7evril\u0259n bir ifad\u0259 var: Qaraba\u011f Az\u0259rbaycand\u0131r! Ya\u015fas\u0131n Az\u0259rbaycan! E\u015fq olsun, e\u015fq olsun!<\/p>\n\n\n\n<p>Prezident \u0130lham \u018fliyev: Az\u0259rbaycan xalq\u0131na e\u015fq olsun!.<\/p>\n\n\n\n<p>Adil\u0259 Abbasova: E\u015fq olsun Az\u0259rbaycan xalq\u0131na! E\u015fq olsun Ali Ba\u015f Komandan\u0131m\u0131z, Prezidentimiz \u0130lham \u018fliyev\u0259!<\/p>\n\n\n\n<p>Prezident \u0130lham \u018fliyev: Sa\u011f olun. \u00c7ox sa\u011f olun.<\/p>\n\n\n\n<p>Sakin: C\u0259nab Prezident, V\u0259t\u0259n M\u00fcharib\u0259si Q\u0259hr\u0259man\u0131 \u015f\u0259hid Surxay No\u00e7uyevin atas\u0131d\u0131r. Siz ona f\u0259xri ad vermisiniz.<\/p>\n\n\n\n<p>\u015e\u0259hid atas\u0131 \u018fbd\u00fcl No\u00e7uyev: 44 g\u00fcnl\u00fck m\u00fcharib\u0259 d\u00f6vr\u00fcnd\u0259 Sizin xalqa m\u00fcraci\u0259tl\u0259rinizi m\u00fct\u0259madi olaraq izl\u0259mi\u015fik. H\u0259r d\u0259f\u0259 i\u015f\u011faldan azad olunan \u0259razil\u0259rin adlar\u0131 sadaland\u0131qca bizim sevincimizin h\u0259ddi-h\u00fcdudu olmay\u0131b. M\u0259nim o\u011flum, tabor komandiri, kapitan Surxay No\u00e7uyev \u015eu\u015fa u\u011frunda ged\u0259n d\u00f6y\u00fc\u015fl\u0259rd\u0259 m\u00fcharib\u0259nin 44-c\u00fc g\u00fcn\u00fcnd\u0259 q\u0259hr\u0259mancas\u0131na \u015f\u0259hid oldu.<\/p>\n\n\n\n<p>Prezident \u0130lham \u018fliyev: Allah r\u0259hm\u0259t el\u0259sin.<\/p>\n\n\n\n<p>\u018fbd\u00fcl No\u00e7uyev: Siz m\u00fcvafiq S\u0259r\u0259ncam\u0131n\u0131zla ona V\u0259t\u0259n M\u00fcharib\u0259si Q\u0259hr\u0259man\u0131 ad\u0131 verdiniz. Buna g\u00f6r\u0259 Siz\u0259 minn\u0259tdarl\u0131\u011f\u0131m\u0131z\u0131 bildiririk. 2021-ci il sentyabr\u0131n 27-d\u0259 Sizin v\u0259 Mehriban xan\u0131m\u0131n i\u015ftirak\u0131 il\u0259 y\u00fcr\u00fc\u015f ke\u00e7irildi. Orada Surxay No\u00e7uyevin \u015f\u0259kli h\u0259kk olunmu\u015f l\u00f6vh\u0259 \u00f6n c\u0259rg\u0259d\u0259 idi. H\u0259min l\u00f6vh\u0259ni Sizin g\u00f6st\u0259ri\u015finizl\u0259 bizim ail\u0259y\u0259 t\u0259qdim etdil\u0259r. Bu, bizim ail\u0259miz \u00fc\u00e7\u00fcn \u0259n b\u00f6y\u00fck h\u0259diyy\u0259 oldu. \u00c7ox sa\u011f olun, c\u0259nab Prezident.<\/p>\n\n\n\n<p>Prezident \u0130lham \u018fliyev: Sa\u011f olun. Allah b\u00fct\u00fcn \u015f\u0259hidl\u0259rimiz\u0259 r\u0259hm\u0259t el\u0259sin. Biz torpaqlar\u0131m\u0131z\u0131 onlar\u0131n can\u0131-qan\u0131 bahas\u0131na i\u015f\u011fal\u00e7\u0131lardan azad etmi\u015fik. \u015e\u0259hid olmu\u015f h\u0259r bir insan, g\u0259nc bizim \u00fcr\u0259yimizd\u0259, Az\u0259rbaycan xalq\u0131n\u0131n \u00fcr\u0259yind\u0259 \u0259b\u0259di ya\u015fayacaq. \u015e\u0259hidl\u0259rin adlar\u0131n\u0131n \u0259b\u0259dil\u0259\u015fdirilm\u0259si \u00fc\u00e7\u00fcn \u0259m\u0259li i\u015fl\u0259r gedir, bundan sonra da ged\u0259c\u0259k. An\u0131m G\u00fcn\u00fcnd\u0259 t\u0259\u015fkil olunan y\u00fcr\u00fc\u015f b\u00fct\u00fcn Az\u0259rbaycan xalq\u0131n\u0131n birliyini g\u00f6st\u0259rdi, \u015f\u0259hidl\u0259rimizin xatir\u0259sin\u0259 olan h\u00f6rm\u0259timizi g\u00f6st\u0259rdi. Y\u00fcr\u00fc\u015fd\u0259 apar\u0131lan portretl\u0259r m\u0259nim g\u00f6st\u0259ri\u015fiml\u0259 g\u00f6z\u0259l bir xatir\u0259 kimi \u015f\u0259hid ail\u0259l\u0259rin\u0259 t\u0259qdim edildi. \u00c7\u00fcnki onlar biziml\u0259 olmasalar da, bu Z\u0259f\u0259r y\u00fcr\u00fc\u015f\u00fcn\u0259 biziml\u0259 b\u0259rab\u0259r \u00e7\u0131x\u0131blar. Y\u0259ni, b\u00fct\u00fcn Az\u0259rbaycan o g\u00fcn orada idi. Onlar\u0131n ruhu bu g\u00fcn \u015fadd\u0131r. Onlar az ya\u015fay\u0131blar, d\u00fcnyadan g\u0259nc gedibl\u0259r, \u015f\u0259hid olaraq gedibl\u0259r. Amma onlar h\u0259r zaman \u00fcr\u0259yimizd\u0259 ya\u015fayacaqlar. Sizin siman\u0131zda onlar\u0131n valideynl\u0259rin\u0259 m\u0259n Prezident, Ali Ba\u015f Komandan kimi \u00f6z t\u0259\u015f\u0259kk\u00fcr\u00fcm\u00fc bildirm\u0259k ist\u0259yir\u0259m. \u00c7\u00fcnki do\u011frudan da bizim \u015f\u0259hidl\u0259rimiz \u015f\u00fcurlu \u015f\u0259kild\u0259 \u00f6l\u00fcm\u0259 gedirdil\u0259r. Ham\u0131m\u0131z yax\u015f\u0131 bilirik ki, a\u011f\u0131r d\u00f6y\u00fc\u015fl\u0259rd\u0259 o istehkamlar\u0131 yarmaq, oradan ke\u00e7m\u0259k, da\u011flara qalxmaq, da\u011flara d\u0131rma\u015fmaq, x\u00fcsusil\u0259 \u015eu\u015fa \u0259m\u0259liyyat\u0131 tarixd\u0259 b\u0259lk\u0259 d\u0259 misli g\u00f6r\u00fcnm\u0259mi\u015f q\u0259hr\u0259manl\u0131q n\u00fcmun\u0259sidir. Bunu ancaq milli ruhda b\u00f6y\u00fcy\u0259n insanlar ed\u0259 bil\u0259rdil\u0259r. Sizin kimi valideynl\u0259r onlar\u0131 milli ruhda b\u00f6y\u00fcd\u00fcb V\u0259t\u0259n\u0259 b\u0259x\u015f etdiniz. Onlar da \u00f6z h\u0259yatlar\u0131n\u0131 V\u0259t\u0259n\u0259 b\u0259x\u015f etdil\u0259r. M\u0259n sizi \u00fcr\u0259kd\u0259n t\u0259brik edir\u0259m, t\u0259\u015f\u0259kk\u00fcr\u00fcm\u00fc bildirir\u0259m v\u0259 qucaqlay\u0131ram, ba\u011fr\u0131ma bas\u0131ram.<\/p>\n\n\n\n<p>\u018fbd\u00fcl No\u00e7uyev: \u00c7ox sa\u011f olun, c\u0259nab Prezident.<\/p>\n\n\n\n<p>Sakin: C\u0259nab Prezident, biz orta m\u0259kt\u0259bd\u0259 oxuyanda Z\u0259ngilanda xo\u015f bir \u0259n\u0259n\u0259 var idi. Biz bu da\u011flara, t\u0259bi\u0259tin bu g\u00f6z\u0259l gu\u015f\u0259l\u0259rin\u0259 \u00e7aylardan \u00e7\u0131nq\u0131llar y\u0131\u011f\u0131b g\u0259tir\u0259rdik. Orada o \u00e7\u0131nq\u0131llardan \u00fcr\u0259k s\u00f6zl\u0259rimizi, V\u0259t\u0259nl\u0259 ba\u011fl\u0131 s\u00f6zl\u0259rimizi yazard\u0131q. Yeni tarixi Siz dikt\u0259 etdiniz, yeni tarixin m\u00fc\u0259llifisiniz. Ona g\u00f6r\u0259 Z\u0259ngilanda tikil\u0259c\u0259k m\u0259kt\u0259bin \u015fagirdl\u0259ri, bug\u00fcnk\u00fc m\u00fcasir tariximiz\u0259, Z\u0259f\u0259r tariximiz\u0259 \u015fahidlik ed\u0259n g\u0259ncl\u0259rimiz yenid\u0259n \u00e7\u0131nq\u0131llar v\u0259 da\u015flar da\u015f\u0131y\u0131b bu t\u0259p\u0259l\u0259rd\u0259 Az\u0259rbaycan\u0131n \u0259z\u0259m\u0259tl\u0259 dal\u011falanan o bayraqlar\u0131n\u0131n alt\u0131nda Az\u0259rbaycan\u0131n x\u0259rit\u0259sini \u00e7\u0259k\u0259c\u0259k v\u0259 yeni s\u00f6zl\u0259r yazacaqlar. Yazacaqlar \u201cQaraba\u011f Az\u0259rbaycand\u0131r!\u201d. Bu yurdlar\u0131n xilaskar\u0131na e\u015fq olsun! B\u00f6y\u00fck Qay\u0131d\u0131\u015f\u0131m\u0131z m\u00fcbar\u0259k, c\u0259nab Prezident!<\/p>\n\n\n\n<p>Prezident \u0130lham \u018fliyev: Bu g\u00fcn yar\u0131mstansiyan\u0131n da a\u00e7\u0131l\u0131\u015f\u0131n\u0131 etdik. M\u0259n\u0259 m\u0259lumat verildi ki, sovet vaxt\u0131nda Z\u0259ngilan rayonunun \u00fcmumi enerji t\u0259l\u0259bat\u0131 c\u0259mi 7 meqavat idi, \u00e7\u00fcnki \u0259hali o q\u0259d\u0259r d\u0259 \u00e7ox deyildi. \u0130ndi is\u0259 biz g\u0259l\u0259c\u0259k inki\u015faf\u0131 n\u0259z\u0259r\u0259 almaq \u015f\u0259rti il\u0259 yar\u0131mstansiyan\u0131 50 meqavatl\u0131q etdik. Bir d\u0259 ki, \u0259hali art\u0131b. \u0130\u015f\u011fala q\u0259d\u0259r Z\u0259ngilan rayonunun \u0259halisi t\u0259qrib\u0259n 30 mind\u0259n bir q\u0259d\u0259r \u00e7ox idi. \u0130ndi 45 min\u0259 \u00e7at\u0131b v\u0259 \u0259min\u0259m ki, z\u0259ngilanl\u0131lar\u0131n ham\u0131s\u0131 g\u0259lib burada, bel\u0259 bir g\u00f6z\u0259l yerd\u0259, do\u011fma v\u0259t\u0259nd\u0259 yerl\u0259\u015f\u0259c\u0259k.<\/p>\n\n\n\n<p>Sakin: T\u0259\u015f\u0259kk\u00fcr edirik, c\u0259nab Prezident.<\/p>\n\n\n\n<p>Prezident \u0130lham \u018fliyev: Biz indi m\u0259scidi d\u0259 b\u0259rpa edirik.<\/p>\n\n\n\n<p>Axund: Bu m\u0259scidd\u0259 axund i\u015fl\u0259mi\u015f\u0259m. Mehriban xan\u0131ma da t\u0259\u015f\u0259kk\u00fcr edirik. Bu xo\u015f g\u00fcnl\u0259ri biz\u0259 ya\u015fatd\u0131\u011f\u0131n\u0131za g\u00f6r\u0259 Siz\u0259 bir daha t\u0259\u015f\u0259kk\u00fcr edir\u0259m. \u018fslind\u0259, Siz biz\u0259 ikinci d\u0259f\u0259 Z\u0259ngilanda ya\u015fama\u011f\u0131 qism\u0259t edibsiniz. C\u0259nab Prezident, Siz\u0259 b\u00fct\u00fcn Z\u0259ngilan camaat\u0131 ad\u0131ndan t\u0259\u015f\u0259kk\u00fcr edir\u0259m.<\/p>\n\n\n\n<p>Birinci xan\u0131m Mehriban \u018fliyeva: \u00c7ox sa\u011f olun.<\/p>\n\n\n\n<p>Prezident \u0130lham \u018fliyev: \u00c7ox sa\u011f ol. Heyd\u0259r \u018fliyev Fondu m\u0259scidin b\u0259rpas\u0131 il\u0259 m\u0259\u015f\u011fuldur, art\u0131q orada l\u00f6vh\u0259l\u0259r d\u0259 qoyulub. Biz d\u0259 burada olanda simvolik olaraq t\u0259m\u0259l da\u015f\u0131n\u0131 da qoyduq. Onu da b\u0259rpa ed\u0259c\u0259yik.<\/p>\n\n\n\n<p>Birinci xan\u0131m Mehriban \u018fliyeva: O qalan hiss\u0259ni.<\/p>\n\n\n\n<p>Prezident \u0130lham \u018fliyev: B\u0259li, q\u0259dimd\u0259n qalan o hiss\u0259ni b\u0259rpa ed\u0259c\u0259yik. M\u0259n\u0259 dedil\u0259r ki, sovet vaxt\u0131nda ora klub idi, ya da anbar.<\/p>\n\n\n\n<p>Sakin: Ora bizim k\u0259ndimizin me\u015f\u0259sidir. Az\u0259rbaycan\u0131n b\u00f6y\u00fck m\u00fcnbit me\u015f\u0259l\u0259rind\u0259n biridir.<\/p>\n\n\n\n<p>Prezident \u0130lham \u018fliyev: Sizin k\u0259ndiniz buradad\u0131r?<\/p>\n\n\n\n<p>Sakin: B\u0259li, V\u0259n\u0259dli k\u0259ndi, a\u015fa\u011f\u0131dad\u0131r. B\u00fct\u00fcn a\u011faclar\u0131 q\u0131r\u0131blar &#8212; c\u00f6k\u0259, pal\u0131d, v\u0259l\u0259s, ulas. Tarixin \u00e7ox m\u0259\u015fhur a\u011faclar\u0131 olan b\u00f6y\u00fck me\u015f\u0259l\u0259rd\u0259n biri olub.<\/p>\n\n\n\n<p>Prezident \u0130lham \u018fliyev: K\u0259sib da\u015f\u0131y\u0131blar a\u011faclar\u0131. Biz B\u0259sit\u00e7ayda olanda g\u00f6rd\u00fck ki, h\u0259tta k\u00f6t\u00fckl\u0259ri yand\u0131r\u0131blar. K\u0259sibl\u0259r a\u011faclar\u0131, yand\u0131r\u0131blar. B\u0259sit\u00e7ay qoru\u011funun bir hiss\u0259si qal\u0131b, ora 100 hektardan b\u00f6y\u00fck bir \u0259razi idi.<\/p>\n\n\n\n<p>Sakin: B\u0259li, d\u00f6vl\u0259t qoru\u011fu olub \u0259vv\u0259ll\u0259r.<\/p>\n\n\n\n<p>Prezident \u0130lham \u018fliyev: B\u0259li, Siz d\u0259 dediniz, Avropada birinci \u00e7inar me\u015f\u0259sidir.<\/p>\n\n\n\n<p>Sakin: C\u0259nab Prezident, Ali Ba\u015f Komandan, S\u0259rk\u0259rd\u0259 kimi 44 g\u00fcn\u00fc n\u0259 q\u0259d\u0259r narahat ke\u00e7irdiniz. D\u00fcnyan\u0131n bu vaxt\u0131nda bel\u0259 q\u0259rar q\u0259bul etm\u0259k, sava\u015f\u0131 bu c\u00fcr Z\u0259f\u0259rl\u0259 ba\u015fa \u00e7atd\u0131rmaq, bunlar\u0131 bel\u0259 pe\u015f\u0259karl\u0131qla idar\u0259 etm\u0259k Sizin \u0259sl Liderliyinizd\u0259n x\u0259b\u0259r verir. C\u0259nab Prezident \u00e7ox sa\u011f olun, \u00e7ox minn\u0259tdar\u0131q.<\/p>\n\n\n\n<p>Prezident \u0130lham \u018fliyev: Siz sa\u011f olun.<\/p>\n\n\n\n<p>Sakin: Z\u0259ngilan azad olunan g\u00fcn z\u0259ngilanl\u0131lar\u0131 bu oca\u011fa toplad\u0131n\u0131z. \u00c7ox sa\u011f olun, minn\u0259tdar\u0131q.<\/p>\n\n\n\n<p>Prezident \u0130lham \u018fliyev: \u00c7ox sa\u011f olun.<\/p>\n\n\n\n<p>Sakin: Tarix unudulmur.<\/p>\n\n\n\n<p>Prezident \u0130lham \u018fliyev: Tarixi g\u00fcnd\u00fcr. Tarix h\u0259mi\u015f\u0259 olacaq. 20 oktyabr h\u0259m z\u0259ngilanl\u0131lar \u00fc\u00e7\u00fcn, h\u0259m b\u00fct\u00fcn xalq\u0131m\u0131z \u00fc\u00e7\u00fcn \u0259b\u0259di bir Z\u0259f\u0259r g\u00fcn\u00fc kimi qalacaq. \u00c7\u00fcnki azad edilmi\u015f h\u0259r bir \u015f\u0259h\u0259rin azad olunma g\u00fcn\u00fc tarixi Z\u0259f\u0259r g\u00fcn\u00fcd\u00fcr.<\/p>\n\n\n\n<p>Sakinl\u0259r: C\u0259nab Prezident, Mehriban xan\u0131m, g\u00fcn o g\u00fcn olsun ki, Sizi abad Z\u0259ngilanda qar\u015f\u0131laya bil\u0259k. Siz\u0259 u\u011furlar arzu edirik. Q\u0259d\u0259ml\u0259riniz u\u011furlu olsun. \u00c7ox sa\u011f olun, \u0130n\u015fallah, abad Z\u0259ngilanda g\u00f6zl\u0259y\u0259c\u0259yik.<\/p>\n\n\n\n<p>Birinci xan\u0131m Mehriban \u018fliyeva: \u0130n\u015fallah. Allah aman\u0131nda. Sa\u011f olun.<\/p>\n\n\n\n<p>Prezident \u0130lham \u018fliyev: Bir daha t\u0259brik edir\u0259m.<\/p>\n\n\n\n<p>Sakinl\u0259r: Sa\u011f olun, h\u0259r \u015fey\u0259 g\u00f6r\u0259 sa\u011f olun.<\/p>\n\n\n\n<figure class=\"wp-block-image\"><img decoding=\"async\" src=\"https:\/\/static.president.az\/media\/W1siZiIsIjIwMjEvMTAvMjEvOTU0bXpndWkzd18wMTQuanBnIl0sWyJwIiwidGh1bWIiLCIxMzQweDEwMjAiXV0?sha=3c4fcdab8652e5d3\" alt=\"\"\/><\/figure>\n\n\n\n<figure class=\"wp-block-image\"><img decoding=\"async\" src=\"https:\/\/static.president.az\/media\/W1siZiIsIjIwMjEvMTAvMjEvMTVwaW95cjlhYl8wMTUuanBnIl0sWyJwIiwidGh1bWIiLCIxMzQweDEwMjAiXV0?sha=ed37cd7611658260\" alt=\"\"\/><\/figure>\n\n\n\n<p><\/p>\n","protected":false},"excerpt":{"rendered":"<p>Az\u0259rbaycan Respublikas\u0131n\u0131n Prezidenti \u0130lham \u018fliyev v\u0259 birinci xan\u0131m Mehriban \u018fliyeva oktyabr\u0131n 20-d\u0259 Z\u0259ngilan rayon ictimaiyy\u0259tinin n\u00fcmay\u0259nd\u0259l\u0259ri il\u0259 g\u00f6r\u00fc\u015f\u00fcbl\u0259r. Rayon ictimaiyy\u0259tinin n\u00fcmay\u0259nd\u0259l\u0259rini salamlayan Prezident \u0130lham<\/p>\n","protected":false},"author":2,"featured_media":51705,"comment_status":"closed","ping_status":"closed","sticky":false,"template":"","format":"standard","meta":{"footnotes":""},"categories":[3],"tags":[],"class_list":["post-51704","post","type-post","status-publish","format-standard","has-post-thumbnail","hentry","category-gundm"],"aioseo_notices":[],"_links":{"self":[{"href":"https:\/\/fedai.az\/index.php?rest_route=\/wp\/v2\/posts\/51704","targetHints":{"allow":["GET"]}}],"collection":[{"href":"https:\/\/fedai.az\/index.php?rest_route=\/wp\/v2\/posts"}],"about":[{"href":"https:\/\/fedai.az\/index.php?rest_route=\/wp\/v2\/types\/post"}],"author":[{"embeddable":true,"href":"https:\/\/fedai.az\/index.php?rest_route=\/wp\/v2\/users\/2"}],"replies":[{"embeddable":true,"href":"https:\/\/fedai.az\/index.php?rest_route=%2Fwp%2Fv2%2Fcomments&post=51704"}],"version-history":[{"count":2,"href":"https:\/\/fedai.az\/index.php?rest_route=\/wp\/v2\/posts\/51704\/revisions"}],"predecessor-version":[{"id":51712,"href":"https:\/\/fedai.az\/index.php?rest_route=\/wp\/v2\/posts\/51704\/revisions\/51712"}],"wp:featuredmedia":[{"embeddable":true,"href":"https:\/\/fedai.az\/index.php?rest_route=\/wp\/v2\/media\/51705"}],"wp:attachment":[{"href":"https:\/\/fedai.az\/index.php?rest_route=%2Fwp%2Fv2%2Fmedia&parent=51704"}],"wp:term":[{"taxonomy":"category","embeddable":true,"href":"https:\/\/fedai.az\/index.php?rest_route=%2Fwp%2Fv2%2Fcategories&post=51704"},{"taxonomy":"post_tag","embeddable":true,"href":"https:\/\/fedai.az\/index.php?rest_route=%2Fwp%2Fv2%2Ftags&post=51704"}],"curies":[{"name":"wp","href":"https:\/\/api.w.org\/{rel}","templated":true}]}}