{"id":51720,"date":"2021-10-22T01:22:03","date_gmt":"2021-10-21T21:22:03","guid":{"rendered":"https:\/\/fedai.az\/?p=51720"},"modified":"2021-10-22T01:22:36","modified_gmt":"2021-10-21T21:22:36","slug":"x%c9%99rc%c9%99ngd%c9%99n-sagalan-xususi-t%c9%99yinatli-komandir%c9%99-m%c9%99nzil-verildi","status":"publish","type":"post","link":"https:\/\/fedai.az\/?p=51720","title":{"rendered":"X\u0259r\u00e7\u0259ngd\u0259n sa\u011falan X\u00fcsusi T\u0259yinatl\u0131 komandir\u0259 m\u0259nzil verildi"},"content":{"rendered":"\n<p><strong>V\u0259t\u0259n M\u00fcharib\u0259si q\u0259hr\u0259man\u0131, X\u00fcsusi T\u0259yinatl\u0131 k\u0259\u015ffiyyat b\u00f6l\u00fcy\u00fcn\u00fcn komandiri, ba\u015f leytenant Q\u0259z\u0259nf\u0259r A\u011fayev m\u0259nzill\u0259 t\u0259min olunub.<\/strong><\/p>\n\n\n\n<p>Bu bar\u0259d\u0259 \u018fm\u0259k v\u0259 \u018fhalinin Sosial M\u00fcdafi\u0259si Nazirliyinin tabeliyind\u0259 Sosial Xidm\u0259tl\u0259r Agentliyinin m\u0259tbuat katibi Murad H\u0259\u015fimov Facebookda payla\u015f\u0131m edib.<\/p>\n\n\n\n<p>\u201cV\u0259t\u0259n M\u00fcharib\u0259si q\u0259hr\u0259man\u0131m\u0131z Q\u0259z\u0259nf\u0259r A\u011fayev d\u0259 d\u00f6vl\u0259timiz t\u0259r\u0259find\u0259n m\u0259nzill\u0259 t\u0259min olunanlar siyah\u0131s\u0131ndad\u0131r. Yeni m\u0259nzilind\u0259 xo\u015f g\u00fcnl\u0259r ya\u015fas\u0131n!\u201d, &#8212; o qeyd edib.<\/p>\n\n\n\n<p>Qeyd ed\u0259k ki, Q.A\u011fayev m\u00fcharib\u0259d\u0259 yaralanmaqla yana\u015f\u0131, x\u0259r\u00e7\u0259ng x\u0259st\u0259liyind\u0259n d\u0259 \u0259ziyy\u0259t \u00e7\u0259kirdi. O, bir m\u00fcdd\u0259t \u0259vv\u0259l YA\u015eAT Fondu t\u0259r\u0259find\u0259n T\u00fcrkiy\u0259y\u0259 g\u00f6nd\u0259rilmi\u015f, m\u00fcayin\u0259l\u0259rin n\u0259tic\u0259sin\u0259 \u0259sas\u0259n, h\u0259kiml\u0259r t\u0259r\u0259find\u0259n \u00f6lk\u0259mizd\u0259 apar\u0131lan m\u00fcalic\u0259nin effektiv n\u0259tic\u0259 verm\u0259si bildirilmi\u015f, onda x\u0259r\u00e7\u0259ng h\u00fcceyr\u0259l\u0259rinin a\u015fkar edilm\u0259diyi bar\u0259d\u0259 r\u0259y verilmi\u015fdi.<\/p>\n","protected":false},"excerpt":{"rendered":"<p>V\u0259t\u0259n M\u00fcharib\u0259si q\u0259hr\u0259man\u0131, X\u00fcsusi T\u0259yinatl\u0131 k\u0259\u015ffiyyat b\u00f6l\u00fcy\u00fcn\u00fcn komandiri, ba\u015f leytenant Q\u0259z\u0259nf\u0259r A\u011fayev m\u0259nzill\u0259 t\u0259min olunub. Bu bar\u0259d\u0259 \u018fm\u0259k v\u0259 \u018fhalinin Sosial M\u00fcdafi\u0259si Nazirliyinin tabeliyind\u0259<\/p>\n","protected":false},"author":2,"featured_media":51722,"comment_status":"closed","ping_status":"closed","sticky":false,"template":"","format":"standard","meta":{"footnotes":""},"categories":[12],"tags":[],"class_list":["post-51720","post","type-post","status-publish","format-standard","has-post-thumbnail","hentry","category-sosial"],"aioseo_notices":[],"_links":{"self":[{"href":"https:\/\/fedai.az\/index.php?rest_route=\/wp\/v2\/posts\/51720","targetHints":{"allow":["GET"]}}],"collection":[{"href":"https:\/\/fedai.az\/index.php?rest_route=\/wp\/v2\/posts"}],"about":[{"href":"https:\/\/fedai.az\/index.php?rest_route=\/wp\/v2\/types\/post"}],"author":[{"embeddable":true,"href":"https:\/\/fedai.az\/index.php?rest_route=\/wp\/v2\/users\/2"}],"replies":[{"embeddable":true,"href":"https:\/\/fedai.az\/index.php?rest_route=%2Fwp%2Fv2%2Fcomments&post=51720"}],"version-history":[{"count":1,"href":"https:\/\/fedai.az\/index.php?rest_route=\/wp\/v2\/posts\/51720\/revisions"}],"predecessor-version":[{"id":51721,"href":"https:\/\/fedai.az\/index.php?rest_route=\/wp\/v2\/posts\/51720\/revisions\/51721"}],"wp:featuredmedia":[{"embeddable":true,"href":"https:\/\/fedai.az\/index.php?rest_route=\/wp\/v2\/media\/51722"}],"wp:attachment":[{"href":"https:\/\/fedai.az\/index.php?rest_route=%2Fwp%2Fv2%2Fmedia&parent=51720"}],"wp:term":[{"taxonomy":"category","embeddable":true,"href":"https:\/\/fedai.az\/index.php?rest_route=%2Fwp%2Fv2%2Fcategories&post=51720"},{"taxonomy":"post_tag","embeddable":true,"href":"https:\/\/fedai.az\/index.php?rest_route=%2Fwp%2Fv2%2Ftags&post=51720"}],"curies":[{"name":"wp","href":"https:\/\/api.w.org\/{rel}","templated":true}]}}