{"id":51739,"date":"2021-10-22T01:55:27","date_gmt":"2021-10-21T21:55:27","guid":{"rendered":"https:\/\/fedai.az\/?p=51739"},"modified":"2021-10-22T01:55:32","modified_gmt":"2021-10-21T21:55:32","slug":"gurcustan-strasburq-m%c9%99hk%c9%99m%c9%99sind%c9%99-rusiyani-novb%c9%99ti-d%c9%99f%c9%99-udub","status":"publish","type":"post","link":"https:\/\/fedai.az\/?p=51739","title":{"rendered":"G\u00fcrc\u00fcstan Strasburq m\u0259hk\u0259m\u0259sind\u0259 Rusiyan\u0131 n\u00f6vb\u0259ti d\u0259f\u0259 udub"},"content":{"rendered":"\n<p>\u00a0<strong>Avropa \u0130nsan H\u00fcquqlar\u0131 M\u0259hk\u0259m\u0259si 2008-ci il m\u00fcharib\u0259si il\u0259 ba\u011fl\u0131 G\u00fcrc\u00fcstana qar\u015f\u0131 iki i\u015f \u00fczr\u0259 q\u0259rar\u0131n\u0131 a\u00e7\u0131qlay\u0131b.<\/strong> <\/p>\n\n\n\n<p>\u00a0 Bu bar\u0259d\u0259 G\u00fcrc\u00fcstan\u0131n \u018fdliyy\u0259 Nazirliyind\u0259n bildirilib. \u00a0<\/p>\n\n\n\n<p> Strasburq m\u0259hk\u0259m\u0259si \u201cBekoyeva v\u0259 dig\u0259rl\u0259ri G\u00fcrc\u00fcstana qar\u015f\u0131\u201d v\u0259 \u201c\u015eavloxova v\u0259 dig\u0259rl\u0259ri G\u00fcrc\u00fcstana qar\u015f\u0131\u201d i\u015fl\u0259ri \u00fczr\u0259 m\u00fcraci\u0259tl\u0259ri q\u0259buledilm\u0259z hesab edib.<\/p>\n\n\n\n<p> \u00a0 \u015eikay\u0259tl\u0259rd\u0259 Tsxinvali b\u00f6lg\u0259sinin sakinl\u0259ri G\u00fcrc\u00fcstan\u0131 ittiham edibl\u0259r. Avropa M\u0259hk\u0259m\u0259si is\u0259 Rusiyan\u0131n Tsxinvali b\u00f6lg\u0259sini aktiv \u015f\u0259kild\u0259 bombalamas\u0131, G\u00fcrc\u00fcstan Silahl\u0131 Q\u00fcvv\u0259l\u0259rinin region v\u0259 \u0259traf\u0131na n\u0259zar\u0259t h\u0259yata ke\u00e7ir\u0259 bilm\u0259m\u0259si\u00a0il\u0259 ba\u011fl\u0131 r\u0259smi Tbilisi t\u0259r\u0259finin arqumentl\u0259ri il\u0259 raz\u0131la\u015f\u0131b. Bu s\u0259b\u0259bd\u0259n G\u00fcrc\u00fcstan t\u0259r\u0259fin\u0259 h\u0259r hans\u0131 bir pozuntunu aid etm\u0259k m\u00fcmk\u00fcn olmay\u0131b. <\/p>\n\n\n\n<p>\u00a0 Strasburq m\u0259hk\u0259m\u0259si h\u0259m\u00e7inin G\u00fcrc\u00fcstan t\u0259r\u0259finin ittihamlar\u0131n a\u00e7\u0131q \u015f\u0259kild\u0259 \u0259sasland\u0131r\u0131lmam\u0131\u015f olmas\u0131 il\u0259 ba\u011fl\u0131 arqumenti il\u0259 d\u0259 raz\u0131la\u015f\u0131b, bel\u0259 ki, iddialara minimum standarta uy\u011fun s\u00fcbutlar \u0259lav\u0259 edilm\u0259yib. <\/p>\n\n\n\n<p>\u00a0 Qeyd ed\u0259k ki, bu il G\u00fcrc\u00fcstan art\u0131q ikinci d\u0259f\u0259dir Avropa M\u0259hk\u0259m\u0259sind\u0259 Rusiyan\u0131 udur. Bel\u0259 ki, yanvar\u0131n 21-d\u0259 m\u0259hk\u0259m\u0259nin \u201cG\u00fcrc\u00fcstan Rusiyaya qar\u015f\u0131\u201d i\u015f \u00fczr\u0259 q\u0259bul etdiyi q\u0259rara \u0259sas\u0259n, Rusiya 2008-ci ilin avqustundak\u0131 m\u00fcharib\u0259 zaman\u0131 g\u00fcrc\u00fcl\u0259r\u0259 qar\u015f\u0131 etnik t\u0259mizl\u0259m\u0259 h\u0259yata ke\u00e7irib. <\/p>\n\n\n\n<p>M\u0259nb\u0259: Report <\/p>\n","protected":false},"excerpt":{"rendered":"<p>\u00a0Avropa \u0130nsan H\u00fcquqlar\u0131 M\u0259hk\u0259m\u0259si 2008-ci il m\u00fcharib\u0259si il\u0259 ba\u011fl\u0131 G\u00fcrc\u00fcstana qar\u015f\u0131 iki i\u015f \u00fczr\u0259 q\u0259rar\u0131n\u0131 a\u00e7\u0131qlay\u0131b. \u00a0 Bu bar\u0259d\u0259 G\u00fcrc\u00fcstan\u0131n \u018fdliyy\u0259 Nazirliyind\u0259n bildirilib. \u00a0<\/p>\n","protected":false},"author":2,"featured_media":51740,"comment_status":"closed","ping_status":"closed","sticky":false,"template":"","format":"standard","meta":{"footnotes":""},"categories":[1],"tags":[],"class_list":["post-51739","post","type-post","status-publish","format-standard","has-post-thumbnail","hentry","category-siyast"],"aioseo_notices":[],"_links":{"self":[{"href":"https:\/\/fedai.az\/index.php?rest_route=\/wp\/v2\/posts\/51739","targetHints":{"allow":["GET"]}}],"collection":[{"href":"https:\/\/fedai.az\/index.php?rest_route=\/wp\/v2\/posts"}],"about":[{"href":"https:\/\/fedai.az\/index.php?rest_route=\/wp\/v2\/types\/post"}],"author":[{"embeddable":true,"href":"https:\/\/fedai.az\/index.php?rest_route=\/wp\/v2\/users\/2"}],"replies":[{"embeddable":true,"href":"https:\/\/fedai.az\/index.php?rest_route=%2Fwp%2Fv2%2Fcomments&post=51739"}],"version-history":[{"count":1,"href":"https:\/\/fedai.az\/index.php?rest_route=\/wp\/v2\/posts\/51739\/revisions"}],"predecessor-version":[{"id":51741,"href":"https:\/\/fedai.az\/index.php?rest_route=\/wp\/v2\/posts\/51739\/revisions\/51741"}],"wp:featuredmedia":[{"embeddable":true,"href":"https:\/\/fedai.az\/index.php?rest_route=\/wp\/v2\/media\/51740"}],"wp:attachment":[{"href":"https:\/\/fedai.az\/index.php?rest_route=%2Fwp%2Fv2%2Fmedia&parent=51739"}],"wp:term":[{"taxonomy":"category","embeddable":true,"href":"https:\/\/fedai.az\/index.php?rest_route=%2Fwp%2Fv2%2Fcategories&post=51739"},{"taxonomy":"post_tag","embeddable":true,"href":"https:\/\/fedai.az\/index.php?rest_route=%2Fwp%2Fv2%2Ftags&post=51739"}],"curies":[{"name":"wp","href":"https:\/\/api.w.org\/{rel}","templated":true}]}}