{"id":51745,"date":"2021-10-22T02:09:18","date_gmt":"2021-10-21T22:09:18","guid":{"rendered":"https:\/\/fedai.az\/?p=51745"},"modified":"2021-10-22T02:09:21","modified_gmt":"2021-10-21T22:09:21","slug":"qaradag-rayonunda-s%c9%99hidin-anim-t%c9%99dbiri-kecirilib","status":"publish","type":"post","link":"https:\/\/fedai.az\/?p=51745","title":{"rendered":"Qarada\u011f rayonunda \u015f\u0259hidin An\u0131m t\u0259dbiri ke\u00e7irilib"},"content":{"rendered":"\n<p><strong>Qarada\u011f rayonu \u018fl\u0259t q\u0259s\u0259b\u0259si 302 sayl\u0131 orta m\u0259kt\u0259bd\u0259 \u015e\u0259hid Elnur \u0130brahimovun xatir\u0259sin\u0259 h\u0259sr olunmu\u015f m\u00f6ht\u0259\u015f\u0259m An\u0131m m\u0259rasimi ke\u00e7irildi.<\/strong><\/p>\n\n\n\n<p><br>T\u0259dbird\u0259 \u015f\u0259hid ail\u0259l\u0259ri, qazi v\u0259 veteranlar, Qarada\u011f rayonu \u0130cra Hakimiyy\u0259ti Ba\u015f\u00e7\u0131s\u0131n\u0131n birinci m\u00fcavini, rayonu YAP t\u0259\u015fkilat\u0131n\u0131n s\u0259dri, Milli m\u0259clisin deputat\u0131 Ayd\u0131n H\u00fcseynov, Az\u0259rbaycan V\u0259t\u0259n M\u00fcharib\u0259si Veteranlar\u0131 \u0130ctimai Birliyinin (AVMV\u0130B) Yasamal rayon t\u0259\u015fkilat\u0131n\u0131n s\u0259dri Salman H\u00fcseynov, Yasamal rayon G\u0259nc Qazil\u0259r \u015f\u00f6b\u0259sinin s\u0259dri Oruc Bax\u015f\u0259liyev \u00e7\u0131x\u0131\u015f etdil\u0259r.<\/p>\n\n\n\n<figure class=\"wp-block-image size-large\"><img loading=\"lazy\" decoding=\"async\" width=\"1024\" height=\"766\" src=\"https:\/\/fedai.az\/wp-content\/uploads\/2021\/10\/247328910_996049800941270_7992137306287886641_n-1024x766.jpg\" alt=\"\" class=\"wp-image-51746\" srcset=\"https:\/\/fedai.az\/wp-content\/uploads\/2021\/10\/247328910_996049800941270_7992137306287886641_n-1024x766.jpg 1024w, https:\/\/fedai.az\/wp-content\/uploads\/2021\/10\/247328910_996049800941270_7992137306287886641_n-300x224.jpg 300w, https:\/\/fedai.az\/wp-content\/uploads\/2021\/10\/247328910_996049800941270_7992137306287886641_n-150x112.jpg 150w, https:\/\/fedai.az\/wp-content\/uploads\/2021\/10\/247328910_996049800941270_7992137306287886641_n-768x574.jpg 768w, https:\/\/fedai.az\/wp-content\/uploads\/2021\/10\/247328910_996049800941270_7992137306287886641_n.jpg 1280w\" sizes=\"auto, (max-width: 1024px) 100vw, 1024px\" \/><\/figure>\n\n\n\n<p><br>M\u0259kt\u0259blil\u0259r haz\u0131rlad\u0131\u011f\u0131 \u0259d\u0259bi-b\u0259dii kompozisiyalar\u0131 n\u00fcmayi\u015f etdirdil\u0259r.<\/p>\n\n\n\n<p><br><strong>Allah \u015f\u0259hidl\u0259r\u0259 r\u0259hm\u0259t el\u0259sin!<\/strong><\/p>\n\n\n\n<p><strong><br>M\u0259tn v\u0259 fotolar Orxan H\u00fcseynova m\u0259xsusdur<\/strong><\/p>\n\n\n\n<figure class=\"wp-block-image size-large\"><img loading=\"lazy\" decoding=\"async\" width=\"1024\" height=\"766\" src=\"https:\/\/fedai.az\/wp-content\/uploads\/2021\/10\/247398537_1106582400146088_1834197343967305046_n-1024x766.jpg\" alt=\"\" class=\"wp-image-51747\" srcset=\"https:\/\/fedai.az\/wp-content\/uploads\/2021\/10\/247398537_1106582400146088_1834197343967305046_n-1024x766.jpg 1024w, https:\/\/fedai.az\/wp-content\/uploads\/2021\/10\/247398537_1106582400146088_1834197343967305046_n-300x224.jpg 300w, https:\/\/fedai.az\/wp-content\/uploads\/2021\/10\/247398537_1106582400146088_1834197343967305046_n-150x112.jpg 150w, https:\/\/fedai.az\/wp-content\/uploads\/2021\/10\/247398537_1106582400146088_1834197343967305046_n-768x574.jpg 768w, https:\/\/fedai.az\/wp-content\/uploads\/2021\/10\/247398537_1106582400146088_1834197343967305046_n.jpg 1280w\" sizes=\"auto, (max-width: 1024px) 100vw, 1024px\" \/><\/figure>\n\n\n\n<figure class=\"wp-block-image size-large\"><img loading=\"lazy\" decoding=\"async\" width=\"1024\" height=\"768\" src=\"https:\/\/fedai.az\/wp-content\/uploads\/2021\/10\/247411592_200243335582821_3606903134773135732_n-1024x768.jpg\" alt=\"\" class=\"wp-image-51748\" srcset=\"https:\/\/fedai.az\/wp-content\/uploads\/2021\/10\/247411592_200243335582821_3606903134773135732_n-1024x768.jpg 1024w, https:\/\/fedai.az\/wp-content\/uploads\/2021\/10\/247411592_200243335582821_3606903134773135732_n-300x225.jpg 300w, https:\/\/fedai.az\/wp-content\/uploads\/2021\/10\/247411592_200243335582821_3606903134773135732_n-150x113.jpg 150w, https:\/\/fedai.az\/wp-content\/uploads\/2021\/10\/247411592_200243335582821_3606903134773135732_n-768x576.jpg 768w, https:\/\/fedai.az\/wp-content\/uploads\/2021\/10\/247411592_200243335582821_3606903134773135732_n.jpg 1280w\" sizes=\"auto, (max-width: 1024px) 100vw, 1024px\" \/><\/figure>\n","protected":false},"excerpt":{"rendered":"<p>Qarada\u011f rayonu \u018fl\u0259t q\u0259s\u0259b\u0259si 302 sayl\u0131 orta m\u0259kt\u0259bd\u0259 \u015e\u0259hid Elnur \u0130brahimovun xatir\u0259sin\u0259 h\u0259sr olunmu\u015f m\u00f6ht\u0259\u015f\u0259m An\u0131m m\u0259rasimi ke\u00e7irildi. T\u0259dbird\u0259 \u015f\u0259hid ail\u0259l\u0259ri, qazi v\u0259 veteranlar,<\/p>\n","protected":false},"author":2,"featured_media":51749,"comment_status":"closed","ping_status":"closed","sticky":false,"template":"","format":"standard","meta":{"footnotes":""},"categories":[5],"tags":[],"class_list":["post-51745","post","type-post","status-publish","format-standard","has-post-thumbnail","hentry","category-veteran"],"aioseo_notices":[],"_links":{"self":[{"href":"https:\/\/fedai.az\/index.php?rest_route=\/wp\/v2\/posts\/51745","targetHints":{"allow":["GET"]}}],"collection":[{"href":"https:\/\/fedai.az\/index.php?rest_route=\/wp\/v2\/posts"}],"about":[{"href":"https:\/\/fedai.az\/index.php?rest_route=\/wp\/v2\/types\/post"}],"author":[{"embeddable":true,"href":"https:\/\/fedai.az\/index.php?rest_route=\/wp\/v2\/users\/2"}],"replies":[{"embeddable":true,"href":"https:\/\/fedai.az\/index.php?rest_route=%2Fwp%2Fv2%2Fcomments&post=51745"}],"version-history":[{"count":1,"href":"https:\/\/fedai.az\/index.php?rest_route=\/wp\/v2\/posts\/51745\/revisions"}],"predecessor-version":[{"id":51750,"href":"https:\/\/fedai.az\/index.php?rest_route=\/wp\/v2\/posts\/51745\/revisions\/51750"}],"wp:featuredmedia":[{"embeddable":true,"href":"https:\/\/fedai.az\/index.php?rest_route=\/wp\/v2\/media\/51749"}],"wp:attachment":[{"href":"https:\/\/fedai.az\/index.php?rest_route=%2Fwp%2Fv2%2Fmedia&parent=51745"}],"wp:term":[{"taxonomy":"category","embeddable":true,"href":"https:\/\/fedai.az\/index.php?rest_route=%2Fwp%2Fv2%2Fcategories&post=51745"},{"taxonomy":"post_tag","embeddable":true,"href":"https:\/\/fedai.az\/index.php?rest_route=%2Fwp%2Fv2%2Ftags&post=51745"}],"curies":[{"name":"wp","href":"https:\/\/api.w.org\/{rel}","templated":true}]}}