{"id":51760,"date":"2021-10-22T02:35:47","date_gmt":"2021-10-21T22:35:47","guid":{"rendered":"https:\/\/fedai.az\/?p=51760"},"modified":"2021-10-22T02:35:50","modified_gmt":"2021-10-21T22:35:50","slug":"moskvada-az%c9%99rbaycan-rusiya-v%c9%99-erm%c9%99nistan-bas-nazir-muavinl%c9%99ri-gorusund%c9%99-raziliq-%c9%99ld%c9%99-olunmayib","status":"publish","type":"post","link":"https:\/\/fedai.az\/?p=51760","title":{"rendered":"Moskvada Az\u0259rbaycan, Rusiya v\u0259 Erm\u0259nistan ba\u015f nazir m\u00fcavinl\u0259ri g\u00f6r\u00fc\u015f\u00fcnd\u0259 raz\u0131l\u0131q \u0259ld\u0259 olunmay\u0131b"},"content":{"rendered":"\n<p><strong>Oktyabr\u0131n 20-d\u0259 Moskvada Az\u0259rbaycan, Rusiya v\u0259 Erm\u0259nistan ba\u015f nazirl\u0259ri m\u00fcavinl\u0259rinin s\u0259drliyi il\u0259 ke\u00e7irilmi\u015f \u00fc\u00e7t\u0259r\u0259fli i\u015f\u00e7i qrupun 8-ci iclas\u0131nda C\u0259nubi Qafqazda n\u0259qliyyat kommunikasiyalar\u0131n\u0131n b\u0259rpas\u0131 perspektivl\u0259ri n\u0259z\u0259rd\u0259n ke\u00e7irilib.<\/strong><\/p>\n\n\n\n<p>Rusiya h\u00f6kum\u0259tinin yayd\u0131\u011f\u0131 m\u0259lumata g\u00f6r\u0259, iclasda Az\u0259rbaycan, Rusiya v\u0259 Erm\u0259nistan liderl\u0259rinin 2021-ci il yanvar\u0131n 11-d\u0259 imzalad\u0131qlar\u0131 B\u0259yanat \u00e7\u0259r\u00e7iv\u0259sind\u0259 g\u00f6r\u00fcl\u0259n i\u015fl\u0259rin gedi\u015fi m\u00fczakir\u0259 olunub.<\/p>\n\n\n\n<p>G\u00f6r\u00fc\u015fd\u0259 Az\u0259rbaycan ba\u015f nazirinin m\u00fcavini \u015eahin Mustafayev, Rusiya ba\u015f nazirinin m\u00fcavini Aleksey Over\u00e7uk v\u0259 Erm\u0259nistan ba\u015f nazirinin m\u00fcavini Mger Qriqoryan i\u015ftirak edibl\u0259r.<\/p>\n\n\n\n<p>Rusiya h\u00f6kum\u0259tinin verdiyi m\u0259lumata g\u00f6r\u0259, t\u0259r\u0259fl\u0259r 8-ci iclas\u0131n ikinci hiss\u0259sinin yax\u0131n vaxtlarda ke\u00e7irilm\u0259sin\u0259 raz\u0131la\u015f\u0131blar.<\/p>\n\n\n\n<p>Az\u0259rbaycan g\u00f6r\u00fc\u015fl\u0259 ba\u011fl\u0131 t\u0259f\u0259rr\u00fcatl\u0131 m\u0259lumat verm\u0259yib.<\/p>\n\n\n\n<p>Azadl\u0131q Radiosunun erm\u0259ni xidm\u0259ti yaz\u0131r ki, g\u00f6r\u00fc\u015f ba\u011fl\u0131 qap\u0131lar arxas\u0131nda ke\u00e7ib.<\/p>\n\n\n\n<p>Media orqan\u0131 \u00f6z m\u0259nb\u0259l\u0259rin\u0259 istinad\u0259n x\u0259b\u0259r verir ki, t\u0259r\u0259fl\u0259r \u0259sas m\u0259s\u0259l\u0259l\u0259rl\u0259 ba\u011fl\u0131 h\u0259l\u0259 raz\u0131l\u0131\u011fa g\u0259l\u0259 bilm\u0259yibl\u0259r.<\/p>\n\n\n\n<p>Oktyabr\u0131n 20-d\u0259 \u0130kinci Qaraba\u011f m\u00fcharib\u0259si zaman\u0131 i\u015f\u011faldan azad olunmu\u015f, Erm\u0259nistanla s\u0259rh\u0259dd\u0259 yerl\u0259\u015f\u0259n Z\u0259ngilana s\u0259f\u0259r ed\u0259n Az\u0259rbaycan Prezidenti Z\u0259ngilanda beyn\u0259lxalq hava liman\u0131n\u0131n olaca\u011f\u0131n\u0131 v\u0259 rayonun \u00f6lk\u0259nin n\u0259qliyyat-logistika m\u0259rk\u0259zin\u0259 \u00e7evril\u0259c\u0259yini deyib.<\/p>\n\n\n\n<p>O \u0259lav\u0259 edib ki, Moskvadak\u0131 \u00fc\u00e7t\u0259r\u0259fli i\u015f\u00e7i qrupun g\u00f6r\u00fc\u015f\u00fcnd\u0259 n\u0259qliyyat kommunikasiyas\u0131 il\u0259 ba\u011fl\u0131 Az\u0259rbaycan\u0131n m\u00f6vqeyi bir daha s\u0259sl\u0259n\u0259c\u0259k: &#171;Bel\u0259likl\u0259, Z\u0259ngilanda m\u00fcasir logistika-n\u0259qliyyat m\u0259rk\u0259zi, y\u00fck t\u0259yyar\u0259l\u0259ri, s\u0259rni\u015fin t\u0259yyar\u0259l\u0259ri, d\u0259mir yolu qov\u015fa\u011f\u0131, avtomobil yollar\u0131 &#8212; b\u00fct\u00fcn infrastruktur qurulacaq&#187;.<\/p>\n\n\n\n<p>Erm\u0259nistan ba\u015f nazirin m\u00fcavini Mher Qriqoryan Moskva s\u0259f\u0259rind\u0259n \u0259vv\u0259l jurnalistl\u0259r\u0259 verdiyi a\u00e7\u0131qlamas\u0131nda bildirmi\u015fdi ki, Erm\u0259nistan\u0131n regionda kommunikasiyalar\u0131n b\u0259rpas\u0131 v\u0259 d\u0259miryolunun a\u00e7\u0131lmas\u0131na dair &#171;m\u00fc\u0259yy\u0259n t\u0259s\u0259vv\u00fcrl\u0259ri&#187; var.<\/p>\n\n\n\n<p>Bu g\u00f6r\u00fc\u015f \u0259r\u0259f\u0259sind\u0259 Erm\u0259nistan medias\u0131 Az\u0259rbaycan\u0131n Erm\u0259nistana 5 erm\u0259ni h\u0259rb\u00e7isini geri verdiyini bildirib. Erm\u0259nistan m\u00fcharib\u0259d\u0259n sonra saxlanan erm\u0259ni h\u0259rb\u00e7il\u0259rin &#171;\u0259sir&#187; oldu\u011funu deyir, Az\u0259rbaycan is\u0259 bildirir ki, onlar m\u00fcharib\u0259nin bitm\u0259sind\u0259n sonra \u00f6lk\u0259y\u0259 daxil olub v\u0259 anti-terror \u0259m\u0259liyyat\u0131 zaman\u0131 saxlanaraq m\u0259hk\u0259m\u0259d\u0259 m\u00fchakim\u0259 edilibl\u0259r.<\/p>\n\n\n\n<p><strong>Az\u0259rbaycan v\u0259 Erm\u0259nistan 1 il \u0259vv\u0259l ba\u015f vermis v\u0259 44 g\u00fcn \u00e7\u0259kmi\u015f \u0130kinci Qaraba\u011f m\u00fcharib\u0259sind\u0259n sonra regionda n\u0259qliyyat kommunikasiyalar\u0131n\u0131n a\u00e7\u0131lmas\u0131n\u0131 ist\u0259s\u0259l\u0259r d\u0259, h\u0259l\u0259lik bu istiqam\u0259td\u0259 konkret add\u0131mlar at\u0131lmas\u0131 \u00fc\u00e7\u00fcn raz\u0131l\u0131\u011fa g\u0259l\u0259 bilm\u0259yibl\u0259r.<\/strong><\/p>\n\n\n\n<p>M\u0259nb\u0259: BBC<\/p>\n","protected":false},"excerpt":{"rendered":"<p>Oktyabr\u0131n 20-d\u0259 Moskvada Az\u0259rbaycan, Rusiya v\u0259 Erm\u0259nistan ba\u015f nazirl\u0259ri m\u00fcavinl\u0259rinin s\u0259drliyi il\u0259 ke\u00e7irilmi\u015f \u00fc\u00e7t\u0259r\u0259fli i\u015f\u00e7i qrupun 8-ci iclas\u0131nda C\u0259nubi Qafqazda n\u0259qliyyat kommunikasiyalar\u0131n\u0131n b\u0259rpas\u0131 perspektivl\u0259ri<\/p>\n","protected":false},"author":2,"featured_media":51761,"comment_status":"closed","ping_status":"closed","sticky":false,"template":"","format":"standard","meta":{"footnotes":""},"categories":[4],"tags":[],"class_list":["post-51760","post","type-post","status-publish","format-standard","has-post-thumbnail","hentry","category-qarabag"],"aioseo_notices":[],"_links":{"self":[{"href":"https:\/\/fedai.az\/index.php?rest_route=\/wp\/v2\/posts\/51760","targetHints":{"allow":["GET"]}}],"collection":[{"href":"https:\/\/fedai.az\/index.php?rest_route=\/wp\/v2\/posts"}],"about":[{"href":"https:\/\/fedai.az\/index.php?rest_route=\/wp\/v2\/types\/post"}],"author":[{"embeddable":true,"href":"https:\/\/fedai.az\/index.php?rest_route=\/wp\/v2\/users\/2"}],"replies":[{"embeddable":true,"href":"https:\/\/fedai.az\/index.php?rest_route=%2Fwp%2Fv2%2Fcomments&post=51760"}],"version-history":[{"count":1,"href":"https:\/\/fedai.az\/index.php?rest_route=\/wp\/v2\/posts\/51760\/revisions"}],"predecessor-version":[{"id":51762,"href":"https:\/\/fedai.az\/index.php?rest_route=\/wp\/v2\/posts\/51760\/revisions\/51762"}],"wp:featuredmedia":[{"embeddable":true,"href":"https:\/\/fedai.az\/index.php?rest_route=\/wp\/v2\/media\/51761"}],"wp:attachment":[{"href":"https:\/\/fedai.az\/index.php?rest_route=%2Fwp%2Fv2%2Fmedia&parent=51760"}],"wp:term":[{"taxonomy":"category","embeddable":true,"href":"https:\/\/fedai.az\/index.php?rest_route=%2Fwp%2Fv2%2Fcategories&post=51760"},{"taxonomy":"post_tag","embeddable":true,"href":"https:\/\/fedai.az\/index.php?rest_route=%2Fwp%2Fv2%2Ftags&post=51760"}],"curies":[{"name":"wp","href":"https:\/\/api.w.org\/{rel}","templated":true}]}}