{"id":51763,"date":"2021-10-22T12:22:31","date_gmt":"2021-10-22T08:22:31","guid":{"rendered":"https:\/\/fedai.az\/?p=51763"},"modified":"2021-10-22T12:22:36","modified_gmt":"2021-10-22T08:22:36","slug":"onlar-erm%c9%99nistanin-r%c9%99smi-x%c9%99b%c9%99r-agentlikl%c9%99ri-kimi-h%c9%99r%c9%99k%c9%99t-etdil%c9%99r-%c9%99rdogan","status":"publish","type":"post","link":"https:\/\/fedai.az\/?p=51763","title":{"rendered":"Onlar Erm\u0259nistan\u0131n r\u0259smi x\u0259b\u0259r agentlikl\u0259ri kimi h\u0259r\u0259k\u0259t etdil\u0259r &#8212; \u018frdo\u011fan"},"content":{"rendered":"\n<p><strong>44 g\u00fcn davam ed\u0259n Qaraba\u011f m\u00fcharib\u0259sind\u0259 beyn\u0259lxalq median\u0131n iki\u00fczlu davran\u0131\u015f\u0131n\u0131n \u015fahidi olduq.<\/strong><\/p>\n\n\n\n<p>Erm\u0259nistan ordusunun Az\u0259rbaycan\u0131n m\u00fclki v\u0259t\u0259nda\u015flar\u0131n\u0131 ballistik raketl\u0259rl\u0259 q\u0259tl\u0259 yetirm\u0259si he\u00e7 g\u00fcnd\u0259m\u0259 g\u0259tirilm\u0259di.<\/p>\n\n\n\n<p>Bunu T\u00fcrkiy\u0259 Prezidenti R\u0259c\u0259b Tayyib \u018frdo\u011fan T\u00fcrk \u015euras\u0131n\u0131n Media forumunda \u00e7\u0131x\u0131\u015f\u0131 zaman deyib.<\/p>\n\n\n\n<p>R.T.\u018frdo\u011fan bildirib ki, media m\u00fcst\u0259qilliyind\u0259n v\u0259 obyektivlikd\u0259n b\u0259hs ed\u0259n beyn\u0259lxalq media orqanlar\u0131 Erm\u0259nistan\u0131n r\u0259smi x\u0259b\u0259r agentlikl\u0259ri kimi h\u0259r\u0259k\u0259t etdil\u0259r.<\/p>\n\n\n\n<p>M\u0259nb\u0259: Teleqraf.com<\/p>\n","protected":false},"excerpt":{"rendered":"<p>44 g\u00fcn davam ed\u0259n Qaraba\u011f m\u00fcharib\u0259sind\u0259 beyn\u0259lxalq median\u0131n iki\u00fczlu davran\u0131\u015f\u0131n\u0131n \u015fahidi olduq. Erm\u0259nistan ordusunun Az\u0259rbaycan\u0131n m\u00fclki v\u0259t\u0259nda\u015flar\u0131n\u0131 ballistik raketl\u0259rl\u0259 q\u0259tl\u0259 yetirm\u0259si he\u00e7 g\u00fcnd\u0259m\u0259 g\u0259tirilm\u0259di.<\/p>\n","protected":false},"author":2,"featured_media":50944,"comment_status":"closed","ping_status":"closed","sticky":false,"template":"","format":"standard","meta":{"footnotes":""},"categories":[4],"tags":[],"class_list":["post-51763","post","type-post","status-publish","format-standard","has-post-thumbnail","hentry","category-qarabag"],"aioseo_notices":[],"_links":{"self":[{"href":"https:\/\/fedai.az\/index.php?rest_route=\/wp\/v2\/posts\/51763","targetHints":{"allow":["GET"]}}],"collection":[{"href":"https:\/\/fedai.az\/index.php?rest_route=\/wp\/v2\/posts"}],"about":[{"href":"https:\/\/fedai.az\/index.php?rest_route=\/wp\/v2\/types\/post"}],"author":[{"embeddable":true,"href":"https:\/\/fedai.az\/index.php?rest_route=\/wp\/v2\/users\/2"}],"replies":[{"embeddable":true,"href":"https:\/\/fedai.az\/index.php?rest_route=%2Fwp%2Fv2%2Fcomments&post=51763"}],"version-history":[{"count":1,"href":"https:\/\/fedai.az\/index.php?rest_route=\/wp\/v2\/posts\/51763\/revisions"}],"predecessor-version":[{"id":51764,"href":"https:\/\/fedai.az\/index.php?rest_route=\/wp\/v2\/posts\/51763\/revisions\/51764"}],"wp:featuredmedia":[{"embeddable":true,"href":"https:\/\/fedai.az\/index.php?rest_route=\/wp\/v2\/media\/50944"}],"wp:attachment":[{"href":"https:\/\/fedai.az\/index.php?rest_route=%2Fwp%2Fv2%2Fmedia&parent=51763"}],"wp:term":[{"taxonomy":"category","embeddable":true,"href":"https:\/\/fedai.az\/index.php?rest_route=%2Fwp%2Fv2%2Fcategories&post=51763"},{"taxonomy":"post_tag","embeddable":true,"href":"https:\/\/fedai.az\/index.php?rest_route=%2Fwp%2Fv2%2Ftags&post=51763"}],"curies":[{"name":"wp","href":"https:\/\/api.w.org\/{rel}","templated":true}]}}