{"id":51767,"date":"2021-10-22T16:52:28","date_gmt":"2021-10-22T12:52:28","guid":{"rendered":"https:\/\/fedai.az\/?p=51767"},"modified":"2021-10-22T16:52:32","modified_gmt":"2021-10-22T12:52:32","slug":"ilham-%c9%99liyev-v%c9%99-mehriban-%c9%99liyeva-dost-m%c9%99rk%c9%99zinin-acilisinda","status":"publish","type":"post","link":"https:\/\/fedai.az\/?p=51767","title":{"rendered":"\u0130lham \u018fliyev v\u0259 Mehriban \u018fliyeva DOST M\u0259rk\u0259zinin a\u00e7\u0131l\u0131\u015f\u0131nda"},"content":{"rendered":"\n<p><strong>Az\u0259rbaycan Respublikas\u0131n\u0131n Prezidenti \u0130lham \u018fliyev, birinci xan\u0131m Mehriban \u018fliyeva v\u0259 q\u0131zlar\u0131 Leyla \u018fliyeva oktyabr\u0131n 22-d\u0259 Bak\u0131da DOST \u0130nkl\u00fcziv \u0130nki\u015faf v\u0259 Yarad\u0131c\u0131l\u0131q M\u0259rk\u0259zinin a\u00e7\u0131l\u0131\u015f\u0131nda i\u015ftirak edibl\u0259r.<\/strong><\/p>\n\n\n\n<p><br>Fedai.az x\u0259b\u0259r verir ki, \u0259m\u0259k v\u0259 \u0259halinin sosial m\u00fcdafi\u0259si naziri Sahil Babayev Prezident \u0130lham \u018fliyev\u0259, birinci xan\u0131m Mehriban \u018fliyevaya v\u0259 q\u0131zlar\u0131 Leyla \u018fliyevaya DOST \u0130nkl\u00fcziv \u0130nki\u015faf v\u0259 Yarad\u0131c\u0131l\u0131q M\u0259rk\u0259zind\u0259 yarad\u0131lan \u015f\u0259rait bar\u0259d\u0259 m\u0259lumat verib.<\/p>\n\n\n\n<p><br>Prezident \u0130lham \u018fliyevin r\u0259hb\u0259rliyi il\u0259 \u00f6lk\u0259mizd\u0259 h\u0259yata ke\u00e7iril\u0259n d\u00f6vl\u0259t siyas\u0259tind\u0259 sosial sah\u0259nin inki\u015faf\u0131na v\u0259 h\u0259ssas t\u0259b\u0259q\u0259nin sosial m\u0259s\u0259l\u0259l\u0259rinin h\u0259llin\u0259 daim x\u00fcsusi diqq\u0259t yetirilir. Bu istiqam\u0259td\u0259 d\u00f6vl\u0259t s\u0259viyy\u0259sind\u0259 icra olunan layih\u0259l\u0259rl\u0259 yana\u015f\u0131, Az\u0259rbaycan\u0131n birinci vitse-prezidenti Mehriban \u018fliyevan\u0131n t\u0259\u015f\u0259bb\u00fcsl\u0259ri d\u0259 x\u00fcsusi \u0259h\u0259miyy\u0259ti il\u0259 se\u00e7ilir. Bu bax\u0131mdan DOST \u0130nkl\u00fcziv \u0130nki\u015faf v\u0259 Yarad\u0131c\u0131l\u0131q M\u0259rk\u0259zinin yarad\u0131lmas\u0131n\u0131 da qeyd etm\u0259k olar. Birinci vitse-prezident Mehriban \u018fliyevan\u0131n t\u0259\u015f\u0259bb\u00fcs\u00fc il\u0259 yarad\u0131lan M\u0259rk\u0259zin \u0259sas m\u0259qs\u0259di \u0259lilliyi olan \u015f\u0259xsl\u0259rin, o c\u00fcml\u0259d\u0259n, m\u00fcharib\u0259 \u0259lill\u0259rinin, \u015f\u0259hid ail\u0259l\u0259ri \u00fczvl\u0259rinin, habel\u0259 sosial c\u0259h\u0259td\u0259n h\u0259ssas qruplar\u0131n yarad\u0131c\u0131 potensial\u0131n\u0131n, istedadlar\u0131n\u0131n, dig\u0259r bacar\u0131qlar\u0131n\u0131n ortaya \u00e7\u0131xar\u0131lmas\u0131na v\u0259 inki\u015faf\u0131na k\u00f6m\u0259k etm\u0259kdir. M\u0259rk\u0259zin tikintisi &#171;PA\u015eA Holding\u201d t\u0259r\u0259find\u0259n maliyy\u0259l\u0259\u015fdirilib, arxitektura, layih\u0259l\u0259ndirm\u0259 v\u0259 t\u0259\u015fkilati d\u0259st\u0259k is\u0259 &#171;Cobalt Architecture and Design\u201d \u015firk\u0259ti t\u0259r\u0259find\u0259n t\u0259min edilib. M\u0259rk\u0259z sosial t\u0259r\u0259fda\u015fl\u0131q prinsipin\u0259 uy\u011fun olaraq \u018fm\u0259k v\u0259 \u018fhalinin Sosial M\u00fcdafi\u0259si Nazirliyinin tabeliyin\u0259 verilib.<\/p>\n\n\n\n<figure class=\"wp-block-image size-large is-resized\"><img loading=\"lazy\" decoding=\"async\" src=\"https:\/\/fedai.az\/wp-content\/uploads\/2021\/10\/1634901790_41404503-7a48-3ffb-b19a-fb037ec4f06b_850.jpg\" alt=\"\" class=\"wp-image-51768\" width=\"926\" height=\"577\" srcset=\"https:\/\/fedai.az\/wp-content\/uploads\/2021\/10\/1634901790_41404503-7a48-3ffb-b19a-fb037ec4f06b_850.jpg 850w, https:\/\/fedai.az\/wp-content\/uploads\/2021\/10\/1634901790_41404503-7a48-3ffb-b19a-fb037ec4f06b_850-300x187.jpg 300w, https:\/\/fedai.az\/wp-content\/uploads\/2021\/10\/1634901790_41404503-7a48-3ffb-b19a-fb037ec4f06b_850-150x94.jpg 150w, https:\/\/fedai.az\/wp-content\/uploads\/2021\/10\/1634901790_41404503-7a48-3ffb-b19a-fb037ec4f06b_850-768x479.jpg 768w, https:\/\/fedai.az\/wp-content\/uploads\/2021\/10\/1634901790_41404503-7a48-3ffb-b19a-fb037ec4f06b_850-115x73.jpg 115w\" sizes=\"auto, (max-width: 926px) 100vw, 926px\" \/><\/figure>\n\n\n\n<p><br>Burada \u0259lilliyi olan \u015f\u0259xsl\u0259r\u0259 milli v\u0259 Avropa kulinariyas\u0131 \u00fczr\u0259 15 ya\u015fdan yuxar\u0131 5 n\u0259f\u0259rlik qrup \u00fc\u00e7\u00fcn t\u0259lim, h\u0259m\u00e7inin kulinariya yarmarkalar\u0131n\u0131n ke\u00e7irilm\u0259si, kulinariya verili\u015fl\u0259rinin \u00e7\u0259kilm\u0259si n\u0259z\u0259rd\u0259 tutulur.<\/p>\n\n\n\n<p>M\u0259rk\u0259zd\u0259ki audio-s\u0259syazma studiyas\u0131nda vokal bacar\u0131qlar\u0131n inki\u015faf etdirilm\u0259si, audio diskl\u0259rin v\u0259 solo albomlar\u0131n yaz\u0131lmas\u0131, video-\u00e7arxlar\u0131n, s\u0259n\u0259dli v\u0259 b\u0259dii filml\u0259rin, teletama\u015falar\u0131n dublyaj edilm\u0259si n\u0259z\u0259rd\u0259 tutulur. Studiyada ya\u015f m\u0259hdudiyy\u0259ti yoxdur.<\/p>\n\n\n\n<p><br>Floristika v\u0259 land\u015faft dizayn\u0131 studiyas\u0131nda is\u0259 dekorativ-t\u0259tbiqi s\u0259n\u0259t v\u0259 dizayn n\u00f6v\u00fc olan floristika v\u0259 land\u015faft dizayn\u0131n\u0131n t\u0259limi, s\u00fcni, qurudulmu\u015f v\u0259 canl\u0131 g\u00fcll\u0259rd\u0259n ibar\u0259t nat\u00fcrmortlar\u0131n haz\u0131rlanmas\u0131, g\u00fcl kompozisiyalar\u0131n\u0131n y\u0131\u011f\u0131lmas\u0131, terrarium v\u0259 bitki rezervuarlar\u0131n\u0131n dizayn\u0131 v\u0259 qura\u015fd\u0131r\u0131lmas\u0131 n\u0259z\u0259rd\u0259 tutulur. Studiyada eyni vaxtda 8 n\u0259f\u0259r\u0259, g\u00fcn \u0259rzind\u0259 2 qrupa t\u0259liml\u0259rin ke\u00e7irilm\u0259si m\u00fcmk\u00fcnd\u00fcr. <\/p>\n\n\n\n<p>T\u0259liml\u0259rd\u0259 ya\u015f\u0131 10-15-d\u0259n yuxar\u0131 olan \u015f\u0259xsl\u0259r i\u015ftirak ed\u0259 bil\u0259rl\u0259r.<\/p>\n\n\n\n<p><br>Metal v\u0259 a\u011fac oyma studiyas\u0131nda dekorativ-t\u0259tbiqi s\u0259n\u0259tin n\u00f6v\u00fc olan a\u011fac, metal, da\u015f \u00fcz\u0259rind\u0259 b\u0259dii oyma s\u0259n\u0259ti t\u0259dris edil\u0259c\u0259k. <\/p>\n\n\n\n<p>Studiyada art\u0131q a\u011fac \u00fcz\u0259rind\u0259 oyma \u00fcsulu il\u0259 haz\u0131rlanm\u0131\u015f musiqi al\u0259tl\u0259ri, milli m\u0259d\u0259niyy\u0259t abid\u0259l\u0259ri, heyk\u0259l v\u0259 fiqurlu kompozisiyalar t\u0259qdim olunur. Bu studiyada eyni vaxtda 8-10 ya\u015fdan yuxar\u0131 6 n\u0259f\u0259r\u0259, g\u00fcn \u0259rzind\u0259 2 qrupa t\u0259limin ke\u00e7irilm\u0259si m\u00fcmk\u00fcnd\u00fcr.<\/p>\n\n\n\n<figure class=\"wp-block-image size-large\"><img loading=\"lazy\" decoding=\"async\" width=\"1024\" height=\"652\" src=\"https:\/\/fedai.az\/wp-content\/uploads\/2021\/10\/1634901802_ccef87b8-b385-3e4a-8b40-146fe13ed270-1024x652.jpg\" alt=\"\" class=\"wp-image-51773\" srcset=\"https:\/\/fedai.az\/wp-content\/uploads\/2021\/10\/1634901802_ccef87b8-b385-3e4a-8b40-146fe13ed270-1024x652.jpg 1024w, https:\/\/fedai.az\/wp-content\/uploads\/2021\/10\/1634901802_ccef87b8-b385-3e4a-8b40-146fe13ed270-300x191.jpg 300w, https:\/\/fedai.az\/wp-content\/uploads\/2021\/10\/1634901802_ccef87b8-b385-3e4a-8b40-146fe13ed270-150x95.jpg 150w, https:\/\/fedai.az\/wp-content\/uploads\/2021\/10\/1634901802_ccef87b8-b385-3e4a-8b40-146fe13ed270-768x489.jpg 768w, https:\/\/fedai.az\/wp-content\/uploads\/2021\/10\/1634901802_ccef87b8-b385-3e4a-8b40-146fe13ed270-1536x978.jpg 1536w, https:\/\/fedai.az\/wp-content\/uploads\/2021\/10\/1634901802_ccef87b8-b385-3e4a-8b40-146fe13ed270-2048x1303.jpg 2048w, https:\/\/fedai.az\/wp-content\/uploads\/2021\/10\/1634901802_ccef87b8-b385-3e4a-8b40-146fe13ed270-115x73.jpg 115w\" sizes=\"auto, (max-width: 1024px) 100vw, 1024px\" \/><\/figure>\n\n\n\n<p><br>Xal\u00e7a\u00e7\u0131l\u0131q, tiki\u015f, toxuma v\u0259 tikm\u0259 studiyas\u0131nda dekorativ-t\u0259tbiqi s\u0259n\u0259tin \u0259sas n\u00f6v\u00fc olan Az\u0259rbaycan xal\u00e7a\u00e7\u0131l\u0131q s\u0259n\u0259ti v\u0259 onun m\u00fch\u00fcm 7 xal\u00e7a\u00e7\u0131l\u0131q m\u0259kt\u0259binin \u0259saslar\u0131 t\u0259dris edil\u0259c\u0259k. Burada ilm\u0259-nax\u0131\u015f texnikas\u0131, r\u0259ng ah\u0259nginin se\u00e7ilm\u0259si, yun ipl\u0259rin boyanmas\u0131, b\u0259dii tikm\u0259 n\u00f6v\u00fcn\u00fcn \u0259n q\u0259dim v\u0259 geni\u015f yay\u0131lm\u0131\u015f pil\u0259tikm\u0259 formas\u0131, q\u0131z\u0131l\u0131 saplarla, muncuqla milli v\u0259 m\u00fcasir geyiml\u0259rin i\u015fl\u0259nm\u0259si, dizayn\u0131 \u00f6yr\u0259dil\u0259c\u0259k. Studiyada eyni vaxtda 6-8 ya\u015fdan yuxar\u0131 7 n\u0259f\u0259r\u0259 t\u0259limin ke\u00e7irilm\u0259si m\u00fcmk\u00fcnd\u00fcr. G\u00fcn \u0259rzind\u0259 h\u0259r sah\u0259 \u00fczr\u0259 bir qrup t\u0259dris prosesind\u0259 i\u015ftirak ed\u0259c\u0259k.<\/p>\n\n\n\n<p><br>Musiqi studiyas\u0131nda Az\u0259rbaycan milli musiqi s\u0259n\u0259tinin, \u00e7al\u011f\u0131, vokal d\u0259rsl\u0259rinin t\u0259drisi n\u0259z\u0259rd\u0259 tutulur. Studiyada \u00e7al\u011f\u0131, vokal qabiliyy\u0259ti, musiqi biliyi olan 4 ya\u015fdan yuxar\u0131 20-25 n\u0259f\u0259r eyni vaxtda t\u0259liml\u0259r\u0259 qat\u0131lacaq. G\u0259l\u0259c\u0259kd\u0259 \u0259lilliyi olan musiqi\u00e7il\u0259rd\u0259n ibar\u0259t instrumental v\u0259 vokal ansambl\u0131n yarad\u0131lmas\u0131 n\u0259z\u0259rd\u0259 tutulur.<\/p>\n\n\n\n<p><br>M\u0259rk\u0259zin a\u00e7\u0131q havada m\u00fcxt\u0259lif t\u0259dbirl\u0259rin ke\u00e7irilm\u0259si \u00fc\u00e7\u00fcn geni\u015f h\u0259y\u0259tyan\u0131 sah\u0259si d\u0259 var. Burada reabilitasiya m\u0259qs\u0259di il\u0259 meditasiya, yoqa v\u0259 dig\u0259r fiziki t\u0259liml\u0259rin, m\u00fcxt\u0259lif s\u0259rgil\u0259rin, sat\u0131\u015f-s\u0259rgi yarmarkalar\u0131n\u0131n t\u0259\u015fkili, floristika v\u0259 land\u015faft dizayn\u0131 \u00fczr\u0259 t\u0259liml\u0259rin, h\u0259m\u00e7inin pavilyon kimi istifad\u0259 edil\u0259r\u0259k inkl\u00fcziv televiziya verili\u015fl\u0259rinin \u00e7\u0259kilm\u0259sin\u0259 \u015f\u0259rait var.<\/p>\n\n\n\n<p><br>M\u0259rk\u0259zin keramika studiyas\u0131nda dulus\u00e7uluq s\u0259n\u0259t n\u00f6v\u00fc \u00fczr\u0259 bacar\u0131qlar, o c\u00fcml\u0259d\u0259n keramik \u0259\u015fya, dekorativ m\u0259mulatlar\u0131n haz\u0131rlanmas\u0131 v\u0259 r\u0259ngl\u0259nm\u0259si, farfor qablar v\u0259 dekorativ m\u0259mulatlar\u0131n milli nax\u0131\u015flarla b\u0259z\u0259dilm\u0259si, dekorativ heyk\u0259lt\u0259ra\u015fl\u0131q \u00f6yr\u0259dil\u0259c\u0259k. Studiyada eyni vaxtda 8 ya\u015fdan yuxar\u0131 9 n\u0259f\u0259r\u0259 t\u0259lim ke\u00e7irilm\u0259si m\u00fcmk\u00fcnd\u00fcr.<\/p>\n\n\n\n<p>T\u0259sviri s\u0259n\u0259t studiyas\u0131nda k\u0259tan \u00fcz\u0259rind\u0259 ya\u011fl\u0131 boya, akvarell\u0259, ka\u011f\u0131z \u00fcz\u0259rind\u0259 qrafiti v\u0259 tu\u015f, vitraj boya vasit\u0259sil\u0259 \u015f\u00fc\u015f\u0259 \u00fcz\u0259rind\u0259, sulu boya il\u0259 ip\u0259k \u00fcz\u0259rind\u0259 r\u0259sm s\u0259n\u0259tinin \u00f6yr\u0259dilm\u0259si n\u0259z\u0259rd\u0259 tutulur. Studiyada 5 ya\u015fdan yuxar\u0131 eyni vaxtda 10 n\u0259f\u0259r\u0259, g\u00fcn \u0259rzind\u0259 2 qrupa t\u0259lim ke\u00e7iril\u0259c\u0259k.<\/p>\n\n\n\n<figure class=\"wp-block-image size-large\"><img loading=\"lazy\" decoding=\"async\" width=\"1024\" height=\"787\" src=\"https:\/\/fedai.az\/wp-content\/uploads\/2021\/10\/1634901790_67d69c7f-ca7c-3a67-8d0b-e52673a52f76-1-1024x787.jpg\" alt=\"\" class=\"wp-image-51770\" srcset=\"https:\/\/fedai.az\/wp-content\/uploads\/2021\/10\/1634901790_67d69c7f-ca7c-3a67-8d0b-e52673a52f76-1-1024x787.jpg 1024w, https:\/\/fedai.az\/wp-content\/uploads\/2021\/10\/1634901790_67d69c7f-ca7c-3a67-8d0b-e52673a52f76-1-300x231.jpg 300w, https:\/\/fedai.az\/wp-content\/uploads\/2021\/10\/1634901790_67d69c7f-ca7c-3a67-8d0b-e52673a52f76-1-150x115.jpg 150w, https:\/\/fedai.az\/wp-content\/uploads\/2021\/10\/1634901790_67d69c7f-ca7c-3a67-8d0b-e52673a52f76-1-768x590.jpg 768w, https:\/\/fedai.az\/wp-content\/uploads\/2021\/10\/1634901790_67d69c7f-ca7c-3a67-8d0b-e52673a52f76-1-1536x1180.jpg 1536w, https:\/\/fedai.az\/wp-content\/uploads\/2021\/10\/1634901790_67d69c7f-ca7c-3a67-8d0b-e52673a52f76-1-2048x1574.jpg 2048w, https:\/\/fedai.az\/wp-content\/uploads\/2021\/10\/1634901790_67d69c7f-ca7c-3a67-8d0b-e52673a52f76-1-345x265.jpg 345w\" sizes=\"auto, (max-width: 1024px) 100vw, 1024px\" \/><\/figure>\n\n\n\n<p><br>R\u0259qs zal\u0131nda fiziki m\u0259hdudiyy\u0259tli v\u0259 pe\u015f\u0259kar insanlar\u0131n birg\u0259 r\u0259qs t\u0259liminin ke\u00e7irilm\u0259si v\u0259 g\u0259l\u0259c\u0259kd\u0259 pe\u015f\u0259kar inkl\u00fcziv r\u0259qs kollektivinin yarad\u0131lmas\u0131 n\u0259z\u0259rd\u0259 tutulur. H\u0259m\u00e7inin burada yerli v\u0259 xarici xoreoqraflarla t\u0259liml\u0259r v\u0259 ustad d\u0259rsl\u0259ri d\u0259 planla\u015fd\u0131r\u0131l\u0131r. Zalda eyni vaxtda 30 n\u0259f\u0259r\u0259 r\u0259qs d\u0259rsl\u0259rinin ke\u00e7irilm\u0259si m\u00fcmk\u00fcnd\u00fcr. Pe\u015f\u0259kar r\u0259qs t\u0259limind\u0259 i\u015ftirak ed\u0259n \u0259lilliyi olan \u015f\u0259xsl\u0259r 10\u201334, inki\u015faf r\u0259qqaslar\u0131 is\u0259 15\u201334 ya\u015f aras\u0131nda olacaqlar. Dig\u0259r fizioloji reabilitasiya t\u0259limind\u0259 is\u0259 5 ya\u015fdan yuxar\u0131 \u015f\u0259xsl\u0259r i\u015ftirak ed\u0259 bil\u0259rl\u0259r.<\/p>\n\n\n\n<p>M\u0259rk\u0259zin 121 n\u0259f\u0259rlik auditoriyas\u0131nda kinoteatr v\u0259 teletama\u015falar\u0131n t\u0259qdimat\u0131 m\u00fcmk\u00fcnd\u00fcr. S\u0259hn\u0259d\u0259 m\u00fcasir plastika, musiqili janr \u00fcslublu v\u0259 emosional teatr qurulu\u015flar\u0131n\u0131n, m\u00fcxt\u0259lif musiqili konsert proqramlar\u0131n\u0131n, d\u00f6vl\u0259t \u0259h\u0259miyy\u0259tli t\u0259dbirl\u0259rin ke\u00e7irilm\u0259si \u00fc\u00e7\u00fcn \u015f\u0259rait yarad\u0131l\u0131b. Burada sosial m\u00fc\u0259ssis\u0259 sakinl\u0259ri \u00fc\u00e7\u00fcn \u00f6d\u0259ni\u015fsiz film n\u00fcmayi\u015fl\u0259ri planla\u015fd\u0131r\u0131l\u0131r. S\u0259hn\u0259d\u0259 eyni vaxtda 25-30 n\u0259f\u0259r t\u0259rkibd\u0259 teatr tama\u015falar\u0131n\u0131n v\u0259 konsertl\u0259rin ke\u00e7irilm\u0259si m\u00fcmk\u00fcnd\u00fcr.<\/p>\n\n\n\n<p><br>Prezident \u0130lham \u018fliyev\u0259, birinci xan\u0131m Mehriban \u018fliyevaya v\u0259 q\u0131zlar\u0131 Leyla \u018fliyevaya \u018fm\u0259k v\u0259 \u018fhalinin Sosial M\u00fcdafi\u0259si Nazirliyinin realla\u015fd\u0131rd\u0131\u011f\u0131 &#171;B\u0259rab\u0259rik\u201d televiziya layih\u0259si v\u0259 inkl\u00fcziv teatrlarla ba\u011fl\u0131 m\u0259lumat verilib.<\/p>\n\n\n\n<p>M\u0259rk\u0259zd\u0259 kitabxana da yarad\u0131l\u0131b. Burada Az\u0259rbaycan milli \u0259d\u0259biyyat\u0131na, h\u0259m\u00e7inin xarici dill\u0259rd\u0259 m\u00fcxt\u0259lif pe\u015f\u0259 v\u0259 s\u0259n\u0259t t\u0259drisin\u0259 dair kitablar var. Kitabxanada g\u00f6rm\u0259 m\u0259hdudiyy\u0259tli \u015f\u0259xsl\u0259rin b\u0259dii yarad\u0131c\u0131l\u0131\u011f\u0131n\u0131n inki\u015faf\u0131 \u00fc\u00e7\u00fcn brayl \u0259lifbas\u0131 il\u0259 kitablardan ibar\u0259t gu\u015f\u0259l\u0259rin yarad\u0131lmas\u0131, \u0259lilliyi olan \u015f\u0259xsl\u0259rin kitablar\u0131n\u0131n t\u0259qdimat\u0131n\u0131n, m\u0259\u015fhur yaz\u0131\u00e7\u0131lar\u0131n i\u015ftirak\u0131 il\u0259 qira\u0259t g\u00fcnl\u0259rinin, yerli v\u0259 xarici yazarlar\u0131n imza g\u00fcnl\u0259rinin ke\u00e7irilm\u0259si n\u0259z\u0259rd\u0259 tutulur.<\/p>\n\n\n\n<figure class=\"wp-block-image size-large is-resized\"><img loading=\"lazy\" decoding=\"async\" src=\"https:\/\/fedai.az\/wp-content\/uploads\/2021\/10\/1634901826_2390b174-aa67-3d82-a543-3c3dcabaeaa5.jpg\" alt=\"\" class=\"wp-image-51771\" width=\"925\" height=\"1174\" srcset=\"https:\/\/fedai.az\/wp-content\/uploads\/2021\/10\/1634901826_2390b174-aa67-3d82-a543-3c3dcabaeaa5.jpg 527w, https:\/\/fedai.az\/wp-content\/uploads\/2021\/10\/1634901826_2390b174-aa67-3d82-a543-3c3dcabaeaa5-236x300.jpg 236w, https:\/\/fedai.az\/wp-content\/uploads\/2021\/10\/1634901826_2390b174-aa67-3d82-a543-3c3dcabaeaa5-118x150.jpg 118w\" sizes=\"auto, (max-width: 925px) 100vw, 925px\" \/><\/figure>\n\n\n\n<p><br>\u0130nkl\u00fcziv \u0130nki\u015faf v\u0259 Yarad\u0131c\u0131l\u0131q M\u0259rk\u0259zind\u0259 60 n\u0259f\u0259r i\u015f\u00e7i hey\u0259t v\u0259 &#171;K\u00f6n\u00fcll\u00fc DOST\u201d \u00fczr\u0259 20 n\u0259f\u0259r k\u00f6n\u00fcll\u00fc f\u0259aliyy\u0259t g\u00f6st\u0259r\u0259c\u0259k.<\/p>\n\n\n\n<p><br>M\u0259rk\u0259zin yax\u0131nl\u0131\u011f\u0131ndak\u0131 \u00e7oxm\u0259rt\u0259b\u0259li binan\u0131n sakinl\u0259ri m\u0259nzill\u0259rinin eyvanlar\u0131ndan Prezident \u0130lham \u018fliyevi, birinci xan\u0131m Mehriban \u018fliyevan\u0131 v\u0259 q\u0131zlar\u0131 Leyla \u018fliyevan\u0131 salamlay\u0131blar.\u00a0<\/p>\n","protected":false},"excerpt":{"rendered":"<p>Az\u0259rbaycan Respublikas\u0131n\u0131n Prezidenti \u0130lham \u018fliyev, birinci xan\u0131m Mehriban \u018fliyeva v\u0259 q\u0131zlar\u0131 Leyla \u018fliyeva oktyabr\u0131n 22-d\u0259 Bak\u0131da DOST \u0130nkl\u00fcziv \u0130nki\u015faf v\u0259 Yarad\u0131c\u0131l\u0131q M\u0259rk\u0259zinin a\u00e7\u0131l\u0131\u015f\u0131nda i\u015ftirak<\/p>\n","protected":false},"author":2,"featured_media":51772,"comment_status":"closed","ping_status":"closed","sticky":false,"template":"","format":"standard","meta":{"footnotes":""},"categories":[3],"tags":[],"class_list":["post-51767","post","type-post","status-publish","format-standard","has-post-thumbnail","hentry","category-gundm"],"aioseo_notices":[],"_links":{"self":[{"href":"https:\/\/fedai.az\/index.php?rest_route=\/wp\/v2\/posts\/51767","targetHints":{"allow":["GET"]}}],"collection":[{"href":"https:\/\/fedai.az\/index.php?rest_route=\/wp\/v2\/posts"}],"about":[{"href":"https:\/\/fedai.az\/index.php?rest_route=\/wp\/v2\/types\/post"}],"author":[{"embeddable":true,"href":"https:\/\/fedai.az\/index.php?rest_route=\/wp\/v2\/users\/2"}],"replies":[{"embeddable":true,"href":"https:\/\/fedai.az\/index.php?rest_route=%2Fwp%2Fv2%2Fcomments&post=51767"}],"version-history":[{"count":1,"href":"https:\/\/fedai.az\/index.php?rest_route=\/wp\/v2\/posts\/51767\/revisions"}],"predecessor-version":[{"id":51774,"href":"https:\/\/fedai.az\/index.php?rest_route=\/wp\/v2\/posts\/51767\/revisions\/51774"}],"wp:featuredmedia":[{"embeddable":true,"href":"https:\/\/fedai.az\/index.php?rest_route=\/wp\/v2\/media\/51772"}],"wp:attachment":[{"href":"https:\/\/fedai.az\/index.php?rest_route=%2Fwp%2Fv2%2Fmedia&parent=51767"}],"wp:term":[{"taxonomy":"category","embeddable":true,"href":"https:\/\/fedai.az\/index.php?rest_route=%2Fwp%2Fv2%2Fcategories&post=51767"},{"taxonomy":"post_tag","embeddable":true,"href":"https:\/\/fedai.az\/index.php?rest_route=%2Fwp%2Fv2%2Ftags&post=51767"}],"curies":[{"name":"wp","href":"https:\/\/api.w.org\/{rel}","templated":true}]}}