{"id":51775,"date":"2021-10-22T17:13:11","date_gmt":"2021-10-22T13:13:11","guid":{"rendered":"https:\/\/fedai.az\/?p=51775"},"modified":"2021-10-22T17:13:14","modified_gmt":"2021-10-22T13:13:14","slug":"yeni-insa-edil%c9%99n-h%c9%99rbi-obyektl%c9%99r-istifad%c9%99y%c9%99-verildi-video","status":"publish","type":"post","link":"https:\/\/fedai.az\/?p=51775","title":{"rendered":"Yeni in\u015fa edil\u0259n h\u0259rbi obyektl\u0259r istifad\u0259y\u0259 verildi &#8212; Video"},"content":{"rendered":"\n<p><strong>Az\u0259rbaycan Respublikas\u0131n\u0131n Prezidenti, Silahl\u0131 Q\u00fcvv\u0259l\u0259rin Ali Ba\u015f Komandan\u0131 c\u0259nab \u0130lham \u018fliyevin g\u00f6st\u0259ri\u015fin\u0259 \u0259sas\u0259n, Az\u0259rbaycan Ordusunda h\u0259rbi qulluq\u00e7ular\u0131n sosial-m\u0259i\u015f\u0259t \u015f\u0259raitinin yax\u015f\u0131la\u015fd\u0131r\u0131lmas\u0131 istiqam\u0259tind\u0259 apar\u0131lan i\u015fl\u0259r davam etdirilir.<\/strong><\/p>\n\n\n\n<p>M\u00fcdafi\u0259 Nazirliyind\u0259n\u00a0veril\u0259n m\u0259lumata g\u00f6r\u0259, m\u00fcdafi\u0259 naziri general-polkovnik Zakir H\u0259s\u0259nov v\u0259 nazirliyin dig\u0259r r\u0259hb\u0259r hey\u0259ti azad olunan rayonlarda yeni in\u015fa edil\u0259n modul tipli qur\u011fular\u0131n, el\u0259c\u0259 d\u0259 \u0259sasl\u0131 t\u0259mir olunan yerl\u0259\u015fm\u0259 m\u0259nt\u0259q\u0259l\u0259rinin v\u0259 dig\u0259r h\u0259rbi t\u0259yinatl\u0131 obyektl\u0259rin a\u00e7\u0131l\u0131\u015f\u0131nda i\u015ftirak edibl\u0259r.<\/p>\n\n\n\n<p>M\u00fcdafi\u0259 nazirin\u0259 m\u0259ruz\u0259 edilib ki, m\u00fcasir avadanl\u0131q, mebel v\u0259 inventarlarla t\u0259chiz olunan kompleksl\u0259r h\u0259rbi qulluq\u00e7ular\u0131n b\u00fct\u00fcn z\u0259ruri ehtiyaclar\u0131n\u0131 tam t\u0259min edir. M\u0259rk\u0259zi istilik sistemi qura\u015fd\u0131r\u0131lan bu h\u0259rbi hiss\u0259l\u0259rd\u0259 silah ota\u011f\u0131, yataqxana, yem\u0259kxana, tibb m\u0259nt\u0259q\u0259si, \u0259rzaq v\u0259 \u0259\u015fya anbarlar\u0131, hamam-sanitar qov\u015fa\u011f\u0131 m\u00f6vcuddur. \u018frazinin fasil\u0259siz elektrik enerjisi il\u0259 t\u0259min olunmas\u0131 m\u0259qs\u0259dil\u0259 generatorlar qura\u015fd\u0131r\u0131l\u0131b.<\/p>\n\n\n\n<p>H\u0259m\u00e7inin, \u0259trafda abadl\u0131q i\u015fl\u0259ri apar\u0131l\u0131b v\u0259 m\u00fcxt\u0259lif n\u00f6v a\u011faclar \u0259kilib. H\u0259rbi qulluq\u00e7ular\u0131n asud\u0259 vaxt\u0131n\u0131 s\u0259m\u0259r\u0259li ke\u00e7irm\u0259l\u0259ri \u00fc\u00e7\u00fcn laz\u0131mi \u015f\u0259rait yarad\u0131l\u0131b.<\/p>\n\n\n\n<p>Azad olunan rayonlarda h\u0259rbi hiss\u0259l\u0259ri isti \u00e7\u00f6r\u0259kl\u0259 t\u0259min ed\u0259n \u00e7\u00f6r\u0259k bi\u015firm\u0259 sexi, \u015f\u0259xsi hey\u0259tin qidalanmas\u0131 \u00fc\u00e7\u00fcn m\u00fcasir avadanl\u0131qla t\u0259chiz edilmi\u015f m\u0259tb\u0259x v\u0259 yem\u0259kxanalar da istifad\u0259y\u0259 verilib.<\/p>\n\n\n\n<p>T\u0259lim-m\u0259\u015fq tap\u015f\u0131r\u0131qlar\u0131n\u0131n icras\u0131 \u00fc\u00e7\u00fcn yeni in\u015fa edil\u0259n poliqonun infrastrukturu il\u0259 tan\u0131\u015f olan nazir\u0259 m\u0259lumat verilib ki, burada h\u0259rbi qulluq\u00e7ular\u0131n pe\u015fakarl\u0131\u011f\u0131n\u0131n daha da y\u00fcks\u0259ldilm\u0259si m\u0259qs\u0259di il\u0259 ixtisasl\u0131 t\u0259limat\u00e7\u0131lar t\u0259r\u0259find\u0259n d\u00f6y\u00fc\u015f \u015f\u0259raitin\u0259 tam uy\u011funla\u015fd\u0131r\u0131lan, relyefin t\u0259l\u0259bl\u0259rin\u0259 cavab ver\u0259n t\u0259lim m\u0259\u015fql\u0259ri h\u0259yata ke\u00e7iril\u0259c\u0259kdir.<\/p>\n\n\n\n<p>Tikinti i\u015fl\u0259rinin gedi\u015fat\u0131n\u0131 yoxlayan M\u00fcdafi\u0259 nazirin\u0259 m\u0259ruz\u0259 olunub ki, haz\u0131rda in\u015fas\u0131 davam etdiril\u0259n ya\u015fay\u0131\u015f m\u0259nt\u0259q\u0259l\u0259rinin v\u0259 inzibati binalar\u0131n tikintisinin \u0259n q\u0131sa m\u00fcdd\u0259td\u0259 yekunla\u015fmas\u0131 v\u0259 h\u0259rbi qulluq\u00e7ular\u0131n istifad\u0259sin\u0259 verilm\u0259si n\u0259z\u0259rd\u0259 tutulub. Nazir in\u015faat\u0131n keyfiyy\u0259tli apar\u0131lmas\u0131 v\u0259 vaxt\u0131nda ba\u015fa \u00e7atd\u0131r\u0131lmas\u0131 il\u0259 \u0259laq\u0259dar m\u00fcvafiq tap\u015f\u0131r\u0131qlar verib.<\/p>\n\n\n\n<figure class=\"wp-block-embed is-type-video is-provider-youtube wp-block-embed-youtube wp-embed-aspect-16-9 wp-has-aspect-ratio\"><div class=\"wp-block-embed__wrapper\">\n<iframe loading=\"lazy\" title=\"Azad olunan rayonlarda yeni in\u015fa edil\u0259n h\u0259rbi obyektl\u0259r istifad\u0259y\u0259 verilib\" width=\"715\" height=\"402\" src=\"https:\/\/www.youtube.com\/embed\/IdQXzdQsisQ?feature=oembed\" frameborder=\"0\" allow=\"accelerometer; autoplay; clipboard-write; encrypted-media; gyroscope; picture-in-picture\" allowfullscreen><\/iframe>\n<\/div><\/figure>\n","protected":false},"excerpt":{"rendered":"<p>Az\u0259rbaycan Respublikas\u0131n\u0131n Prezidenti, Silahl\u0131 Q\u00fcvv\u0259l\u0259rin Ali Ba\u015f Komandan\u0131 c\u0259nab \u0130lham \u018fliyevin g\u00f6st\u0259ri\u015fin\u0259 \u0259sas\u0259n, Az\u0259rbaycan Ordusunda h\u0259rbi qulluq\u00e7ular\u0131n sosial-m\u0259i\u015f\u0259t \u015f\u0259raitinin yax\u015f\u0131la\u015fd\u0131r\u0131lmas\u0131 istiqam\u0259tind\u0259 apar\u0131lan i\u015fl\u0259r davam<\/p>\n","protected":false},"author":2,"featured_media":51776,"comment_status":"closed","ping_status":"closed","sticky":false,"template":"","format":"standard","meta":{"footnotes":""},"categories":[4],"tags":[],"class_list":["post-51775","post","type-post","status-publish","format-standard","has-post-thumbnail","hentry","category-qarabag"],"aioseo_notices":[],"_links":{"self":[{"href":"https:\/\/fedai.az\/index.php?rest_route=\/wp\/v2\/posts\/51775","targetHints":{"allow":["GET"]}}],"collection":[{"href":"https:\/\/fedai.az\/index.php?rest_route=\/wp\/v2\/posts"}],"about":[{"href":"https:\/\/fedai.az\/index.php?rest_route=\/wp\/v2\/types\/post"}],"author":[{"embeddable":true,"href":"https:\/\/fedai.az\/index.php?rest_route=\/wp\/v2\/users\/2"}],"replies":[{"embeddable":true,"href":"https:\/\/fedai.az\/index.php?rest_route=%2Fwp%2Fv2%2Fcomments&post=51775"}],"version-history":[{"count":1,"href":"https:\/\/fedai.az\/index.php?rest_route=\/wp\/v2\/posts\/51775\/revisions"}],"predecessor-version":[{"id":51777,"href":"https:\/\/fedai.az\/index.php?rest_route=\/wp\/v2\/posts\/51775\/revisions\/51777"}],"wp:featuredmedia":[{"embeddable":true,"href":"https:\/\/fedai.az\/index.php?rest_route=\/wp\/v2\/media\/51776"}],"wp:attachment":[{"href":"https:\/\/fedai.az\/index.php?rest_route=%2Fwp%2Fv2%2Fmedia&parent=51775"}],"wp:term":[{"taxonomy":"category","embeddable":true,"href":"https:\/\/fedai.az\/index.php?rest_route=%2Fwp%2Fv2%2Fcategories&post=51775"},{"taxonomy":"post_tag","embeddable":true,"href":"https:\/\/fedai.az\/index.php?rest_route=%2Fwp%2Fv2%2Ftags&post=51775"}],"curies":[{"name":"wp","href":"https:\/\/api.w.org\/{rel}","templated":true}]}}