{"id":51778,"date":"2021-10-23T00:45:30","date_gmt":"2021-10-22T20:45:30","guid":{"rendered":"https:\/\/fedai.az\/?p=51778"},"modified":"2021-10-23T00:45:34","modified_gmt":"2021-10-22T20:45:34","slug":"qarabagdaki-turk-h%c9%99rbcil%c9%99r-ilk-d%c9%99f%c9%99-goruntul%c9%99ndi","status":"publish","type":"post","link":"https:\/\/fedai.az\/?p=51778","title":{"rendered":"Qaraba\u011fdak\u0131 t\u00fcrk h\u0259rb\u00e7il\u0259r \u0130LK D\u018fF\u018f G\u00d6R\u00dcNT\u00dcL\u018fND\u0130"},"content":{"rendered":"\n<p><strong>Qaraba\u011fda minalar\u0131n t\u0259mizl\u0259nm\u0259si prosesind\u0259 Az\u0259rbaycan ordusuna d\u0259st\u0259k ver\u0259n t\u00fcrk h\u0259rb\u00e7il\u0259r \u201cTRThabaer\u201d t\u0259r\u0259find\u0259n g\u00f6r\u00fcnt\u00fcl\u0259nib.<\/strong><\/p>\n\n\n\n<p>Metbuat.az x\u0259b\u0259r verir ki, t\u00fcrkiy\u0259 televiziyas\u0131 t\u00fcrk h\u0259rb\u00e7il\u0259rin fa\u0259liyy\u0259tini lent\u0259 al\u0131b. X\u0259b\u0259rd\u0259 qeyd olunur ki, T\u00fcrkiy\u0259d\u0259n g\u0259l\u0259n mina axtaranlar v\u0259t\u0259nda\u015flar\u0131 i\u015f\u011faldan azad olunmu\u015f torpaqlarfa daha tez qay\u0131tmas\u0131 \u00fc\u00e7\u00fcn dayanmadan i\u015fl\u0259yir. B\u00f6lg\u0259d\u0259 bir ne\u00e7\u0259 qrupun i\u015fl\u0259diyi v\u0259 h\u0259r qrupda 130 t\u00fcrk h\u0259rb\u00e7inin yer ald\u0131\u011f\u0131 diqq\u0259t\u0259 \u00e7atd\u0131r\u0131l\u0131r.<\/p>\n\n\n\n<p>M\u0259lumata g\u00f6r\u0259, t\u00fcrk h\u0259rb\u00e7il\u0259r mina t\u0259mizl\u0259m\u0259kl\u0259 yana\u015f\u0131, az\u0259rbaycanl\u0131 h\u0259rb\u00e7il\u0259r\u0259 t\u0259liml\u0259r d\u0259 ke\u00e7irl\u0259r.\u00a0<\/p>\n\n\n\n<figure class=\"wp-block-embed is-type-video is-provider-youtube wp-block-embed-youtube wp-embed-aspect-16-9 wp-has-aspect-ratio\"><div class=\"wp-block-embed__wrapper\">\n<iframe loading=\"lazy\" title=\"Karaba\u011f&#039;da g\u00f6rev yapan Mehmet\u00e7i\u011fi ilk kez TRT Haber g\u00f6r\u00fcnt\u00fcledi\" width=\"715\" height=\"402\" src=\"https:\/\/www.youtube.com\/embed\/Yr6bxNkuZ5Q?feature=oembed\" frameborder=\"0\" allow=\"accelerometer; autoplay; clipboard-write; encrypted-media; gyroscope; picture-in-picture\" allowfullscreen><\/iframe>\n<\/div><\/figure>\n","protected":false},"excerpt":{"rendered":"<p>Qaraba\u011fda minalar\u0131n t\u0259mizl\u0259nm\u0259si prosesind\u0259 Az\u0259rbaycan ordusuna d\u0259st\u0259k ver\u0259n t\u00fcrk h\u0259rb\u00e7il\u0259r \u201cTRThabaer\u201d t\u0259r\u0259find\u0259n g\u00f6r\u00fcnt\u00fcl\u0259nib. Metbuat.az x\u0259b\u0259r verir ki, t\u00fcrkiy\u0259 televiziyas\u0131 t\u00fcrk h\u0259rb\u00e7il\u0259rin fa\u0259liyy\u0259tini lent\u0259 al\u0131b.<\/p>\n","protected":false},"author":2,"featured_media":51779,"comment_status":"closed","ping_status":"closed","sticky":false,"template":"","format":"standard","meta":{"footnotes":""},"categories":[4],"tags":[],"class_list":["post-51778","post","type-post","status-publish","format-standard","has-post-thumbnail","hentry","category-qarabag"],"aioseo_notices":[],"_links":{"self":[{"href":"https:\/\/fedai.az\/index.php?rest_route=\/wp\/v2\/posts\/51778","targetHints":{"allow":["GET"]}}],"collection":[{"href":"https:\/\/fedai.az\/index.php?rest_route=\/wp\/v2\/posts"}],"about":[{"href":"https:\/\/fedai.az\/index.php?rest_route=\/wp\/v2\/types\/post"}],"author":[{"embeddable":true,"href":"https:\/\/fedai.az\/index.php?rest_route=\/wp\/v2\/users\/2"}],"replies":[{"embeddable":true,"href":"https:\/\/fedai.az\/index.php?rest_route=%2Fwp%2Fv2%2Fcomments&post=51778"}],"version-history":[{"count":1,"href":"https:\/\/fedai.az\/index.php?rest_route=\/wp\/v2\/posts\/51778\/revisions"}],"predecessor-version":[{"id":51780,"href":"https:\/\/fedai.az\/index.php?rest_route=\/wp\/v2\/posts\/51778\/revisions\/51780"}],"wp:featuredmedia":[{"embeddable":true,"href":"https:\/\/fedai.az\/index.php?rest_route=\/wp\/v2\/media\/51779"}],"wp:attachment":[{"href":"https:\/\/fedai.az\/index.php?rest_route=%2Fwp%2Fv2%2Fmedia&parent=51778"}],"wp:term":[{"taxonomy":"category","embeddable":true,"href":"https:\/\/fedai.az\/index.php?rest_route=%2Fwp%2Fv2%2Fcategories&post=51778"},{"taxonomy":"post_tag","embeddable":true,"href":"https:\/\/fedai.az\/index.php?rest_route=%2Fwp%2Fv2%2Ftags&post=51778"}],"curies":[{"name":"wp","href":"https:\/\/api.w.org\/{rel}","templated":true}]}}