{"id":51783,"date":"2021-10-23T01:17:44","date_gmt":"2021-10-22T21:17:44","guid":{"rendered":"https:\/\/fedai.az\/?p=51783"},"modified":"2021-10-23T01:17:47","modified_gmt":"2021-10-22T21:17:47","slug":"hesablari-bloklanan-tramp-ozu-sosial-media-yaradir","status":"publish","type":"post","link":"https:\/\/fedai.az\/?p=51783","title":{"rendered":"Hesablar\u0131 bloklanan Tramp \u00f6z\u00fc sosial media yarad\u0131r"},"content":{"rendered":"\n<p><strong>Ke\u00e7\u0259n aylarda ke\u00e7iril\u0259n prezident se\u00e7kil\u0259rind\u0259 m\u0259\u011flub olan ke\u00e7mi\u015f AB\u015e prezidenti Donald Trampa o vaxtki yaz\u0131lar\u0131na g\u00f6r\u0259 sosial media n\u0259h\u0259ngl\u0259ri t\u0259r\u0259find\u0259n veto qoyulmu\u015fdu.<\/strong><\/p>\n\n\n\n<p>EDNews.net\u00a0x\u0259b\u0259r verir ki, Sosial media hesablar\u0131 ba\u011flanan Tramp \u00f6z sosial media t\u0259tbiqini aktivl\u0259\u015fdirm\u0259k \u00fc\u00e7\u00fcn i\u015f\u0259 ba\u015flay\u0131b.<\/p>\n\n\n\n<p>Tramp\u0131n g\u0259l\u0259n ay istifad\u0259y\u0259 veril\u0259c\u0259k \u201cTRUTH Social\u201d proqram\u0131 \u201cTrump Media v\u0259 Technology Group\u201d v\u0259 bu m\u0259qs\u0259dl\u0259 al\u0131nan bir \u015firk\u0259tin birl\u0259\u015fm\u0259si il\u0259 yarad\u0131lacaq.<\/p>\n\n\n\n<p>Yeni \u015firk\u0259tin h\u0259r k\u0259s\u0259 fikirl\u0259rini b\u00f6l\u00fc\u015fm\u0259k imkan\u0131 verm\u0259k \u00fc\u00e7\u00fcn quruldu\u011funu vur\u011fulayan&nbsp;Tramp bildirib ki, \u201cTezlikl\u0259 \u201cTRUTH Social\u201d haqq\u0131nda fikirl\u0259rimi ifad\u0259 ed\u0259 bil\u0259c\u0259yim v\u0259 b\u00f6y\u00fck texnologiya \u015firk\u0259tl\u0259ri il\u0259 m\u00fcbariz\u0259 aparaca\u011f\u0131m \u00fc\u00e7\u00fcn \u00e7ox h\u0259y\u0259canl\u0131yam\u201d.<\/p>\n\n\n\n<p>\u201cTRUTH Social\u201d\u0131n g\u0259l\u0259n ay \u201cse\u00e7ilmi\u015f d\u0259v\u0259tlil\u0259rl\u0259\u201d i\u015f\u0259 ba\u015flayaca\u011f\u0131 v\u0259 2022-ci ilin birinci r\u00fcb\u00fcnd\u0259 istifad\u0259\u00e7il\u0259rl\u0259 g\u00f6r\u00fc\u015f\u0259c\u0259yi planla\u015fd\u0131r\u0131l\u0131r.<\/p>\n","protected":false},"excerpt":{"rendered":"<p>Ke\u00e7\u0259n aylarda ke\u00e7iril\u0259n prezident se\u00e7kil\u0259rind\u0259 m\u0259\u011flub olan ke\u00e7mi\u015f AB\u015e prezidenti Donald Trampa o vaxtki yaz\u0131lar\u0131na g\u00f6r\u0259 sosial media n\u0259h\u0259ngl\u0259ri t\u0259r\u0259find\u0259n veto qoyulmu\u015fdu. EDNews.net\u00a0x\u0259b\u0259r verir<\/p>\n","protected":false},"author":2,"featured_media":51784,"comment_status":"closed","ping_status":"closed","sticky":false,"template":"","format":"standard","meta":{"footnotes":""},"categories":[13],"tags":[],"class_list":["post-51783","post","type-post","status-publish","format-standard","has-post-thumbnail","hentry","category-xarici"],"aioseo_notices":[],"_links":{"self":[{"href":"https:\/\/fedai.az\/index.php?rest_route=\/wp\/v2\/posts\/51783","targetHints":{"allow":["GET"]}}],"collection":[{"href":"https:\/\/fedai.az\/index.php?rest_route=\/wp\/v2\/posts"}],"about":[{"href":"https:\/\/fedai.az\/index.php?rest_route=\/wp\/v2\/types\/post"}],"author":[{"embeddable":true,"href":"https:\/\/fedai.az\/index.php?rest_route=\/wp\/v2\/users\/2"}],"replies":[{"embeddable":true,"href":"https:\/\/fedai.az\/index.php?rest_route=%2Fwp%2Fv2%2Fcomments&post=51783"}],"version-history":[{"count":1,"href":"https:\/\/fedai.az\/index.php?rest_route=\/wp\/v2\/posts\/51783\/revisions"}],"predecessor-version":[{"id":51785,"href":"https:\/\/fedai.az\/index.php?rest_route=\/wp\/v2\/posts\/51783\/revisions\/51785"}],"wp:featuredmedia":[{"embeddable":true,"href":"https:\/\/fedai.az\/index.php?rest_route=\/wp\/v2\/media\/51784"}],"wp:attachment":[{"href":"https:\/\/fedai.az\/index.php?rest_route=%2Fwp%2Fv2%2Fmedia&parent=51783"}],"wp:term":[{"taxonomy":"category","embeddable":true,"href":"https:\/\/fedai.az\/index.php?rest_route=%2Fwp%2Fv2%2Fcategories&post=51783"},{"taxonomy":"post_tag","embeddable":true,"href":"https:\/\/fedai.az\/index.php?rest_route=%2Fwp%2Fv2%2Ftags&post=51783"}],"curies":[{"name":"wp","href":"https:\/\/api.w.org\/{rel}","templated":true}]}}