{"id":51790,"date":"2021-10-23T01:36:55","date_gmt":"2021-10-22T21:36:55","guid":{"rendered":"https:\/\/fedai.az\/?p=51790"},"modified":"2021-10-23T01:36:59","modified_gmt":"2021-10-22T21:36:59","slug":"turkiy%c9%99-v%c9%99-iran-xarici-isl%c9%99r-nazirl%c9%99ri-telefon-%c9%99laq%c9%99si-saxlayib","status":"publish","type":"post","link":"https:\/\/fedai.az\/?p=51790","title":{"rendered":"T\u00fcrkiy\u0259 v\u0259 \u0130ran xarici i\u015fl\u0259r nazirl\u0259ri telefon \u0259laq\u0259si saxlay\u0131b"},"content":{"rendered":"\n<p><strong>Eastnews.org-un verdiyi x\u0259b\u0259r\u0259 g\u00f6r\u0259, \u0130ran\u0131n Xarici \u0130\u015fl\u0259r naziri H\u00fcseyn \u018fmir Abdullahiyan il\u0259 t\u00fcrkiy\u0259li h\u0259mkar\u0131 M\u00f6vlud \u00c7avu\u015fo\u011flu aras\u0131nda d\u00fcn\u0259n ax\u015fam saatlar\u0131nda telefon dan\u0131\u015f\u0131\u011f\u0131 ba\u015f tutub.<\/strong> \u00a0 <\/p>\n\n\n\n<p>Telefon dan\u0131\u015f\u0131\u011f\u0131nda ikit\u0259r\u0259fli \u0259laq\u0259l\u0259rl\u0259 yana\u015f\u0131, Astana format\u0131nda \u0130ran-T\u00fcrkiy\u0259-Rusiya \u00dc\u00e7t\u0259r\u0259fli Sammitinin t\u0259\u015fkili, \u0130ran-T\u00fcrkiy\u0259 7-ci Y\u00fcks\u0259k Strateji \u018fm\u0259kda\u015fl\u0131q \u015euras\u0131n\u0131n ke\u00e7irilm\u0259si, iki \u00f6lk\u0259nin y\u00fcks\u0259k s\u0259viyy\u0259li r\u0259smil\u0259rinin s\u0259f\u0259ri, \u018ffqan\u0131stan v\u0259 Suriyadak\u0131 m\u0259s\u0259l\u0259l\u0259r il\u0259 regional m\u00f6vzular m\u00fczakir\u0259 edilib. \u00a0<\/p>\n\n\n\n<p> \u018fmir Abdullahiyan bu g\u00f6r\u00fc\u015fd\u0259 \u018ffqan\u0131standa namaz q\u0131lan m\u00fcs\u0259lmanlara qar\u015f\u0131 terror h\u00fccumlar\u0131n\u0131n artmas\u0131ndan narahat olduqlar\u0131n\u0131 v\u0259 \u0130slam \u00f6lk\u0259l\u0259rinin bu m\u0259s\u0259l\u0259d\u0259 aktiv rol alaca\u011f\u0131n\u0131 g\u00f6zl\u0259dikl\u0259rini s\u00f6yl\u0259iyb. \u00a0<\/p>\n\n\n\n<p> G\u00f6r\u00fc\u015f zaman\u0131 n\u00fcv\u0259 dan\u0131\u015f\u0131qlar\u0131 m\u0259s\u0259l\u0259si d\u0259 m\u00fczakir\u0259 olunub.<\/p>\n\n\n\n<p> M\u0259nb\u0259: Mehr <\/p>\n","protected":false},"excerpt":{"rendered":"<p>Eastnews.org-un verdiyi x\u0259b\u0259r\u0259 g\u00f6r\u0259, \u0130ran\u0131n Xarici \u0130\u015fl\u0259r naziri H\u00fcseyn \u018fmir Abdullahiyan il\u0259 t\u00fcrkiy\u0259li h\u0259mkar\u0131 M\u00f6vlud \u00c7avu\u015fo\u011flu aras\u0131nda d\u00fcn\u0259n ax\u015fam saatlar\u0131nda telefon dan\u0131\u015f\u0131\u011f\u0131 ba\u015f tutub.<\/p>\n","protected":false},"author":2,"featured_media":51791,"comment_status":"closed","ping_status":"closed","sticky":false,"template":"","format":"standard","meta":{"footnotes":""},"categories":[1],"tags":[],"class_list":["post-51790","post","type-post","status-publish","format-standard","has-post-thumbnail","hentry","category-siyast"],"aioseo_notices":[],"_links":{"self":[{"href":"https:\/\/fedai.az\/index.php?rest_route=\/wp\/v2\/posts\/51790","targetHints":{"allow":["GET"]}}],"collection":[{"href":"https:\/\/fedai.az\/index.php?rest_route=\/wp\/v2\/posts"}],"about":[{"href":"https:\/\/fedai.az\/index.php?rest_route=\/wp\/v2\/types\/post"}],"author":[{"embeddable":true,"href":"https:\/\/fedai.az\/index.php?rest_route=\/wp\/v2\/users\/2"}],"replies":[{"embeddable":true,"href":"https:\/\/fedai.az\/index.php?rest_route=%2Fwp%2Fv2%2Fcomments&post=51790"}],"version-history":[{"count":1,"href":"https:\/\/fedai.az\/index.php?rest_route=\/wp\/v2\/posts\/51790\/revisions"}],"predecessor-version":[{"id":51792,"href":"https:\/\/fedai.az\/index.php?rest_route=\/wp\/v2\/posts\/51790\/revisions\/51792"}],"wp:featuredmedia":[{"embeddable":true,"href":"https:\/\/fedai.az\/index.php?rest_route=\/wp\/v2\/media\/51791"}],"wp:attachment":[{"href":"https:\/\/fedai.az\/index.php?rest_route=%2Fwp%2Fv2%2Fmedia&parent=51790"}],"wp:term":[{"taxonomy":"category","embeddable":true,"href":"https:\/\/fedai.az\/index.php?rest_route=%2Fwp%2Fv2%2Fcategories&post=51790"},{"taxonomy":"post_tag","embeddable":true,"href":"https:\/\/fedai.az\/index.php?rest_route=%2Fwp%2Fv2%2Ftags&post=51790"}],"curies":[{"name":"wp","href":"https:\/\/api.w.org\/{rel}","templated":true}]}}