{"id":51793,"date":"2021-10-23T01:40:53","date_gmt":"2021-10-22T21:40:53","guid":{"rendered":"https:\/\/fedai.az\/?p=51793"},"modified":"2021-10-23T01:40:57","modified_gmt":"2021-10-22T21:40:57","slug":"erm%c9%99nistanda-az%c9%99rbaycan-dilinin-t%c9%99drisin%c9%99-baslanildi","status":"publish","type":"post","link":"https:\/\/fedai.az\/?p=51793","title":{"rendered":"Erm\u0259nistanda Az\u0259rbaycan dilinin t\u0259drisin\u0259 BA\u015eLANILDI"},"content":{"rendered":"\n<p><strong>Erm\u0259nistanda Az\u0259rbaycan dilini t\u0259dris ed\u0259n m\u0259rk\u0259zl\u0259r f\u0259aliyy\u0259t g\u00f6st\u0259rm\u0259y\u0259 ba\u015flay\u0131b.<\/strong><\/p>\n\n\n\n<p>EDNews.net\u00a0x\u0259b\u0259r verir ki, onlardan biri sentyabrda a\u00e7\u0131lm\u0131\u015f \u201cALC Azerbaijani Language Centre\u201d adlnad\u0131r.<\/p>\n\n\n\n<p>M\u0259rk\u0259zin yarad\u0131c\u0131s\u0131 20 ya\u015fl\u0131 Aram Poladyan erm\u0259ni g\u0259ncl\u0259rini Az\u0259rbaycan dilini \u00f6yr\u0259nm\u0259y\u0259 \u00e7a\u011f\u0131r\u0131b.<\/p>\n\n\n\n<p>\u201cG\u00fccl\u00fc d\u00f6vl\u0259t, g\u00fccl\u00fc ordu yaratmaq ist\u0259yiriks\u0259, d\u00fc\u015fm\u0259nin dilini d\u0259 bilm\u0259liyik. Bu bizim t\u0259hl\u00fck\u0259sizliyimiz \u00fc\u00e7\u00fcn \u00f6n\u0259mlidir\u201d.<\/p>\n\n\n\n<p>\u201cALC Azerbaijani Language Centre\u201d \u201cSmart Armenia\u201d t\u0259\u015fkilat\u0131 il\u0259 birg\u0259 ilk m\u0259rh\u0259l\u0259d\u0259 20 t\u0259l\u0259b\u0259 q\u0259bul edib. 8 ayl\u0131q kurslardan sonra onlar Az\u0259rbaycan dilind\u0259 s\u0259rb\u0259st yaza v\u0259 dan\u0131\u015fa bil\u0259c\u0259kl\u0259r. Yerevan D\u00f6vl\u0259t Universitetin bir qrup linqvist-professoru is\u0259 m\u0259rk\u0259z \u00fc\u00e7\u00fcn Az\u0259rbaycan dilind\u0259 d\u0259rslikl\u0259r haz\u0131rlay\u0131b.<\/p>\n\n\n\n<p>Aram Poladyan kursu bitir\u0259c\u0259k g\u0259ncl\u0259rin g\u0259l\u0259c\u0259kd\u0259 Erm\u0259nistan Xarici \u0130\u015fl\u0259r Nazirliyi, Milli T\u0259hl\u00fck\u0259sizlik Xidm\u0259ti v\u0259 M\u00fcdafi\u0131 Nazirliyinin m\u00fcvafiq \u015f\u00f6b\u0259l\u0259rin\u0259, Az\u0259rbaycan medias\u0131n\u0131 monitorinq ed\u0259n, material toplayan m\u0259rk\u0259zl\u0259rd\u0259 i\u015f\u0259 c\u0259lb olunaca\u011f\u0131n\u0131 \u0259lav\u0259 edib.<\/p>\n","protected":false},"excerpt":{"rendered":"<p>Erm\u0259nistanda Az\u0259rbaycan dilini t\u0259dris ed\u0259n m\u0259rk\u0259zl\u0259r f\u0259aliyy\u0259t g\u00f6st\u0259rm\u0259y\u0259 ba\u015flay\u0131b. EDNews.net\u00a0x\u0259b\u0259r verir ki, onlardan biri sentyabrda a\u00e7\u0131lm\u0131\u015f \u201cALC Azerbaijani Language Centre\u201d adlnad\u0131r. M\u0259rk\u0259zin yarad\u0131c\u0131s\u0131 20<\/p>\n","protected":false},"author":2,"featured_media":51794,"comment_status":"closed","ping_status":"closed","sticky":false,"template":"","format":"standard","meta":{"footnotes":""},"categories":[15],"tags":[],"class_list":["post-51793","post","type-post","status-publish","format-standard","has-post-thumbnail","hentry","category-atmaca"],"aioseo_notices":[],"_links":{"self":[{"href":"https:\/\/fedai.az\/index.php?rest_route=\/wp\/v2\/posts\/51793","targetHints":{"allow":["GET"]}}],"collection":[{"href":"https:\/\/fedai.az\/index.php?rest_route=\/wp\/v2\/posts"}],"about":[{"href":"https:\/\/fedai.az\/index.php?rest_route=\/wp\/v2\/types\/post"}],"author":[{"embeddable":true,"href":"https:\/\/fedai.az\/index.php?rest_route=\/wp\/v2\/users\/2"}],"replies":[{"embeddable":true,"href":"https:\/\/fedai.az\/index.php?rest_route=%2Fwp%2Fv2%2Fcomments&post=51793"}],"version-history":[{"count":1,"href":"https:\/\/fedai.az\/index.php?rest_route=\/wp\/v2\/posts\/51793\/revisions"}],"predecessor-version":[{"id":51795,"href":"https:\/\/fedai.az\/index.php?rest_route=\/wp\/v2\/posts\/51793\/revisions\/51795"}],"wp:featuredmedia":[{"embeddable":true,"href":"https:\/\/fedai.az\/index.php?rest_route=\/wp\/v2\/media\/51794"}],"wp:attachment":[{"href":"https:\/\/fedai.az\/index.php?rest_route=%2Fwp%2Fv2%2Fmedia&parent=51793"}],"wp:term":[{"taxonomy":"category","embeddable":true,"href":"https:\/\/fedai.az\/index.php?rest_route=%2Fwp%2Fv2%2Fcategories&post=51793"},{"taxonomy":"post_tag","embeddable":true,"href":"https:\/\/fedai.az\/index.php?rest_route=%2Fwp%2Fv2%2Ftags&post=51793"}],"curies":[{"name":"wp","href":"https:\/\/api.w.org\/{rel}","templated":true}]}}