{"id":51804,"date":"2021-10-23T02:55:34","date_gmt":"2021-10-22T22:55:34","guid":{"rendered":"https:\/\/fedai.az\/?p=51804"},"modified":"2021-10-23T02:55:37","modified_gmt":"2021-10-22T22:55:37","slug":"t%c9%99brik-polkovnik-leytenant-araz-sohrabi-58","status":"publish","type":"post","link":"https:\/\/fedai.az\/?p=51804","title":{"rendered":"T\u018fBR\u0130K: POLKOVN\u0130K-LEYTENANT ARAZ S\u00d6HRAB\u0130-58"},"content":{"rendered":"\n<p><strong>\u00a0\u00a0\u00a0 <span class=\"has-inline-color has-vivid-red-color\">AVMV\u0130B r\u0259hb\u0259rliyi v\u0259 Az\u0259rbaycan V\u0259t\u0259n M\u00fcharib\u0259si Veteranlar\u0131 \u0130ctimai Birliyinin s\u0259dr m\u00fcavini polkovnik Salman Musayev ehtiyatda olan polkovnik- leytenant\u00a0 S\u00f6hrabi Araz Abdulla o\u011flunu do\u011fum g\u00fcn\u00fc m\u00fcnasib\u0259til\u0259 s\u0259mimi q\u0259lbd\u0259n t\u0259brik edir ,ona h\u0259yatda insan \u00fc\u00e7\u00fcn \u0259n \u015firin nem\u0259t olan m\u00f6hk\u0259m can sa\u011fl\u0131\u011f\u0131, ail\u0259 s\u0259ad\u0259ti v\u0259 h\u0259yat yollar\u0131nda bitib &#8212; t\u00fck\u0259nm\u0259y\u0259n nailiyy\u0259tl\u0259r arzulay\u0131r.<\/span><\/strong><\/p>\n\n\n\n<p><strong>&nbsp;&nbsp;&nbsp; Qoy ya\u015f\u0131n\u0131n \u00fcst\u0259 g\u0259l\u0259n bu ya\u015f ona sevinc dolu g\u00fcnl\u0259r b\u0259x\u015f etsin v\u0259 h\u0259r yeni g\u00fcn\u00fc is\u0259 \u00f6t\u0259n g\u00fcnl\u0259rd\u0259n daha g\u00f6z\u0259l ist\u0259kl\u0259rin\u0259 uy\u011fun onu xo\u015fb\u0259xt ed\u0259c\u0259k \u015f\u0259kild\u0259 ke\u00e7sin. Amin!<\/strong><\/p>\n\n\n\n<p>&nbsp; S\u00f6hrabi Araz Abdulla o\u011flu 23 oktyabr 1963-c\u00fc ild\u0259 G\u0259nc\u0259 \u015f\u0259h\u0259rind\u0259 anadan olub.<\/p>\n\n\n\n<p>O, 1981ci ild\u0259 orta m\u0259kt\u0259bi, 1989-cu ild\u0259 Az\u0259rbaycan Politexnik \u0130nstitutunun G\u0259nc\u0259 filial\u0131n\u0131, 2000-ci ild\u0259 is\u0259&nbsp; Daxili \u0130\u015fl\u0259r Nazirliyinin Daxili Qo\u015funlar\u0131n\u0131n Ba\u015f \u0130dar\u0259sinin X\u0259z\u0259r rayonunda yerl\u0259\u015f\u0259n h\u0259rbi m\u0259kt\u0259bi (Zabitl\u0259rin t\u0259hkiml\u0259\u015fdirm\u0259 kursunu)&nbsp; bitirmi\u015fdir.<\/p>\n\n\n\n<figure class=\"wp-block-image size-large is-resized\"><img loading=\"lazy\" decoding=\"async\" src=\"https:\/\/fedai.az\/wp-content\/uploads\/2021\/10\/IMG-20211019-WA0033.jpg\" alt=\"\" class=\"wp-image-51805\" width=\"914\" height=\"1371\" srcset=\"https:\/\/fedai.az\/wp-content\/uploads\/2021\/10\/IMG-20211019-WA0033.jpg 640w, https:\/\/fedai.az\/wp-content\/uploads\/2021\/10\/IMG-20211019-WA0033-200x300.jpg 200w, https:\/\/fedai.az\/wp-content\/uploads\/2021\/10\/IMG-20211019-WA0033-100x150.jpg 100w\" sizes=\"auto, (max-width: 914px) 100vw, 914px\" \/><\/figure>\n\n\n\n<p>&nbsp;&nbsp;&nbsp;&nbsp; Ehtiyatda olan polkovnik- leytenant Araz&nbsp; Abbdula o\u011flu&nbsp; S\u00f6hrabi&nbsp; 1981-ci ill\u0259rd\u0259 Sovet ordusunda m\u00fcddd\u0259tli h\u0259qi h\u0259rbi xidm\u0259td\u0259 olmu\u015fdur.<\/p>\n\n\n\n<p>\u00a0\u00a0\u00a0 O, Daxili \u0130\u015fl\u0259r Nazirliyinin Daxili Qo\u015funlar\u0131n\u0131n Bas \u0130dar\u0259sinin G\u0259nc\u0259 \u015f\u0259h\u0259rind\u0259, Hac\u0131qabul rayonunda\u00a0 yerl\u0259\u015f\u0259n h\u0259rbi hiss\u0259l\u0259rd\u0259 avtomobil v\u0259 zirehli texnika b\u00f6luk komandirinin t\u0259rbiy\u0259vi i\u015fl\u0259r \u00fczr\u0259\u00a0 m\u00fcavini, Avtomobil v\u0259 Zirehli texnika b\u00f6luk komandiri,Avtomobil Zirehli texnika xidm\u0259t r\u0259isi, h\u0259rbi hiss\u0259 komandirinin maddi-texniki t\u0259minat\u00a0 xidm\u0259tl\u0259ri \u00fczr\u0259\u00a0 m\u00fcavinin v\u0259zif\u0259l\u0259rin xidm\u0259t edib.<\/p>\n\n\n\n<p>&nbsp;&nbsp;&nbsp; Polkovnik leytenant Araz S\u00f6hrabi pe\u015f\u0259karl\u0131\u011f\u0131 v\u0259 humanistliyi il\u0259, n\u0259z\u0259ri v\u0259&nbsp; praktiki biliyi il\u0259, i\u015fg\u00fczarl\u0131\u011f\u0131 v\u0259 m\u0259n\u0259vi keyfiyy\u0259til\u0259, d\u0259qiqliyi v\u0259 t\u0259mkinliyi il\u0259, sad\u0259liyi v\u0259 s\u0259mimiyy\u0259ti il\u0259 se\u00e7il\u0259n \u00f6mr\u00fcn\u00fcn \u0259n m\u0259hsuldar d\u00f6vr\u00fcn\u00fcn 24 ild\u0259n \u00e7oxnu h\u0259rbi xidm\u0259td\u0259 kecirib.<\/p>\n\n\n\n<p>&nbsp;&nbsp;&nbsp;&nbsp; Az\u0259rbaycan Respublikas\u0131nda ictimai qaydan\u0131n v\u0259 ictimai t\u0259hl\u00fck\u0259sizliyin qorunmas\u0131nda, m\u00fct\u0259\u015f\u0259kkil cinay\u0259tkarl\u0131\u011fa qar\u015f\u0131 m\u00fcbariz\u0259d\u0259, qanunsuz silahl\u0131 d\u0259st\u0259l\u0259rin z\u0259r\u0259rsizl\u0259\u015fdirilm\u0259sind\u0259, d\u00f6vl\u0259tin \u0259razi b\u00fct\u00f6vl\u00fcy\u00fcn\u00fcn t\u0259min edilm\u0259sind\u0259, f\u00f6vqalad\u0259 v\u0259ziyy\u0259tin t\u0259min edilm\u0259sind\u0259 \u00fcz\u0259rin\u0259 d\u00fc\u015f\u0259n v\u0259zif\u0259l\u0259rin \u00f6hd\u0259sind\u0259n layiqinc\u0259 g\u0259lmi\u015fdir.<\/p>\n\n\n\n<p>\u00a0\u00a0\u00a0 O, Daxili Qo\u015funlarda xidm\u0259t etdiyi ill\u0259r \u0259rzind\u0259 \u00f6zun\u00fc u\u015faq vaxtlar\u0131ndan, g\u00f6z\u0259l ail\u0259 v\u0259 m\u0259kt\u0259b t\u0259rbiy\u0259si il\u0259 b\u00f6y\u00fcm\u00fc\u015f, \u0259xlaq\u0131 t\u0259rbiy\u0259si yerind\u0259 olan, nizam v\u0259 intizaml\u0131 h\u0259rbi\u00e7i kimi g\u00f6st\u0259rmi\u015fdir. O i\u015fl\u0259diyi v\u0259 oxudu\u011fu\u00a0\u00a0 t\u0259hsil m\u00fc\u0259ssis\u0259l\u0259rind\u0259, ya\u015fad\u0131\u011f\u0131 \u0259razid\u0259\u00a0 kolektiv aras\u0131nda h\u0259mi\u015f\u0259 m\u00fcsb\u0259t m\u0259nada se\u00e7il\u0259r\u0259k, ba\u015fqalar\u0131 \u00fc\u00e7\u00fcn\u00a0 n\u00fcmun\u0259 olmu\u015fdur.<\/p>\n\n\n\n<p>&nbsp;&nbsp; Araz S\u00f6hrabi Daxili \u0130\u015fl\u0259r Nazirliyinin Daxili Qo\u015funlar\u0131n Ba\u015f \u0130dar\u0259sin h\u0259rbi hiss\u0259l\u0259rind\u0259 xidm\u0259t etdiyi ill\u0259r \u0259rzind\u0259 xidm\u0259ti v\u0259zif\u0259l\u0259rin yerin\u0259 yetirilm\u0259sin\u0259&nbsp; m\u0259suliyy\u0259tl\u0259 yana\u015fd\u0131\u011f\u0131na g\u00f6r\u0259 Daxili \u0130\u015fl\u0259r Nazirnin ,Daxili Qo\u015funlar Komandan\u0131n v\u0259 onun m\u00fcavinl\u0259rinin, h\u0259rbi hiss\u0259 komandirl\u0259rinin m\u00fcfaviq \u0259mrl\u0259ri il\u0259 \u0259la xidm\u0259tl\u0259r\u0259 g\u00f6r\u0259 d\u00f6\u015f v\u0259 yubiley ni\u015fanlar\u0131 il\u0259, pul m\u00fckafatlar\u0131 il\u0259, f\u0259xri f\u0259rmanlarla, qiym\u0259tli h\u0259diyy\u0259l\u0259rl\u0259 m\u00fckafatland\u0131rl\u0131b v\u0259 ona t\u0259\u015f\u0259kk\u00fcr elan edilib.<\/p>\n\n\n\n<p>\u00a0\u00a0\u00a0 <strong>O, xidm\u0259td\u0259 f\u0259riql\u0259ndiyin\u0259 g\u00f6r\u0259 Az\u0259rbaycan Respublikas\u0131n\u0131n Prezidenti ad\u0131ndan Daxili \u0130\u015fl\u0259r Nazirnin m\u00fcvafiq \u0259mrl\u0259ri il\u0259 &#171;Q\u00fcsursuz xidm\u0259t\u0259 g\u00f6r\u0259\u00a0 1-ci, 2-ci medallar\u0131 il\u0259 t\u0259ltif\u00a0 v\u0259 3-cu d\u0259r\u0259c\u0259li, Silahl\u0131 Q\u00fcvv\u0259l\u0259rin yaranmas\u0131n\u0131n is\u0259 10, 90 v\u0259 95 medalar\u0131 il\u0259 t\u0259ltif edilib<\/strong>.<\/p>\n\n\n\n<p>&nbsp;&nbsp;&nbsp; Az\u0259rbaycan Respubilkas\u0131n\u0131n Prezidentinin 15 mart 2015- ci il tarixli s\u0259r\u0259ncam\u0131na \u0259sas\u0259n&nbsp; Az\u0259rbaycan Respublikas\u0131 Daxili \u0130\u015fl\u0259r Nazirliyi&nbsp; Daxili Qo\u015funlar\u0131n yarad\u0131lmas\u0131n\u0131n il d\u00f6n\u00fcm\u00fc il\u0259 \u0259laq\u0259dar olaraq, d\u00f6vl\u0259tin \u0259razi b\u00fct\u00f6vl\u00fcy\u00fcn\u00fcn t\u0259min olunmas\u0131nda&nbsp; i\u015ftirak etdiyin\u0259, d\u00f6y\u00fc\u015f zaman\u0131 igidlik g\u00f6st\u0259rdiyin\u0259, \u00f6z xidm\u0259ti v\u0259zif\u0259l\u0259rini&nbsp; v\u0259 h\u0259rbi hiss\u0259 qar\u015f\u0131s\u0131nda qoyulmu\u015f tap\u015f\u0131r\u0131qlar\u0131 yerin\u0259 yetir\u0259rk\u0259n f\u0259riql\u0259ndiyin\u0259 g\u00f6r\u0259&nbsp; &#187; H\u0259rbi&nbsp; xidm\u0259tl\u0259r\u0259 g\u00f6r\u0259&#187; medalla t\u0259ltif edilib.<\/p>\n\n\n\n<p><strong>DO\u011eUM G\u00dcN\u00dcN M\u00dcBAR\u018fK OLSUN<\/strong>, <strong>ARAZ B\u018fY!<\/strong><\/p>\n\n\n\n<p><strong>ALLAH S\u018fN\u0130 B\u00dcT\u00dcN ARZULARINA \u00c7ATDIRSIN<\/strong>!<\/p>\n\n\n\n<p><strong>\u00d6MR\u00dcN UZUN OLSUN, 100 YA\u015eA.<\/strong><\/p>\n\n\n\n<p><strong>DA\u0130MA XO\u015eB\u018fXT V\u018f F\u0130RAVAN YA\u015eA.<\/strong><\/p>\n\n\n\n<p><strong>D\u0259rin h\u00f6rm\u0259tl\u0259, Az\u0259rbaycan V\u0259t\u0259n m\u00fcharib\u0259si Veteranlar\u0131 \u0130ctimai\u00a0 birliyinin s\u0259dr m\u00fcavini polkovnik Salman Musayev<\/strong><\/p>\n\n\n\n<figure class=\"wp-block-gallery columns-2 is-cropped wp-block-gallery-1 is-layout-flex wp-block-gallery-is-layout-flex\"><ul class=\"blocks-gallery-grid\"><li class=\"blocks-gallery-item\"><figure><img loading=\"lazy\" decoding=\"async\" width=\"562\" height=\"1000\" src=\"https:\/\/fedai.az\/wp-content\/uploads\/2021\/10\/IMG-20211019-WA0034.jpg\" alt=\"\" data-id=\"51806\" data-full-url=\"https:\/\/fedai.az\/wp-content\/uploads\/2021\/10\/IMG-20211019-WA0034.jpg\" data-link=\"https:\/\/fedai.az\/?attachment_id=51806\" class=\"wp-image-51806\" srcset=\"https:\/\/fedai.az\/wp-content\/uploads\/2021\/10\/IMG-20211019-WA0034.jpg 562w, https:\/\/fedai.az\/wp-content\/uploads\/2021\/10\/IMG-20211019-WA0034-169x300.jpg 169w, https:\/\/fedai.az\/wp-content\/uploads\/2021\/10\/IMG-20211019-WA0034-84x150.jpg 84w\" sizes=\"auto, (max-width: 562px) 100vw, 562px\" \/><\/figure><\/li><li class=\"blocks-gallery-item\"><figure><img loading=\"lazy\" decoding=\"async\" width=\"600\" height=\"600\" src=\"https:\/\/fedai.az\/wp-content\/uploads\/2021\/10\/8265a327389da9fe4fdc2714b309120e-2-1.jpg\" alt=\"\" data-id=\"51513\" data-full-url=\"https:\/\/fedai.az\/wp-content\/uploads\/2021\/10\/8265a327389da9fe4fdc2714b309120e-2-1.jpg\" data-link=\"https:\/\/fedai.az\/?attachment_id=51513\" class=\"wp-image-51513\" srcset=\"https:\/\/fedai.az\/wp-content\/uploads\/2021\/10\/8265a327389da9fe4fdc2714b309120e-2-1.jpg 600w, https:\/\/fedai.az\/wp-content\/uploads\/2021\/10\/8265a327389da9fe4fdc2714b309120e-2-1-300x300.jpg 300w, https:\/\/fedai.az\/wp-content\/uploads\/2021\/10\/8265a327389da9fe4fdc2714b309120e-2-1-150x150.jpg 150w, https:\/\/fedai.az\/wp-content\/uploads\/2021\/10\/8265a327389da9fe4fdc2714b309120e-2-1-215x215.jpg 215w\" sizes=\"auto, (max-width: 600px) 100vw, 600px\" \/><\/figure><\/li><\/ul><\/figure>\n","protected":false},"excerpt":{"rendered":"<p>\u00a0\u00a0\u00a0 AVMV\u0130B r\u0259hb\u0259rliyi v\u0259 Az\u0259rbaycan V\u0259t\u0259n M\u00fcharib\u0259si Veteranlar\u0131 \u0130ctimai Birliyinin s\u0259dr m\u00fcavini polkovnik Salman Musayev ehtiyatda olan polkovnik- leytenant\u00a0 S\u00f6hrabi Araz Abdulla o\u011flunu do\u011fum<\/p>\n","protected":false},"author":2,"featured_media":51807,"comment_status":"closed","ping_status":"closed","sticky":false,"template":"","format":"standard","meta":{"footnotes":""},"categories":[5],"tags":[],"class_list":["post-51804","post","type-post","status-publish","format-standard","has-post-thumbnail","hentry","category-veteran"],"aioseo_notices":[],"_links":{"self":[{"href":"https:\/\/fedai.az\/index.php?rest_route=\/wp\/v2\/posts\/51804","targetHints":{"allow":["GET"]}}],"collection":[{"href":"https:\/\/fedai.az\/index.php?rest_route=\/wp\/v2\/posts"}],"about":[{"href":"https:\/\/fedai.az\/index.php?rest_route=\/wp\/v2\/types\/post"}],"author":[{"embeddable":true,"href":"https:\/\/fedai.az\/index.php?rest_route=\/wp\/v2\/users\/2"}],"replies":[{"embeddable":true,"href":"https:\/\/fedai.az\/index.php?rest_route=%2Fwp%2Fv2%2Fcomments&post=51804"}],"version-history":[{"count":1,"href":"https:\/\/fedai.az\/index.php?rest_route=\/wp\/v2\/posts\/51804\/revisions"}],"predecessor-version":[{"id":51808,"href":"https:\/\/fedai.az\/index.php?rest_route=\/wp\/v2\/posts\/51804\/revisions\/51808"}],"wp:featuredmedia":[{"embeddable":true,"href":"https:\/\/fedai.az\/index.php?rest_route=\/wp\/v2\/media\/51807"}],"wp:attachment":[{"href":"https:\/\/fedai.az\/index.php?rest_route=%2Fwp%2Fv2%2Fmedia&parent=51804"}],"wp:term":[{"taxonomy":"category","embeddable":true,"href":"https:\/\/fedai.az\/index.php?rest_route=%2Fwp%2Fv2%2Fcategories&post=51804"},{"taxonomy":"post_tag","embeddable":true,"href":"https:\/\/fedai.az\/index.php?rest_route=%2Fwp%2Fv2%2Ftags&post=51804"}],"curies":[{"name":"wp","href":"https:\/\/api.w.org\/{rel}","templated":true}]}}