{"id":51814,"date":"2021-10-23T03:11:01","date_gmt":"2021-10-22T23:11:01","guid":{"rendered":"https:\/\/fedai.az\/?p=51814"},"modified":"2021-10-23T03:11:04","modified_gmt":"2021-10-22T23:11:04","slug":"iran-t%c9%99yyar%c9%99-v%c9%99-dronlarin-istiraki-il%c9%99-h%c9%99rbi-t%c9%99lim-kecirib","status":"publish","type":"post","link":"https:\/\/fedai.az\/?p=51814","title":{"rendered":"\u0130ran t\u0259yyar\u0259 v\u0259 dronlar\u0131n i\u015ftirak\u0131 il\u0259 h\u0259rbi t\u0259lim ke\u00e7irib"},"content":{"rendered":"\n<p><strong>C\u00fcm\u0259 ax\u015fam\u0131 g\u00fcn\u00fc \u0130randa &#171;Vilay\u0259t s\u0259ma m\u00fcdafi\u0259\u00e7il\u0259ri 10&#187; adland\u0131r\u0131lan h\u0259rbi t\u0259limi t\u0259yyar\u0259 v\u0259 dronlar\u0131n manevrl\u0259ri il\u0259 ba\u015flay\u0131b.<\/strong><\/p>\n\n\n\n<p>A\u00e7\u0131l\u0131\u015f m\u0259rasimind\u0259 \u0130ran ordusunun komandan\u0131 v\u0259 dig\u0259r y\u00fcks\u0259k r\u00fctb\u0259li m\u0259murlar i\u015ftirak edibl\u0259r.<\/p>\n\n\n\n<p>T\u0259liml\u0259r \u0130ran\u0131n \u0130sfahan, Bu\u015fehr, T\u0259briz, Dezful, B\u0259nd\u0259r Abbas \u015f\u0259h\u0259rl\u0259rind\u0259 ke\u00e7irilib.<\/p>\n\n\n\n<p>\u0130ran H\u0259rbi Hava Q\u00fcvv\u0259l\u0259ri komandan\u0131 briqada general\u0131 H\u0259mid Vahedi deyib ki, t\u0259limd\u0259 H\u0259rbi Hava Q\u00fcvv\u0259l\u0259rinin b\u00fct\u00fcn bazalar\u0131 i\u015ftirak\u0131 edib, \u0130ran\u0131n \u0130RNA agentliyi yaz\u0131r.<\/p>\n\n\n\n<p>O s\u00f6yl\u0259yib ki, t\u0259limd\u0259 manevrl\u0259r &#171;birba\u015fa \u0259mr v\u0259 idar\u0259etm\u0259 vasit\u0259si il\u0259&#187; h\u0259yata ke\u00e7irilir.<\/p>\n\n\n\n<p>Komandir t\u0259liml\u0259rin \u0259sas m\u0259qs\u0259dinin &#171;planla\u015fd\u0131rma v\u0259 istiqam\u0259tl\u0259ndirm\u0259 i\u015fl\u0259ri&#187; oldu\u011funu deyib.<\/p>\n\n\n\n<p>Onun s\u00f6zl\u0259rin\u0259 g\u00f6r\u0259, t\u0259liml\u0259r Hava H\u00fccumundan M\u00fcdafi\u0259 Q\u00fcvv\u0259l\u0259rinin imkanlar\u0131n\u0131n bir hiss\u0259sini n\u00fcmayi\u015f etdirir.<\/p>\n\n\n\n<p>Bir m\u00fcdd\u0259t \u0259vv\u0259l \u0130ran Az\u0259rbaycanla s\u0259rh\u0259dd\u0259 h\u0259rbi t\u0259lim ke\u00e7irmi\u015f, bunu b\u00f6lg\u0259d\u0259 &#171;sionist rejimi&#187; t\u0259hl\u00fck\u0259si olmas\u0131 il\u0259 izah etmi\u015fdi. \u0130ran\u0131n s\u0259rh\u0259dd\u0259ki t\u0259limi r\u0259smi Bak\u0131n\u0131n naraz\u0131l\u0131\u011f\u0131na s\u0259b\u0259b olmu\u015f, Az\u0259rbaycan \u0130ran\u0131n ittihamlar\u0131n\u0131 r\u0259dd etmi\u015fdi.<\/p>\n\n\n\n<p>M\u0259nb\u0259: BBC<\/p>\n","protected":false},"excerpt":{"rendered":"<p>C\u00fcm\u0259 ax\u015fam\u0131 g\u00fcn\u00fc \u0130randa &#171;Vilay\u0259t s\u0259ma m\u00fcdafi\u0259\u00e7il\u0259ri 10&#187; adland\u0131r\u0131lan h\u0259rbi t\u0259limi t\u0259yyar\u0259 v\u0259 dronlar\u0131n manevrl\u0259ri il\u0259 ba\u015flay\u0131b. A\u00e7\u0131l\u0131\u015f m\u0259rasimind\u0259 \u0130ran ordusunun komandan\u0131 v\u0259 dig\u0259r<\/p>\n","protected":false},"author":2,"featured_media":51815,"comment_status":"closed","ping_status":"closed","sticky":false,"template":"","format":"standard","meta":{"footnotes":""},"categories":[13],"tags":[],"class_list":["post-51814","post","type-post","status-publish","format-standard","has-post-thumbnail","hentry","category-xarici"],"aioseo_notices":[],"_links":{"self":[{"href":"https:\/\/fedai.az\/index.php?rest_route=\/wp\/v2\/posts\/51814","targetHints":{"allow":["GET"]}}],"collection":[{"href":"https:\/\/fedai.az\/index.php?rest_route=\/wp\/v2\/posts"}],"about":[{"href":"https:\/\/fedai.az\/index.php?rest_route=\/wp\/v2\/types\/post"}],"author":[{"embeddable":true,"href":"https:\/\/fedai.az\/index.php?rest_route=\/wp\/v2\/users\/2"}],"replies":[{"embeddable":true,"href":"https:\/\/fedai.az\/index.php?rest_route=%2Fwp%2Fv2%2Fcomments&post=51814"}],"version-history":[{"count":1,"href":"https:\/\/fedai.az\/index.php?rest_route=\/wp\/v2\/posts\/51814\/revisions"}],"predecessor-version":[{"id":51816,"href":"https:\/\/fedai.az\/index.php?rest_route=\/wp\/v2\/posts\/51814\/revisions\/51816"}],"wp:featuredmedia":[{"embeddable":true,"href":"https:\/\/fedai.az\/index.php?rest_route=\/wp\/v2\/media\/51815"}],"wp:attachment":[{"href":"https:\/\/fedai.az\/index.php?rest_route=%2Fwp%2Fv2%2Fmedia&parent=51814"}],"wp:term":[{"taxonomy":"category","embeddable":true,"href":"https:\/\/fedai.az\/index.php?rest_route=%2Fwp%2Fv2%2Fcategories&post=51814"},{"taxonomy":"post_tag","embeddable":true,"href":"https:\/\/fedai.az\/index.php?rest_route=%2Fwp%2Fv2%2Ftags&post=51814"}],"curies":[{"name":"wp","href":"https:\/\/api.w.org\/{rel}","templated":true}]}}