{"id":51820,"date":"2021-10-23T03:22:42","date_gmt":"2021-10-22T23:22:42","guid":{"rendered":"https:\/\/fedai.az\/?p=51820"},"modified":"2021-10-23T03:22:45","modified_gmt":"2021-10-22T23:22:45","slug":"%c9%99rdogan-f%c9%99th-ed%c9%99r%c9%99k-ir%c9%99lil%c9%99yir-fransanin-le-point-jurnali","status":"publish","type":"post","link":"https:\/\/fedai.az\/?p=51820","title":{"rendered":"&#171;\u018frdo\u011fan f\u0259th ed\u0259r\u0259k ir\u0259lil\u0259yir&#8230;&#187; &#8212; Fransan\u0131n \u201cLe Point\u201d jurnal\u0131"},"content":{"rendered":"\n<p><strong>T\u00fcrkiy\u0259 Prezidenti R\u0259c\u0259b Tayyib \u018frdo\u011fan\u0131n Afrika qit\u0259sin\u0259 s\u0259f\u0259ri Fransa ba\u015fda olmaqla d\u00fcnya m\u0259tbuat\u0131n\u0131n ciddi mara\u011f\u0131na s\u0259b\u0259b olub.<\/strong><\/p>\n\n\n\n<p>Fransan\u0131n \u201cLe Point\u201d jurnal\u0131 &#171;\u018frdo\u011fan f\u0259th ed\u0259r\u0259k ir\u0259lil\u0259yir&#187; ba\u015fl\u0131ql\u0131 x\u0259b\u0259r d\u0259rc edib.<\/p>\n\n\n\n<p>X\u0259b\u0259rd\u0259 T\u00fcrkiy\u0259nin h\u0259rbi, iqtisadi v\u0259 diplomatik bax\u0131mdan qit\u0259d\u0259 \u0259h\u0259miyy\u0259tli add\u0131mlar atd\u0131\u011f\u0131 qeyd edilib: &#171;T\u00fcrkiy\u0259 Prezidenti \u00f6lk\u0259sinin Afrika il\u0259 \u0259laq\u0259l\u0259rini g\u00fccl\u0259ndirm\u0259yi h\u0259d\u0259fl\u0259yir&#187;.<\/p>\n\n\n\n<p>Jurnal Afrikan\u0131n \u0259n \u00e7ox \u0259halisi olan ikinci \u00f6lk\u0259si Efiopiyada T\u00fcrkiy\u0259nin \u00c7ind\u0259n sonra \u0259n \u00e7ox s\u0259rmay\u0259 qoyan \u00f6lk\u0259 oldu\u011funa da diqq\u0259t \u00e7\u0259kib.<\/p>\n\n\n\n<p>Fransan\u0131n d\u00f6vl\u0259t radiosu \u201cRFI\u201dd\u0259 veril\u0259n t\u0259hlild\u0259 is\u0259 s\u0259f\u0259rin Fransa kimi ke\u00e7mi\u015f m\u00fcst\u0259ml\u0259k\u0259 g\u00fccl\u0259rinin iqtisadi hegemonlu\u011funu pozmaq v\u0259 \u00c7inin t\u0259sirin\u0259 qar\u015f\u0131 \u00e7\u0131xmaq c\u0259hdl\u0259ri kimi xarakteriz\u0259 olunub.<\/p>\n\n\n\n<p>\u201cMidle East Eye\u201d agentliyind\u0259 yer alan x\u0259b\u0259rd\u0259 deyilir: &#171;Prezident \u018frdo\u011fan bir s\u0131ra pilotsuz u\u00e7u\u015f aparatlar\u0131 il\u0259 Ankaran\u0131n Afrika \u00f6lk\u0259l\u0259ri il\u0259 \u0259laq\u0259l\u0259rini d\u0259rinl\u0259\u015fdirdi&#187;.<\/p>\n\n\n\n<p>M\u0259nb\u0259: Teleqraf.com<\/p>\n","protected":false},"excerpt":{"rendered":"<p>T\u00fcrkiy\u0259 Prezidenti R\u0259c\u0259b Tayyib \u018frdo\u011fan\u0131n Afrika qit\u0259sin\u0259 s\u0259f\u0259ri Fransa ba\u015fda olmaqla d\u00fcnya m\u0259tbuat\u0131n\u0131n ciddi mara\u011f\u0131na s\u0259b\u0259b olub. Fransan\u0131n \u201cLe Point\u201d jurnal\u0131 &#171;\u018frdo\u011fan f\u0259th ed\u0259r\u0259k<\/p>\n","protected":false},"author":2,"featured_media":51821,"comment_status":"closed","ping_status":"closed","sticky":false,"template":"","format":"standard","meta":{"footnotes":""},"categories":[1],"tags":[],"class_list":["post-51820","post","type-post","status-publish","format-standard","has-post-thumbnail","hentry","category-siyast"],"aioseo_notices":[],"_links":{"self":[{"href":"https:\/\/fedai.az\/index.php?rest_route=\/wp\/v2\/posts\/51820","targetHints":{"allow":["GET"]}}],"collection":[{"href":"https:\/\/fedai.az\/index.php?rest_route=\/wp\/v2\/posts"}],"about":[{"href":"https:\/\/fedai.az\/index.php?rest_route=\/wp\/v2\/types\/post"}],"author":[{"embeddable":true,"href":"https:\/\/fedai.az\/index.php?rest_route=\/wp\/v2\/users\/2"}],"replies":[{"embeddable":true,"href":"https:\/\/fedai.az\/index.php?rest_route=%2Fwp%2Fv2%2Fcomments&post=51820"}],"version-history":[{"count":1,"href":"https:\/\/fedai.az\/index.php?rest_route=\/wp\/v2\/posts\/51820\/revisions"}],"predecessor-version":[{"id":51822,"href":"https:\/\/fedai.az\/index.php?rest_route=\/wp\/v2\/posts\/51820\/revisions\/51822"}],"wp:featuredmedia":[{"embeddable":true,"href":"https:\/\/fedai.az\/index.php?rest_route=\/wp\/v2\/media\/51821"}],"wp:attachment":[{"href":"https:\/\/fedai.az\/index.php?rest_route=%2Fwp%2Fv2%2Fmedia&parent=51820"}],"wp:term":[{"taxonomy":"category","embeddable":true,"href":"https:\/\/fedai.az\/index.php?rest_route=%2Fwp%2Fv2%2Fcategories&post=51820"},{"taxonomy":"post_tag","embeddable":true,"href":"https:\/\/fedai.az\/index.php?rest_route=%2Fwp%2Fv2%2Ftags&post=51820"}],"curies":[{"name":"wp","href":"https:\/\/api.w.org\/{rel}","templated":true}]}}