{"id":51829,"date":"2021-10-23T10:46:37","date_gmt":"2021-10-23T06:46:37","guid":{"rendered":"https:\/\/fedai.az\/?p=51829"},"modified":"2021-10-23T11:41:03","modified_gmt":"2021-10-23T07:41:03","slug":"avmvib-d%c9%99-yeni-t%c9%99yinat-7","status":"publish","type":"post","link":"https:\/\/fedai.az\/?p=51829","title":{"rendered":"AVMV\u0130B-D\u018f YEN\u0130 T\u018fY\u0130NAT"},"content":{"rendered":"\n<p><strong>Az\u0259rbaycan V\u0259t\u0259n M\u00fcharib\u0259si Veteranlar\u0131 \u0130ctimai Birliyi (AVMV\u0130B) s\u0259drinin \u0259mriyl\u0259 Beyl\u0259qan rayon \u015f\u00f6b\u0259sin\u0259 yeni s\u0259dr t\u0259yin edilib. M\u00fcharib\u0259 veteran\u0131 \u018fl\u00f6vs\u0259t M\u0259mm\u0259dov AVMV\u0130B Beyl\u0259qan rayon \u015f\u00f6b\u0259sinin s\u0259dri t\u0259yin olunub.<\/strong><\/p>\n\n\n\n<p><strong>Az\u0259rbaycan V\u0259t\u0259n M\u00fcharib\u0259si Veteranlar\u0131 \u0130ctimai Birliyi s\u0259drinin \u0259mriyl\u0259 Beyl\u0259qan rayon \u015f\u00f6b\u0259sinin s\u0259dri Fuad Z\u00f6hrabov tutdu\u011fu v\u0259zif\u0259d\u0259n azad edilib.<\/strong><\/p>\n\n\n\n<figure class=\"wp-block-image size-large is-resized\"><img loading=\"lazy\" decoding=\"async\" src=\"https:\/\/fedai.az\/wp-content\/uploads\/2021\/10\/247870721_119959797112733_4263018167826732670_n-498x1024.jpg\" alt=\"\" class=\"wp-image-51844\" width=\"924\" height=\"1606\"\/><\/figure>\n\n\n\n<p><strong>AVMV\u0130B s\u0259dri F\u00fczuli Rzaquliyev yeni s\u0259dr\u0259 u\u011furlar arzulay\u0131b. O, bu t\u0259yinat\u0131n \u015f\u00f6b\u0259nin f\u0259aliyy\u0259tind\u0259 d\u00f6n\u00fc\u015f yaradaca\u011f\u0131na inand\u0131\u011f\u0131na \u00fcmid etdiyini bildirib.&nbsp;<\/strong><\/p>\n\n\n\n<p><strong>T\u0259brik edirik!<\/strong><\/p>\n\n\n\n<p><strong>AVMV\u0130B M\u018fTBUAT X\u0130DM\u018fT\u0130<\/strong><\/p>\n","protected":false},"excerpt":{"rendered":"<p>Az\u0259rbaycan V\u0259t\u0259n M\u00fcharib\u0259si Veteranlar\u0131 \u0130ctimai Birliyi (AVMV\u0130B) s\u0259drinin \u0259mriyl\u0259 Beyl\u0259qan rayon \u015f\u00f6b\u0259sin\u0259 yeni s\u0259dr t\u0259yin edilib. M\u00fcharib\u0259 veteran\u0131 \u018fl\u00f6vs\u0259t M\u0259mm\u0259dov AVMV\u0130B Beyl\u0259qan rayon \u015f\u00f6b\u0259sinin<\/p>\n","protected":false},"author":2,"featured_media":51847,"comment_status":"closed","ping_status":"closed","sticky":false,"template":"","format":"standard","meta":{"footnotes":""},"categories":[11],"tags":[],"class_list":["post-51829","post","type-post","status-publish","format-standard","has-post-thumbnail","hentry","category-tbrik"],"aioseo_notices":[],"_links":{"self":[{"href":"https:\/\/fedai.az\/index.php?rest_route=\/wp\/v2\/posts\/51829","targetHints":{"allow":["GET"]}}],"collection":[{"href":"https:\/\/fedai.az\/index.php?rest_route=\/wp\/v2\/posts"}],"about":[{"href":"https:\/\/fedai.az\/index.php?rest_route=\/wp\/v2\/types\/post"}],"author":[{"embeddable":true,"href":"https:\/\/fedai.az\/index.php?rest_route=\/wp\/v2\/users\/2"}],"replies":[{"embeddable":true,"href":"https:\/\/fedai.az\/index.php?rest_route=%2Fwp%2Fv2%2Fcomments&post=51829"}],"version-history":[{"count":2,"href":"https:\/\/fedai.az\/index.php?rest_route=\/wp\/v2\/posts\/51829\/revisions"}],"predecessor-version":[{"id":51848,"href":"https:\/\/fedai.az\/index.php?rest_route=\/wp\/v2\/posts\/51829\/revisions\/51848"}],"wp:featuredmedia":[{"embeddable":true,"href":"https:\/\/fedai.az\/index.php?rest_route=\/wp\/v2\/media\/51847"}],"wp:attachment":[{"href":"https:\/\/fedai.az\/index.php?rest_route=%2Fwp%2Fv2%2Fmedia&parent=51829"}],"wp:term":[{"taxonomy":"category","embeddable":true,"href":"https:\/\/fedai.az\/index.php?rest_route=%2Fwp%2Fv2%2Fcategories&post=51829"},{"taxonomy":"post_tag","embeddable":true,"href":"https:\/\/fedai.az\/index.php?rest_route=%2Fwp%2Fv2%2Ftags&post=51829"}],"curies":[{"name":"wp","href":"https:\/\/api.w.org\/{rel}","templated":true}]}}