{"id":51839,"date":"2021-10-23T11:07:47","date_gmt":"2021-10-23T07:07:47","guid":{"rendered":"https:\/\/fedai.az\/?p=51839"},"modified":"2021-10-23T12:41:14","modified_gmt":"2021-10-23T08:41:14","slug":"erm%c9%99nistan-v%c9%99-az%c9%99rbaycan-noyabrin-9-da-moskvada-hansi-s%c9%99n%c9%99dl%c9%99ri-imzalayacaq","status":"publish","type":"post","link":"https:\/\/fedai.az\/?p=51839","title":{"rendered":"Erm\u0259nistan v\u0259 Az\u0259rbaycan noyabr\u0131n 9-da Moskvada hans\u0131 s\u0259n\u0259dl\u0259ri \u0130MZALAYACAQ?"},"content":{"rendered":"\n<p><strong>\u201cErm\u0259nistan v\u0259 Az\u0259rbaycan noyabr\u0131n 9-da Moskvada iki s\u0259n\u0259d imzalayacaq\u201d.<\/strong><\/p>\n\n\n\n<p>Erm\u0259ni K\u0130V-l\u0259ri v\u0259  x\u0259b\u0259r  v\u0259 Yandex.ru verir ki, noyabr\u0131n 9-da Erm\u0259nistan v\u0259 Az\u0259rbaycan Moskvada iki yeni s\u0259n\u0259d imzalayacaq. Bu bar\u0259d\u0259 etibarl\u0131 diplomatik m\u0259nb\u0259l\u0259rd\u0259n m\u0259lumat verilib.<\/p>\n\n\n\n<p>Son anda fors-major v\u0259ziyy\u0259t yaranmasa, Vladimir Putinin vasit\u0259\u00e7iliyi v\u0259 i\u015ftirak\u0131 il\u0259 dem\u0259k olar ki, yekun olan iki s\u0259n\u0259d Nikol Pa\u015finyan v\u0259 \u0130lham \u018fliyev t\u0259r\u0259find\u0259n imzalanacaq.<\/p>\n\n\n\n<p>Birinci s\u0259n\u0259d Erm\u0259nistanla Az\u0259rbaycan aras\u0131nda d\u00f6vl\u0259t s\u0259rh\u0259dinin demarkasiyas\u0131 v\u0259 delimitasiyas\u0131na aiddir. SSR\u0130 M\u00fcdafi\u0259 Nazirliyinin Ba\u015f Q\u0259rargah\u0131n\u0131n 1920-ci ill\u0259rin x\u0259rit\u0259l\u0259rin\u0259 \u0259sas\u0259n \u0130r\u0259van v\u0259 Bak\u0131 bir-birinin s\u0259rh\u0259dl\u0259rini v\u0259 \u0259razi b\u00fct\u00f6vl\u00fcy\u00fcn\u00fc tan\u0131yacaq. Vladimir Putinin d\u00fcn\u0259n bu kartlar\u0131 xat\u0131rlatmas\u0131 t\u0259sad\u00fcfi deyildi.<\/p>\n\n\n\n<p>Ba\u015f nazirl\u0259rin m\u00fcavinl\u0259ri s\u0259viyy\u0259sind\u0259 bu yax\u0131nlarda ke\u00e7irilmi\u015f Erm\u0259nistan-Rusiya-Az\u0259rbaycan g\u00f6r\u00fc\u015f\u00fc n\u0259tic\u0259sind\u0259 dem\u0259k olar ki, yekun raz\u0131l\u0131\u011f\u0131n \u0259ld\u0259 edildiyi ikinci s\u0259n\u0259d regionda kommunikasiyalar\u0131n, x\u00fcsus\u0259n d\u0259 Az\u0259rbaycan v\u0259 Nax\u00e7\u0131van aras\u0131nda d\u0259hlizin a\u00e7\u0131lmas\u0131na aiddir.<\/p>\n\n\n\n<p>9 noyabr t\u0259sad\u00fcf\u0259n se\u00e7ilm\u0259yib. 2020-ci ilin bu g\u00fcn\u00fcnd\u0259 Erm\u0259nistan\u0131n ba\u015f naziri v\u0259 Az\u0259rbaycan prezidenti Rusiya prezidentinin vasit\u0259\u00e7iliyi il\u0259 Qaraba\u011fda h\u0259rbi \u0259m\u0259liyyatlar\u0131n dayand\u0131r\u0131lmas\u0131 il\u0259 ba\u011fl\u0131 \u00fc\u00e7t\u0259r\u0259fli b\u0259yanat imzalay\u0131blar.<\/p>\n\n\n\n<p><strong>Sabah &#171;Aliq media&#187; imzalanacaq iki s\u0259n\u0259d, o c\u00fcml\u0259d\u0259n \u201cyollar \u2013 d\u0259hlizl\u0259r\u201d haqq\u0131nda v\u0259 Qaraba\u011f\u0131n statusu haqq\u0131nda (!!!) daha \u0259trafl\u0131 m\u0259lumat ver\u0259c\u0259k.<\/strong><\/p>\n","protected":false},"excerpt":{"rendered":"<p>\u201cErm\u0259nistan v\u0259 Az\u0259rbaycan noyabr\u0131n 9-da Moskvada iki s\u0259n\u0259d imzalayacaq\u201d. Erm\u0259ni K\u0130V-l\u0259ri v\u0259 x\u0259b\u0259r v\u0259 Yandex.ru verir ki, noyabr\u0131n 9-da Erm\u0259nistan v\u0259 Az\u0259rbaycan Moskvada iki<\/p>\n","protected":false},"author":2,"featured_media":51841,"comment_status":"closed","ping_status":"closed","sticky":false,"template":"","format":"standard","meta":{"footnotes":""},"categories":[4],"tags":[],"class_list":["post-51839","post","type-post","status-publish","format-standard","has-post-thumbnail","hentry","category-qarabag"],"aioseo_notices":[],"_links":{"self":[{"href":"https:\/\/fedai.az\/index.php?rest_route=\/wp\/v2\/posts\/51839","targetHints":{"allow":["GET"]}}],"collection":[{"href":"https:\/\/fedai.az\/index.php?rest_route=\/wp\/v2\/posts"}],"about":[{"href":"https:\/\/fedai.az\/index.php?rest_route=\/wp\/v2\/types\/post"}],"author":[{"embeddable":true,"href":"https:\/\/fedai.az\/index.php?rest_route=\/wp\/v2\/users\/2"}],"replies":[{"embeddable":true,"href":"https:\/\/fedai.az\/index.php?rest_route=%2Fwp%2Fv2%2Fcomments&post=51839"}],"version-history":[{"count":4,"href":"https:\/\/fedai.az\/index.php?rest_route=\/wp\/v2\/posts\/51839\/revisions"}],"predecessor-version":[{"id":51851,"href":"https:\/\/fedai.az\/index.php?rest_route=\/wp\/v2\/posts\/51839\/revisions\/51851"}],"wp:featuredmedia":[{"embeddable":true,"href":"https:\/\/fedai.az\/index.php?rest_route=\/wp\/v2\/media\/51841"}],"wp:attachment":[{"href":"https:\/\/fedai.az\/index.php?rest_route=%2Fwp%2Fv2%2Fmedia&parent=51839"}],"wp:term":[{"taxonomy":"category","embeddable":true,"href":"https:\/\/fedai.az\/index.php?rest_route=%2Fwp%2Fv2%2Fcategories&post=51839"},{"taxonomy":"post_tag","embeddable":true,"href":"https:\/\/fedai.az\/index.php?rest_route=%2Fwp%2Fv2%2Ftags&post=51839"}],"curies":[{"name":"wp","href":"https:\/\/api.w.org\/{rel}","templated":true}]}}