{"id":51856,"date":"2021-10-23T23:34:28","date_gmt":"2021-10-23T19:34:28","guid":{"rendered":"https:\/\/fedai.az\/?p=51856"},"modified":"2021-10-23T23:34:30","modified_gmt":"2021-10-23T19:34:30","slug":"erm%c9%99nil%c9%99rin-anti-az%c9%99rbaycan-dezinformasiyalari","status":"publish","type":"post","link":"https:\/\/fedai.az\/?p=51856","title":{"rendered":"Erm\u0259nil\u0259rin Anti Az\u0259rbaycan dezinformasiyalar\u0131"},"content":{"rendered":"\n<p><strong>B\u0259zi q\u00fcvv\u0259l\u0259r h\u0259l\u0259 d\u0259 bu \u00fcsullar \u00fcz\u0259rind\u0259 \u00e7al\u0131\u015f\u0131rlar. Lakin g\u0259lin h\u0259r \u015feyi ard\u0131c\u0131l n\u0259z\u0259rd\u0259n ke\u00e7ir\u0259k. 2021-ci il oktyabr\u0131n 11-d\u0259 thomsonadam.co.uk internet resursunda B\u00f6y\u00fck Britaniyan\u0131n NATO yan\u0131nda ke\u00e7mi\u015f s\u0259firi Adam Tomsonun bel\u0259 bir ba\u015fl\u0131ql\u0131 material\u0131 d\u0259rc olunub: &#171;NATO-nun X\u0259z\u0259r sahilin\u0259 bax\u0131\u015f\u0131&#187;.<\/strong><\/p>\n\n\n\n<p>Fedai.az caliber.az-a istinad\u0259n bildirir ki, m\u0259qal\u0259nin m\u00fc\u0259llifl\u0259ri guya Adam Tomson v\u0259 Birl\u0259\u015fmi\u015f Krall\u0131\u011f\u0131n alyans yan\u0131nda haz\u0131rki s\u0259firi Sara Makinto\u015fdur.<\/p>\n\n\n\n<figure class=\"wp-block-image size-large is-resized\"><img loading=\"lazy\" decoding=\"async\" src=\"https:\/\/fedai.az\/wp-content\/uploads\/2021\/10\/29d00f086c6b95b59c806730d5d6ed5c.jpg\" alt=\"\" class=\"wp-image-51859\" width=\"919\" height=\"374\" srcset=\"https:\/\/fedai.az\/wp-content\/uploads\/2021\/10\/29d00f086c6b95b59c806730d5d6ed5c.jpg 621w, https:\/\/fedai.az\/wp-content\/uploads\/2021\/10\/29d00f086c6b95b59c806730d5d6ed5c-300x122.jpg 300w, https:\/\/fedai.az\/wp-content\/uploads\/2021\/10\/29d00f086c6b95b59c806730d5d6ed5c-150x61.jpg 150w\" sizes=\"auto, (max-width: 919px) 100vw, 919px\" \/><\/figure>\n\n\n\n<p>M\u0259qal\u0259nin leytmotivi Z\u0259ng\u0259zur d\u0259hlizidir. Materialda bel\u0259 t\u0259xribat\u00e7\u0131 ideyalar \u0259ks olunub ki, guya Az\u0259rbaycan il\u0259 Nax\u00e7\u0131van aras\u0131nda quru yolunun b\u0259rpas\u0131 r\u0259smi Bak\u0131n\u0131n NATO-ya \u00fczvl\u00fcy\u00fcn\u0259 yol a\u00e7acaq v\u0259 h\u0259m Rusiyan\u0131n, h\u0259m d\u0259 \u00c7inin maraqlar\u0131na z\u0259rb\u0259 vuracaq.<\/p>\n\n\n\n<figure class=\"wp-block-image size-large is-resized\"><img loading=\"lazy\" decoding=\"async\" src=\"https:\/\/fedai.az\/wp-content\/uploads\/2021\/10\/6d10cccf2ec37729635234b4b585a1a1-1.jpg\" alt=\"\" class=\"wp-image-51860\" width=\"925\" height=\"1183\" srcset=\"https:\/\/fedai.az\/wp-content\/uploads\/2021\/10\/6d10cccf2ec37729635234b4b585a1a1-1.jpg 648w, https:\/\/fedai.az\/wp-content\/uploads\/2021\/10\/6d10cccf2ec37729635234b4b585a1a1-1-234x300.jpg 234w, https:\/\/fedai.az\/wp-content\/uploads\/2021\/10\/6d10cccf2ec37729635234b4b585a1a1-1-117x150.jpg 117w\" sizes=\"auto, (max-width: 925px) 100vw, 925px\" \/><\/figure>\n\n\n\n<p>Lakin biz material\u0131n \u0259vv\u0259lind\u0259 he\u00e7 d\u0259 nahaq yer\u0259 &#171;feykl\u0259r&#187; haqq\u0131nda dan\u0131\u015fmad\u0131q. Bel\u0259 ki, yoxlan\u0131ld\u0131qdan sonra bu m\u0259qal\u0259nin d\u0259 &#171;q\u0259zet \u00f6rd\u0259yi&#187; oldu\u011fu ortaya \u00e7\u0131x\u0131b. Bunu m\u00fc\u0259yy\u0259n etm\u0259k he\u00e7 d\u0259 \u00e7\u0259tin olmay\u0131b. Bu if\u015fan\u0131 is\u0259 el\u0259 Adam Tomsonun \u00f6z\u00fc edib. O, \u00f6z tviter hesab\u0131nda bu dezinformasiyaya he\u00e7 bir aidiyyat\u0131 olmad\u0131\u011f\u0131n\u0131 a\u00e7\u0131qlay\u0131b.<\/p>\n\n\n\n<p>&#171;M\u0259nim \u015f\u0259xsi bloqum yoxdur, m\u0259nim ad\u0131mdan yarad\u0131lm\u0131\u015f bloq is\u0259 saxtad\u0131r v\u0259 m\u0259n bu bar\u0259d\u0259 polis\u0259 m\u0259lumat ver\u0259c\u0259y\u0259m&#187;, &#8212; Tomson yaz\u0131b.<\/p>\n\n\n\n<p>Bundan ba\u015fqa, m\u0259qal\u0259y\u0259 \u015f\u0259rh bildir\u0259n v\u0259 payla\u015fanlar\u0131n \u00e7oxu erm\u0259nil\u0259r d\u0259 onlar\u0131n t\u0259\u0259ss\u00fcb\u00fcn\u00fc \u00e7\u0259k\u0259n istifad\u0259\u00e7il\u0259rdir. M\u0259lumdur ki, tviterin alqoritmin\u0259 g\u00f6r\u0259, \u00e7oxu r\u0259y v\u0259 payla\u015f\u0131m tvitin daha \u00e7ox yay\u0131lmas\u0131na \u015f\u0259rait yarad\u0131r.<\/p>\n\n\n\n<p>Livan erm\u0259nisin\u0259 m\u0259xsus bu istifad\u0259\u00e7i profili 2020-ci ild\u0259 44 g\u00fcnl\u00fck m\u00fcharib\u0259 d\u00f6vr\u00fcnd\u0259 yarad\u0131l\u0131b. Bu profild\u0259 fars \u015fovinizmini t\u0259bli\u011f ed\u0259n v\u0259 Az\u0259rbaycan haqq\u0131nda dezinformasiya v\u0259 yalanlar payla\u015fan &#171;MiranPress&#187; informasiya resursu a\u00e7\u0131q \u015f\u0259kild\u0259 d\u0259st\u0259kl\u0259nir. Bundan \u0259lav\u0259, bu resursun arxas\u0131nda x\u00fcsusi xidm\u0259t orqanlar\u0131n\u0131n izi g\u00f6r\u00fcn\u00fcr. Resursun \u0259n son payla\u015f\u0131mlar\u0131ndan biri il\u0259 tan\u0131\u015f olun:<\/p>\n\n\n\n<p>D\u00fcn\u0259n &#171;MiranPress&#187; teleqram-kanal\u0131nda NATO-nun C\u0259nubi Qafqaz \u00fczr\u0259 x\u00fcsusi n\u00fcmay\u0259nd\u0259si Xavyer Kolominan\u0131n Erm\u0259nistan\u0131n r\u0259smi n\u00fcmay\u0259nd\u0259si il\u0259 g\u00f6r\u00fc\u015f\u00fc payla\u015f\u0131lm\u0131\u015f x\u0259b\u0259rd\u0259 yuxar\u0131da haqq\u0131nda dan\u0131\u015f\u0131lan saxta m\u0259qal\u0259ni \u0259ks etdir\u0259n narrativ t\u0259krarlan\u0131b. Orada deyilirdi ki, &#171;Bildiyiniz kimi NATO Z\u0259ng\u0259zur d\u0259hlizinin a\u00e7\u0131lmas\u0131n\u0131 d\u0259st\u0259kl\u0259yir&#187;.<\/p>\n\n\n\n<figure class=\"wp-block-image size-large is-resized\"><img loading=\"lazy\" decoding=\"async\" src=\"https:\/\/fedai.az\/wp-content\/uploads\/2021\/10\/ab8899b1a19f40cb4cc7800315144d99.jpg\" alt=\"\" class=\"wp-image-51858\" width=\"919\" height=\"707\" srcset=\"https:\/\/fedai.az\/wp-content\/uploads\/2021\/10\/ab8899b1a19f40cb4cc7800315144d99.jpg 759w, https:\/\/fedai.az\/wp-content\/uploads\/2021\/10\/ab8899b1a19f40cb4cc7800315144d99-300x231.jpg 300w, https:\/\/fedai.az\/wp-content\/uploads\/2021\/10\/ab8899b1a19f40cb4cc7800315144d99-150x115.jpg 150w, https:\/\/fedai.az\/wp-content\/uploads\/2021\/10\/ab8899b1a19f40cb4cc7800315144d99-345x265.jpg 345w\" sizes=\"auto, (max-width: 919px) 100vw, 919px\" \/><\/figure>\n\n\n\n<p>Adam Tomson yazd\u0131\u011f\u0131 iddia edil\u0259n saxta m\u0259qal\u0259y\u0259 qay\u0131tsaq, \u00fc\u00e7 a\u00e7\u0131q n\u0259tic\u0259 \u00f6z\u00fcn\u00fc g\u00f6st\u0259rir.<\/p>\n\n\n\n<p>Birincisi, bu m\u0259lumat m\u0259hz o zaman ortaya \u00e7\u0131xd\u0131 ki, rayonda, o c\u00fcml\u0259d\u0259n Z\u0259ng\u0259zurda n\u0259qliyyat d\u0259hlizl\u0259rinin tezlikl\u0259 a\u00e7\u0131laca\u011f\u0131 bar\u0259d\u0259 s\u00f6hb\u0259tl\u0259r getdikc\u0259 artd\u0131. Bu is\u0259 onu g\u00f6st\u0259rir ki, m\u00fc\u0259yy\u0259n q\u00fcvv\u0259l\u0259r n\u0259qliyyat kommunikasiyalar\u0131n\u0131n a\u00e7\u0131lmas\u0131n\u0131n qar\u015f\u0131s\u0131n\u0131 almaq \u00fc\u00e7\u00fcn planlar haz\u0131rlay\u0131rlar.<\/p>\n\n\n\n<p>\u0130kincisi, C\u0259nubi Qafqazda n\u0259qliyyat d\u0259hlizl\u0259rinin a\u00e7\u0131lmas\u0131 kontekstind\u0259 NATO-nun xat\u0131rlanmas\u0131 Rusiya v\u0259 \u00c7in kimi geosiyasi a\u011f\u0131r \u00e7\u0259kili d\u00f6vl\u0259tl\u0259ri q\u0131c\u0131qland\u0131rmaq m\u0259qs\u0259di da\u015f\u0131y\u0131r.<\/p>\n\n\n\n<figure class=\"wp-block-image size-large\"><img loading=\"lazy\" decoding=\"async\" width=\"752\" height=\"652\" src=\"https:\/\/fedai.az\/wp-content\/uploads\/2021\/10\/565a629d298b02152ec695a3dcc02162-1.jpg\" alt=\"\" class=\"wp-image-51857\" srcset=\"https:\/\/fedai.az\/wp-content\/uploads\/2021\/10\/565a629d298b02152ec695a3dcc02162-1.jpg 752w, https:\/\/fedai.az\/wp-content\/uploads\/2021\/10\/565a629d298b02152ec695a3dcc02162-1-300x260.jpg 300w, https:\/\/fedai.az\/wp-content\/uploads\/2021\/10\/565a629d298b02152ec695a3dcc02162-1-150x130.jpg 150w\" sizes=\"auto, (max-width: 752px) 100vw, 752px\" \/><\/figure>\n\n\n\n<p>\u00dc\u00e7\u00fcnc\u00fcs\u00fc, bu t\u0259xribat\u00e7\u0131 add\u0131m\u0131n \u0130ranla Az\u0259rbaycan aras\u0131nda g\u0259rginliyin azalmas\u0131 fonunda Bak\u0131 il\u0259 Tehran aras\u0131nda n\u00f6vb\u0259ti qar\u015f\u0131durmaya t\u00f6hf\u0259 ver\u0259n yeni bir t\u0259tik\u00e7i olmas\u0131 n\u0259z\u0259rd\u0259 tutulur.<\/p>\n\n\n\n<p>V\u0259 sonda xat\u0131rladaq ki, r\u0259smi Bak\u0131 Qo\u015fulmama H\u0259r\u0259kat\u0131n\u0131n t\u0259r\u0259fdar\u0131 oldu\u011funu v\u0259 he\u00e7 bir h\u0259rbi-siyasi bloka qo\u015fulmaq niyy\u0259tind\u0259 olmad\u0131\u011f\u0131n\u0131 d\u0259f\u0259l\u0259rl\u0259 b\u0259yan edib.<\/p>\n\n\n\n<p>B\u0259s bu n\u00fcanslar erm\u0259nil\u0259ri v\u0259 onlar\u0131n feyk-komentl\u0259rin\u0259 can\u0131yananl\u0131q ed\u0259nl\u0259ri maraql\u0131d\u0131rm\u0131? Sual ritorikdir.<\/p>\n","protected":false},"excerpt":{"rendered":"<p>B\u0259zi q\u00fcvv\u0259l\u0259r h\u0259l\u0259 d\u0259 bu \u00fcsullar \u00fcz\u0259rind\u0259 \u00e7al\u0131\u015f\u0131rlar. Lakin g\u0259lin h\u0259r \u015feyi ard\u0131c\u0131l n\u0259z\u0259rd\u0259n ke\u00e7ir\u0259k. 2021-ci il oktyabr\u0131n 11-d\u0259 thomsonadam.co.uk internet resursunda B\u00f6y\u00fck Britaniyan\u0131n<\/p>\n","protected":false},"author":2,"featured_media":51861,"comment_status":"closed","ping_status":"closed","sticky":false,"template":"","format":"standard","meta":{"footnotes":""},"categories":[6],"tags":[],"class_list":["post-51856","post","type-post","status-publish","format-standard","has-post-thumbnail","hentry","category-arasdirma"],"aioseo_notices":[],"_links":{"self":[{"href":"https:\/\/fedai.az\/index.php?rest_route=\/wp\/v2\/posts\/51856","targetHints":{"allow":["GET"]}}],"collection":[{"href":"https:\/\/fedai.az\/index.php?rest_route=\/wp\/v2\/posts"}],"about":[{"href":"https:\/\/fedai.az\/index.php?rest_route=\/wp\/v2\/types\/post"}],"author":[{"embeddable":true,"href":"https:\/\/fedai.az\/index.php?rest_route=\/wp\/v2\/users\/2"}],"replies":[{"embeddable":true,"href":"https:\/\/fedai.az\/index.php?rest_route=%2Fwp%2Fv2%2Fcomments&post=51856"}],"version-history":[{"count":1,"href":"https:\/\/fedai.az\/index.php?rest_route=\/wp\/v2\/posts\/51856\/revisions"}],"predecessor-version":[{"id":51862,"href":"https:\/\/fedai.az\/index.php?rest_route=\/wp\/v2\/posts\/51856\/revisions\/51862"}],"wp:featuredmedia":[{"embeddable":true,"href":"https:\/\/fedai.az\/index.php?rest_route=\/wp\/v2\/media\/51861"}],"wp:attachment":[{"href":"https:\/\/fedai.az\/index.php?rest_route=%2Fwp%2Fv2%2Fmedia&parent=51856"}],"wp:term":[{"taxonomy":"category","embeddable":true,"href":"https:\/\/fedai.az\/index.php?rest_route=%2Fwp%2Fv2%2Fcategories&post=51856"},{"taxonomy":"post_tag","embeddable":true,"href":"https:\/\/fedai.az\/index.php?rest_route=%2Fwp%2Fv2%2Ftags&post=51856"}],"curies":[{"name":"wp","href":"https:\/\/api.w.org\/{rel}","templated":true}]}}