{"id":51863,"date":"2021-10-24T01:01:58","date_gmt":"2021-10-23T21:01:58","guid":{"rendered":"https:\/\/fedai.az\/?p=51863"},"modified":"2021-10-24T01:02:00","modified_gmt":"2021-10-23T21:02:00","slug":"mehriban-%c9%99liyevadan-z%c9%99ngilandan-maraqli-fotosunu-paylasdi","status":"publish","type":"post","link":"https:\/\/fedai.az\/?p=51863","title":{"rendered":"Mehriban \u018fliyevadan Z\u0259ngilandan maraql\u0131 FOTOSUNU payla\u015fd\u0131"},"content":{"rendered":"\n<p><strong>Birinci vitse-prezident Mehriban \u018fliyeva r\u0259smi instaqram s\u0259hif\u0259sind\u0259 Prezident \u0130lham \u018fliyevin Z\u0259ngilan rayonu, A\u011fal\u0131 k\u0259ndind\u0259 \u00e7\u0259kilmi\u015f maraql\u0131 fotosunu payla\u015f\u0131b.&nbsp;<\/strong><\/p>\n\n\n\n<p>H\u0259min payla\u015f\u0131m\u0131 t\u0259qdim edirik.\u00a0<\/p>\n\n\n\n<figure class=\"wp-block-embed is-type-rich is-provider-twitter wp-block-embed-twitter\"><div class=\"wp-block-embed__wrapper\">\n<a class=\"twitter-timeline\" data-width=\"715\" data-height=\"1000\" data-dnt=\"true\" href=\"https:\/\/twitter.com\/1VicePresident?ref_src=twsrc%5Etfw\">Tweets by 1VicePresident<\/a><script async src=\"https:\/\/platform.twitter.com\/widgets.js\" charset=\"utf-8\"><\/script>\n<\/div><\/figure>\n","protected":false},"excerpt":{"rendered":"<p>Birinci vitse-prezident Mehriban \u018fliyeva r\u0259smi instaqram s\u0259hif\u0259sind\u0259 Prezident \u0130lham \u018fliyevin Z\u0259ngilan rayonu, A\u011fal\u0131 k\u0259ndind\u0259 \u00e7\u0259kilmi\u015f maraql\u0131 fotosunu payla\u015f\u0131b.&nbsp; H\u0259min payla\u015f\u0131m\u0131 t\u0259qdim edirik.\u00a0<\/p>\n","protected":false},"author":2,"featured_media":51864,"comment_status":"closed","ping_status":"closed","sticky":false,"template":"","format":"standard","meta":{"footnotes":""},"categories":[4],"tags":[],"class_list":["post-51863","post","type-post","status-publish","format-standard","has-post-thumbnail","hentry","category-qarabag"],"aioseo_notices":[],"_links":{"self":[{"href":"https:\/\/fedai.az\/index.php?rest_route=\/wp\/v2\/posts\/51863","targetHints":{"allow":["GET"]}}],"collection":[{"href":"https:\/\/fedai.az\/index.php?rest_route=\/wp\/v2\/posts"}],"about":[{"href":"https:\/\/fedai.az\/index.php?rest_route=\/wp\/v2\/types\/post"}],"author":[{"embeddable":true,"href":"https:\/\/fedai.az\/index.php?rest_route=\/wp\/v2\/users\/2"}],"replies":[{"embeddable":true,"href":"https:\/\/fedai.az\/index.php?rest_route=%2Fwp%2Fv2%2Fcomments&post=51863"}],"version-history":[{"count":1,"href":"https:\/\/fedai.az\/index.php?rest_route=\/wp\/v2\/posts\/51863\/revisions"}],"predecessor-version":[{"id":51865,"href":"https:\/\/fedai.az\/index.php?rest_route=\/wp\/v2\/posts\/51863\/revisions\/51865"}],"wp:featuredmedia":[{"embeddable":true,"href":"https:\/\/fedai.az\/index.php?rest_route=\/wp\/v2\/media\/51864"}],"wp:attachment":[{"href":"https:\/\/fedai.az\/index.php?rest_route=%2Fwp%2Fv2%2Fmedia&parent=51863"}],"wp:term":[{"taxonomy":"category","embeddable":true,"href":"https:\/\/fedai.az\/index.php?rest_route=%2Fwp%2Fv2%2Fcategories&post=51863"},{"taxonomy":"post_tag","embeddable":true,"href":"https:\/\/fedai.az\/index.php?rest_route=%2Fwp%2Fv2%2Ftags&post=51863"}],"curies":[{"name":"wp","href":"https:\/\/api.w.org\/{rel}","templated":true}]}}